{"id":606360,"date":"2025-12-18T00:23:15","date_gmt":"2025-12-18T00:23:15","guid":{"rendered":"https:\/\/www.europesays.com\/fr\/606360\/"},"modified":"2025-12-18T00:23:15","modified_gmt":"2025-12-18T00:23:15","slug":"lassemblee-approuve-la-declaration-du-gouvernement-sur-la-lutte-contre-le-narcotrafic","status":"publish","type":"post","link":"https:\/\/www.europesays.com\/fr\/606360\/","title":{"rendered":"L\u2019Assembl\u00e9e approuve la d\u00e9claration du gouvernement sur la lutte contre le narcotrafic"},"content":{"rendered":"<p>AA \/ Istanbul \/ Serap Dogansoy<\/p>\n<p>L\u2019Assembl\u00e9e nationale a approuv\u00e9 ce mercredi la d\u00e9claration du gouvernement sur la lutte contre le narcotrafic et la criminalit\u00e9 organis\u00e9e, lors d\u2019un vote marqu\u00e9 par 394 voix pour, 61 contre et deux abstentions.<\/p>\n<p>Ce vote est intervenu \u00e0 l\u2019issue d\u2019un d\u00e9bat organis\u00e9 \u00e0 l\u2019initiative de l\u2019ex\u00e9cutif, dans le cadre de l\u2019article 50-1 de la Constitution, permettant au gouvernement de faire une d\u00e9claration suivie d\u2019un vote sans port\u00e9e contraignante. Le d\u00e9bat s\u2019inscrit dans une s\u00e9rie de discussions parlementaires th\u00e9matiques lanc\u00e9es parall\u00e8lement \u00e0 l\u2019examen du budget.<\/p>\n<p>Prenant la parole devant les d\u00e9put\u00e9s, le Premier ministre S\u00e9bastien Lecornu a qualifi\u00e9 le narcotrafic de \u00ab v\u00e9ritable d\u00e9fi de soci\u00e9t\u00e9 \u00bb, estimant qu\u2019il concerne l\u2019ensemble des services de l\u2019\u00c9tat et touche l\u2019ensemble de la population. Il a assur\u00e9 que l\u2019ex\u00e9cutif m\u00e8nerait une \u00ab mobilisation g\u00e9n\u00e9rale \u00bb contre les r\u00e9seaux criminels, excluant toute option de d\u00e9p\u00e9nalisation.<\/p>\n<p>Selon le chef du gouvernement, la consommation de drogues est en forte hausse, avec 3,7 millions de personnes ayant d\u00e9j\u00e0 consomm\u00e9 de la coca\u00efne en France. Le march\u00e9 de cette drogue aurait d\u00e9pass\u00e9 en valeur celui du cannabis, dont la consommation reste \u00e9lev\u00e9e avec environ 900 000 usagers quotidiens. Le trafic de stup\u00e9fiants est estim\u00e9 \u00e0 6,8 milliards d\u2019euros en 2025, contre environ 2 milliards en 2010, et concerne d\u00e9sormais l\u2019ensemble du territoire, y compris les zones rurales et les outre-mer.<\/p>\n<p>S\u00e9bastien Lecornu a \u00e9galement insist\u00e9 sur la dimension internationale du narcotrafic et sur la violence croissante des r\u00e9seaux, impliquant des trafiquants de plus en plus jeunes. Il a plaid\u00e9 pour un niveau d\u2019engagement comparable \u00e0 celui de la lutte antiterroriste, y compris sur le plan juridique.<\/p>\n<p>Le Premier ministre a rappel\u00e9 l\u2019adoption, le 13 juin 2025, d\u2019une loi renfor\u00e7ant l\u2019arsenal de lutte contre le narcotrafic, pr\u00e9cisant que plusieurs textes r\u00e9glementaires seraient pris dans les prochaines semaines pour en assurer l\u2019application compl\u00e8te. Il a par ailleurs annonc\u00e9 de nouvelles mesures l\u00e9gislatives au premier semestre 2026, notamment pour aligner certains r\u00e9gimes de peine et de lib\u00e9ration conditionnelle des narcotrafiquants sur ceux applicables aux faits de terrorisme, dans le cadre du futur projet de loi SURE.<\/p>\n<p>Le gouvernement pr\u00e9voit \u00e9galement un durcissement des sanctions \u00e0 l\u2019encontre des consommateurs, dans une logique de responsabilisation et de pr\u00e9vention. Cette orientation a \u00e9t\u00e9 confirm\u00e9e par le pr\u00e9sident Emmanuel Macron, en d\u00e9placement mardi \u00e0 Marseille, qui a annonc\u00e9 le rel\u00e8vement de l\u2019amende forfaitaire d\u00e9lictuelle pour usage de stup\u00e9fiants \u00e0 500 euros, contre 200 euros actuellement.<\/p>\n<p>Le chef de l\u2019\u00c9tat a \u00e9galement indiqu\u00e9 vouloir renforcer la coop\u00e9ration internationale afin de cibler les t\u00eates de r\u00e9seaux op\u00e9rant depuis l\u2019\u00e9tranger, notamment par la saisie de leurs avoirs et leur arrestation.<\/p>\n<p>Le d\u00e9bat parlementaire s\u2019est tenu un peu plus d\u2019un mois apr\u00e8s l\u2019assassinat, le 13 novembre \u00e0 Marseille, de Mehdi Kessaci, fr\u00e8re du militant \u00e9cologiste Amine Kessaci, un drame qui a raviv\u00e9 le d\u00e9bat public sur l\u2019ampleur du narcotrafic et de la violence associ\u00e9e.<\/p>\n<p>                            &#13;<br \/>\n                                <a href=\"https:\/\/www.aa.com.tr\/fr\/p\/abonnement\/1001\" target=\"_blank\" style=\"font-size:12px; color:#444; text-decoration:none;\" rel=\"noopener\">&#13;<br \/>\n                                    Seulement une partie des d\u00e9p\u00eaches, que l&rsquo;Agence Anadolu diffuse \u00e0 ses abonn\u00e9s via le Syst\u00e8me de Diffusion interne (HAS), est diffus\u00e9e sur le site de l&rsquo;AA, de mani\u00e8re r\u00e9sum\u00e9e. <b style=\"color:#1897F7\">Contactez-nous s&rsquo;il vous pla\u00eet pour vous abonner.<\/b>&#13;<br \/>\n                                <\/a>&#13;<\/p>\n","protected":false},"excerpt":{"rendered":"AA \/ Istanbul \/ Serap Dogansoy L\u2019Assembl\u00e9e nationale a approuv\u00e9 ce mercredi la d\u00e9claration du gouvernement sur la&hellip;\n","protected":false},"author":2,"featured_media":606361,"comment_status":"","ping_status":"","sticky":false,"template":"","format":"standard","meta":{"footnotes":""},"categories":[4],"tags":[11,1785,71780,416,1011,27,71781,66601,12,25],"class_list":{"0":"post-606360","1":"post","2":"type-post","3":"status-publish","4":"format-standard","5":"has-post-thumbnail","7":"category-france","8":"tag-actualites","9":"tag-anadolu-ajansi","10":"tag-approuv","11":"tag-assemblee-nationale","12":"tag-fr","13":"tag-france","14":"tag-la-lutte-contre-le-narcotrafic","15":"tag-mehdi-kessaci","16":"tag-news","17":"tag-republique-francaise"},"share_on_mastodon":{"url":"https:\/\/pubeurope.com\/@fr\/115737723124875340","error":""},"_links":{"self":[{"href":"https:\/\/www.europesays.com\/fr\/wp-json\/wp\/v2\/posts\/606360","targetHints":{"allow":["GET"]}}],"collection":[{"href":"https:\/\/www.europesays.com\/fr\/wp-json\/wp\/v2\/posts"}],"about":[{"href":"https:\/\/www.europesays.com\/fr\/wp-json\/wp\/v2\/types\/post"}],"author":[{"embeddable":true,"href":"https:\/\/www.europesays.com\/fr\/wp-json\/wp\/v2\/users\/2"}],"replies":[{"embeddable":true,"href":"https:\/\/www.europesays.com\/fr\/wp-json\/wp\/v2\/comments?post=606360"}],"version-history":[{"count":0,"href":"https:\/\/www.europesays.com\/fr\/wp-json\/wp\/v2\/posts\/606360\/revisions"}],"wp:featuredmedia":[{"embeddable":true,"href":"https:\/\/www.europesays.com\/fr\/wp-json\/wp\/v2\/media\/606361"}],"wp:attachment":[{"href":"https:\/\/www.europesays.com\/fr\/wp-json\/wp\/v2\/media?parent=606360"}],"wp:term":[{"taxonomy":"category","embeddable":true,"href":"https:\/\/www.europesays.com\/fr\/wp-json\/wp\/v2\/categories?post=606360"},{"taxonomy":"post_tag","embeddable":true,"href":"https:\/\/www.europesays.com\/fr\/wp-json\/wp\/v2\/tags?post=606360"}],"curies":[{"name":"wp","href":"https:\/\/api.w.org\/{rel}","templated":true}]}}