{"id":606362,"date":"2025-12-18T00:26:20","date_gmt":"2025-12-18T00:26:20","guid":{"rendered":"https:\/\/www.europesays.com\/fr\/606362\/"},"modified":"2025-12-18T00:26:20","modified_gmt":"2025-12-18T00:26:20","slug":"comment-valence-romans-est-devenu-aussi-fort-en-pro-d2","status":"publish","type":"post","link":"https:\/\/www.europesays.com\/fr\/606362\/","title":{"rendered":"comment Valence-Romans est devenu aussi fort en Pro D2"},"content":{"rendered":"<p>                    Par<br \/>\n        <strong><br \/>\n            <a href=\"https:\/\/actu.fr\/auteur\/clement-mazella\" title=\"Consulter tous les articles de Cl\u00e9ment Mazella\" target=\"_blank\" rel=\"noopener\">Cl\u00e9ment Mazella<\/a><br \/>\n                    <\/strong><\/p>\n<p>        Publi\u00e9 le<\/p>\n<p>            17 d\u00e9c. 2025 \u00e0 10h58        <\/p>\n<p>\u00ab\u00a0Quoi qu\u2019il se passe, la dinde de No\u00ebl passera bien mieux cette ann\u00e9e. Je me souviens de l\u2019\u00e9tat dans lequel j\u2019\u00e9tais l\u2019an pass\u00e9 au m\u00eame moment\u2026\u00a0\u00bb. <strong>Fabien Fortassin<\/strong> n\u2019oublie pas o\u00f9 se situait <a href=\"https:\/\/actu.fr\/tag\/valence-romans-drome-rugby\" target=\"_blank\" rel=\"noopener\">Valence-Romans<\/a> il y a pile un an : 15e de Pro D2 et une situation sportive d\u00e9licate. Au prix de performances d\u2019envergure, le club dr\u00f4mois a par la suite arrach\u00e9 le maintien \u00e0 deux journ\u00e9es de la fin. Cette ann\u00e9e, la m\u00e9tamorphose de cette \u00e9quipe est bluffante : avant le d\u00e9placement \u00e0 Colomiers vendredi 19 d\u00e9cembre (19h), le VRDR pointe au <a href=\"https:\/\/actu.fr\/rugby\/classements-resultats\" target=\"_blank\" rel=\"noopener\">2e rang du classement<\/a>. \u00ab\u00a0Nous sommes tr\u00e8s satisfaits de notre premi\u00e8re partie de saison\u00a0\u00bb, savoure aupr\u00e8s d\u2019<a href=\"https:\/\/actu.fr\/rugby\/\" target=\"_blank\" rel=\"noopener\">Actu Rugby<\/a> le manager de Valence-Romans. \u00ab\u00a0Et Colomiers, \u00e7a peut \u00eatre la vraie cerise sur le g\u00e2teau\u00a0\u00bb. Un g\u00e2teau dont il nous a livr\u00e9s <strong>la recette<\/strong> pour expliquer <strong>comment le VRDR est devenu aussi fort cette saison<\/strong>.<\/p>\n<p>Valence-Romans est aujourd\u2019hui r\u00e9gulier<\/p>\n<p class=\" wall-content\">La premi\u00e8re explication \u00e0 cette phase aller de haut vol, elle r\u00e9side dans <strong>la r\u00e9gularit\u00e9 des performances<\/strong>. Depuis sa mont\u00e9e en Pro D2, le VRDR a sign\u00e9 des exploits, mais par \u00e0-coups. Fabien Fortassin se souvient notamment de \u00ab\u00a0ce 55-0 contre <a href=\"https:\/\/actu.fr\/tag\/biarritz-olympique\" target=\"_blank\" rel=\"noopener\">Biarritz<\/a>. L\u2019an pass\u00e9, il y a eu un 63-7 contre Provence Rugby, un 69-21 \u00e0 Nevers\u00a0\u00bb.<\/p>\n<p class=\" wall-content\">L\u00e0, la donne a totalement chang\u00e9. \u00ab\u00a0Nous sommes beaucoup plus r\u00e9guliers, avec aussi bien des performances \u00e0 domicile qu\u2019\u00e0 l\u2019ext\u00e9rieur\u00a0\u00bb. Et cette r\u00e9gularit\u00e9, le manager du VRDR l\u2019explique \u00ab\u00a0par un travail dans la continuit\u00e9, un groupe qui se conna\u00eet de mieux en mieux, une alchimie entre les joueurs et le staff, l\u2019exp\u00e9rience des \u00e9checs du pass\u00e9 et du championnat\u00a0\u00bb.<\/p>\n<p class=\" wall-content\">\u00ab\u00a0Aujourd\u2019hui, j\u2019ai la sensation que le groupe exploite le maximum de son potentiel \u00e0 quasiment chaque match\u00a0\u00bb, dit, satisfait, Fabien Fortassin, arriv\u00e9 dans le club de la Dr\u00f4me \u00e0 l\u2019\u00e9t\u00e9 2023 en provenance de Tarbes.<\/p>\n<p>Un recrutement qui a fait mouche<\/p>\n<p class=\" wall-content\">Le travail dans la continuit\u00e9, il est symbolis\u00e9 au sein de l\u2019effectif par l\u2019\u00e9pine dorsale, ce fameux axe 2-8-9-10-15 qui n\u2019a pas boug\u00e9 \u00e0 l\u2019intersaison. Et <strong>le recrutement effectu\u00e9, lui, s\u2019avoue un formidable succ\u00e8s<\/strong>.<\/p>\n<p class=\" wall-content\">\u00ab\u00a0Nous visions un gros num\u00e9ro 5, capable d\u2019\u00eatre le papa devant et fort sur les ballons port\u00e9s offensifs et d\u00e9fensifs. L\u00e0-dessus, nous avons fait une tr\u00e8s bonne pioche avec <strong>Hugo Fabr\u00e8gue<\/strong>, qui conna\u00eet la Pro D2 par c\u0153ur. Il nous fait un d\u00e9but de saison exceptionnel. <strong>Louis Suaud<\/strong>, qui arrive de Nice, nous a aussi fait un bien fou. <strong>Sacha Idoumi<\/strong>, via sa g\u00e9n\u00e9rosit\u00e9, est une bonne pioche\u00a0\u00bb, savoure Fabien Fortassin.<\/p>\n<p class=\" wall-content\">Et ce dernier tient aussi \u00e0 mettre en lumi\u00e8re l\u2019arriv\u00e9e de l\u2019ancien talonneur <strong>Romain Terrain<\/strong>. \u00ab\u00a0Il a redynamis\u00e9 notre paquet d\u2019avants, il a amen\u00e9 une plus-value sur la m\u00eal\u00e9e, mais aussi la rigueur et l\u2019hygi\u00e8ne de vie. Son apport a chang\u00e9 pas mal de choses\u00a0\u00bb.<\/p>\n<p>Votre r\u00e9gion, votre actu !<\/p>\n<p>Recevez chaque jour les infos qui comptent pour vous.<\/p>\n<p>\t<a href=\"https:\/\/actu.fr\/newsletter\" class=\"ac-btn ac-btn--corner ac-btn--medium ac-btn--blue800\" target=\"_blank\" rel=\"noopener\">S&rsquo;incrire<\/a><br \/>\nUn jeu s\u00e9duisant<\/p>\n<p class=\" wall-content\">S\u2019il faut reconna\u00eetre une chose \u00e0 Valence-Romans, c\u2019est <strong>la qualit\u00e9 du jeu pratiqu\u00e9<\/strong>. Pour beaucoup d\u2019observateurs, c\u2019est l\u2019une des \u00e9quipes les plus s\u00e9duisantes \u00e0 voir en Pro D2. \u00ab\u00a0C\u2019est une chose que j\u2019ai toujours voulu mettre en place. J\u2019ai toujours eu de l\u2019app\u00e9tence pour le jeu offensif, le jeu de passes\u00a0\u00bb, nous dit l\u2019ancien ouvreur pass\u00e9 par La Rochelle ou le Racing 92.<\/p>\n<p class=\" wall-content\">\u00ab\u00a0Nous avons le d\u00e9sir de ne pas avoir peur de tenter et faire des erreurs. J\u2019ai des joueurs pour mettre ce rugby en place. Nous essayons de joindre l\u2019esth\u00e9tisme \u00e0 l\u2019efficacit\u00e9. Pour l\u2019instant, on s\u2019y retrouve. [\u2026] Il y a aussi de plus en plus de terrains synth\u00e9tiques, un arbitrage qui favorise le jeu offensif, et j\u2019ai la sensation que pour r\u00e9ussir, il faut entreprendre et attaquer\u00a0\u00bb. Ce que le VRDR fait plut\u00f4t pas mal cette saison\u2026<\/p>\n<p>Une \u00e9norme progression dans la gestion mentale<\/p>\n<p class=\" wall-content\">Fabien Fortassin l\u2019avoue en toute honn\u00eatet\u00e9 : il ne s\u2019attendait pas \u00e0 voir son \u00e9quipe deuxi\u00e8me apr\u00e8s 14 journ\u00e9es de Pro D2. \u00ab\u00a0Mais je sais que nous avons un \u00e9norme potentiel. En termes de valeur absolue, nous sommes capables de tr\u00e8s belles choses\u00a0\u00bb.\u00a0<\/p>\n<p class=\" wall-content\">Mais sa plus grosse surprise, c\u2019est \u00ab\u00a0la maturit\u00e9\u00a0\u00bb affich\u00e9e par son \u00e9quipe en cette premi\u00e8re partie de saison. \u00ab\u00a0Je suis ravi par <strong>la gestion de certains matchs<\/strong> avec des money time tendus o\u00f9 nous avons fait preuve de s\u00e9r\u00e9nit\u00e9 alors que nous aurions pu nous effondrer. Il y a eu <strong>une \u00e9norme progression dans la gestion mentale<\/strong> de mes joueurs\u00a0\u00bb.<\/p>\n<p>    <img   decoding=\"async\" loading=\"lazy\" src=\"https:\/\/www.europesays.com\/fr\/wp-content\/uploads\/2025\/12\/valence-romans-victoire-rugby-pro-d2-960x640.jpg\" alt=\"En battant Agen, Valence-Romans a d\u00e9croch\u00e9 sa premi\u00e8re victoire de la saison lors de la 5e journ\u00e9e de Pro D2.\" width=\"960\" height=\"640\"\/><br \/>\n    Valence-Romans l\u2019avoue : apr\u00e8s un tel d\u00e9but de saison, il vise d\u00e9sormais une place en phase finale. (\u00a9Icon Sport )R\u00eaver au Top 6<\/p>\n<p class=\" wall-content\">Avec 11 victoires en 14 matchs, le bilan est presque parfait. Alors oui, il y a eu 3 d\u00e9faites qui sont autant de claques (Brive, Oyonnax et Vannes). Elles s\u2019expliquent par une strat\u00e9gie du staff, qui a g\u00e9r\u00e9 son effectif et align\u00e9 des compositions mixtes ou tr\u00e8s remani\u00e9es.<\/p>\n<p class=\" wall-content\">Du c\u00f4t\u00e9 de Valence-Romans, on reconna\u00eet que l\u2019objectif de d\u00e9but de saison \u00e9tait \u00ab\u00a0d\u2019obtenir le meilleur classement de l\u2019histoire du club. Chaque ann\u00e9e, c\u2019est ce que j\u2019esp\u00e8re. Et nous y parvenons\u00a0\u00bb, souligne Fortassin.<\/p>\n<p class=\" wall-content\">Mais va-t-il changer cet objectif vu le parcours actuel ? \u00ab\u00a0L\u00e0, en \u00e9tant deuxi\u00e8me, l\u2019objectif est clair : c\u2019est de se qualifier pour la phase finale de Pro D2\u00a0\u00bb, l\u00e2che-t-il. La concurrence est pr\u00e9venue.\u00a0<\/p>\n<p class=\" wall-content\">Personnalisez votre actualit\u00e9 en ajoutant vos villes et m\u00e9dias en favori avec <a href=\"https:\/\/moncompte.actu.fr\" title=\"D\u00e9couvez Mon Actu\" rel=\"nofollow noopener\" data-trk=\"{&quot;cta&quot;:{&quot;action&quot;:&quot;https:\\\/\\\/moncompte.actu.fr&quot;,&quot;category&quot;:&quot;mon compte&quot;,&quot;from&quot;:&quot;article footer&quot;,&quot;name&quot;:&quot;Mon actu&quot;,&quot;type&quot;:&quot;cta&quot;}}\" target=\"_blank\">Mon Actu<\/a>.<\/p>\n","protected":false},"excerpt":{"rendered":"Par Cl\u00e9ment Mazella Publi\u00e9 le 17 d\u00e9c. 2025 \u00e0 10h58 \u00ab\u00a0Quoi qu\u2019il se passe, la dinde de No\u00ebl&hellip;\n","protected":false},"author":2,"featured_media":606363,"comment_status":"","ping_status":"","sticky":false,"template":"","format":"standard","meta":{"footnotes":""},"categories":[1416],"tags":[1011,27,2308,479,1468,60,71782],"class_list":{"0":"post-606362","1":"post","2":"type-post","3":"status-publish","4":"format-standard","5":"has-post-thumbnail","7":"category-rugby","8":"tag-fr","9":"tag-france","10":"tag-pro-d2","11":"tag-rugby","12":"tag-rugby-football","13":"tag-sports","14":"tag-valence-romans-drome-rugby"},"share_on_mastodon":{"url":"https:\/\/pubeurope.com\/@fr\/115737735735726475","error":""},"_links":{"self":[{"href":"https:\/\/www.europesays.com\/fr\/wp-json\/wp\/v2\/posts\/606362","targetHints":{"allow":["GET"]}}],"collection":[{"href":"https:\/\/www.europesays.com\/fr\/wp-json\/wp\/v2\/posts"}],"about":[{"href":"https:\/\/www.europesays.com\/fr\/wp-json\/wp\/v2\/types\/post"}],"author":[{"embeddable":true,"href":"https:\/\/www.europesays.com\/fr\/wp-json\/wp\/v2\/users\/2"}],"replies":[{"embeddable":true,"href":"https:\/\/www.europesays.com\/fr\/wp-json\/wp\/v2\/comments?post=606362"}],"version-history":[{"count":0,"href":"https:\/\/www.europesays.com\/fr\/wp-json\/wp\/v2\/posts\/606362\/revisions"}],"wp:featuredmedia":[{"embeddable":true,"href":"https:\/\/www.europesays.com\/fr\/wp-json\/wp\/v2\/media\/606363"}],"wp:attachment":[{"href":"https:\/\/www.europesays.com\/fr\/wp-json\/wp\/v2\/media?parent=606362"}],"wp:term":[{"taxonomy":"category","embeddable":true,"href":"https:\/\/www.europesays.com\/fr\/wp-json\/wp\/v2\/categories?post=606362"},{"taxonomy":"post_tag","embeddable":true,"href":"https:\/\/www.europesays.com\/fr\/wp-json\/wp\/v2\/tags?post=606362"}],"curies":[{"name":"wp","href":"https:\/\/api.w.org\/{rel}","templated":true}]}}