{"id":606370,"date":"2025-12-18T00:33:12","date_gmt":"2025-12-18T00:33:12","guid":{"rendered":"https:\/\/www.europesays.com\/fr\/606370\/"},"modified":"2025-12-18T00:33:12","modified_gmt":"2025-12-18T00:33:12","slug":"malmenee-manon-aubry-implose-apres-une-manifestation","status":"publish","type":"post","link":"https:\/\/www.europesays.com\/fr\/606370\/","title":{"rendered":"Malmen\u00e9e, Manon Aubry implose apr\u00e8s une manifestation"},"content":{"rendered":"<p>Par <a class=\"author_recette\" id=\"author_name\" href=\"https:\/\/www.nextplz.fr\/auteur\/noelle-binet\" target=\"_blank\" rel=\"noopener\">No\u00eblle<br \/>\nBinet<\/a> &#8211;<br \/>\nPubli\u00e9 le 17 D\u00e9c 2025 \u00e0<br \/>\n20:30<\/p>\n<p class=\"article-intro excerpt\">En France, l\u2019eurod\u00e9put\u00e9e LFI Manon<br \/>\nAubry a bien conscience qu\u2019elle ne fait pas toujours l\u2019unanimit\u00e9<br \/>\navec ses id\u00e9es\u2026 Mais hors de question pour la politicienne de se<br \/>\nlaisser marcher sur les pieds, qui en a d\u2019ailleurs pris pour son<br \/>\ngrade lors d\u2019une manifestation !<\/p>\n<p>Ces derni\u00e8res semaines, la d\u00e9put\u00e9e LFI Manon Aubry a multipli\u00e9<br \/>\nles apparitions dans les m\u00e9dias pour \u00e9voquer le budget de la<br \/>\nS\u00e9curit\u00e9 sociale, pr\u00e9vu d\u00a0\u00bb\u00eatre adopt\u00e9 avant la fin d&rsquo;ann\u00e9e 2025.<br \/>\nAyant toujours publiquement d\u00e9fendu des id\u00e9es de gauche, la<br \/>\npoliticienne de 35 ans sait que son franc-parler ne fait toujours<br \/>\nl&rsquo;unanimit\u00e9.<\/p>\n<p>Manon Aubry : TotalEnergies dans son viseur, une manifestation<br \/>\ntourne au vinaigre<\/p>\n<p>Chaque ann\u00e9e, Manon Aubry, qui n&rsquo;a aucun lien <a href=\"https:\/\/www.nextplz.fr\/people\/449199-manon-aubry-quel-est-son-lien-de-parente-avec-martine-aubry\" target=\"_blank\" rel=\"noopener\"><br \/>\nde parent\u00e9 avec Martine Aubry<\/a>, est constamment en premi\u00e8re<br \/>\nligne lors des manifestations pour d\u00e9noncer les in\u00e9galit\u00e9s. Les<br \/>\nvaleurs de La France insoumise concordent avec les siennes, raison<br \/>\npour laquelle elle a rapidement rejoint les rangs de Jean-Luc<br \/>\nM\u00e9lenchon il y a plus de cinq ans. En pleine crise agricole,<br \/>\nl&rsquo;int\u00e9ress\u00e9e a plusieurs fois \u00e9cum\u00e9 les plateaux de t\u00e9l\u00e9 pour<br \/>\nd\u00e9fendre \u00e0 son \u00e9chelle les droits des agriculteurs. Mais le 26 mai<br \/>\n2023, avec d&rsquo;autres manifestants mass\u00e9s \u00e0 l&rsquo;ext\u00e9rieur, Manon Aubry<br \/>\navait fait parler d&rsquo;elle en se rendant \u00e0 l&rsquo;assembl\u00e9e g\u00e9n\u00e9rale des<br \/>\nactionnaires de TotalEnergies&#8230; Mais rien ne s&rsquo;est d\u00e9roul\u00e9 comme<br \/>\npr\u00e9vu.<\/p>\n<p>\u00ab\u00a0Vous \u00eates pay\u00e9e \u00e0 ne rien<br \/>\nfaire\u00a0\u00bb<\/p>\n<p>Sous la pression des militants du climat, les actionnaires n&rsquo;en<br \/>\nmenaient pas large ! Toutefois, un homme n&rsquo;a pas h\u00e9sit\u00e9 \u00e0 \u00e9triller<br \/>\nManon Aubry en pleine manifestation : \u00ab\u00a0Vous \u00eates pay\u00e9e \u00e0 ne<br \/>\nrien faire\u00a0\u00bb. Ce \u00e0 quoi la femme politique avait r\u00e9pliqu\u00e9 sans<br \/>\nciller : \u00ab\u00a0J&rsquo;ai un mandat !\u00a0\u00bb. Pas de quoi impressionner son<br \/>\ninterlocuteur qui lui a alors r\u00e9pliqu\u00e9 : \u00ab\u00a0Vous \u00eates les d\u00e9put\u00e9s<br \/>\neurop\u00e9ens, vous \u00eates de la merde\u00a0\u00bb. \u00c0 l&rsquo;\u00e9poque, les images<br \/>\ndevinrent rapidement virales. Sur X, ancienne Twitter, Manon Aubry<br \/>\navait naturellement fait part de son immense col\u00e8re.<\/p>\n<blockquote class=\"twitter-tweet\" data-width=\"500\" data-dnt=\"true\">\n<p lang=\"fr\" dir=\"ltr\">Apr\u00e8s avoir \u00e9t\u00e9 trait\u00e9e de \u00ab\u00a0parasite\u00a0\u00bb par un<br \/>\nactionnaire de Total un autre me hurle dessus \u00ab\u00a0vous \u00eates de la<br \/>\nmerde\u00a0\u00bb.<\/p>\n<p>Ces actionnaires sont \u00e0 l&rsquo;image de leur entreprise qui ne vit<br \/>\nque pour le profit &amp; m\u00e9prise tout le reste, pi\u00e9tinant la Plan\u00e8te &amp;<br \/>\nles droits humains.<a href=\"https:\/\/twitter.com\/hashtag\/BlocageTotal?src=hash&amp;ref_src=twsrc%5Etfw\" target=\"_blank\" rel=\"noopener\">#BlocageTotal<\/a> <a href=\"https:\/\/t.co\/21eXv4HRp2\" target=\"_blank\">pic.twitter.com\/21eXv4HRp2<\/a><\/p>\n<p>\u2014 Manon Aubry (@ManonAubryFr) <a href=\"https:\/\/twitter.com\/ManonAubryFr\/status\/1662019360276336640?ref_src=twsrc%5Etfw\" target=\"_blank\" rel=\"noopener\">May 26, 2023<\/a><\/p><\/blockquote>\n<p>Sur X, anciennement Twitter, la d\u00e9put\u00e9e europ\u00e9enne vide son<br \/>\nsac<\/p>\n<p>\u00ab\u00a0Apr\u00e8s avoir \u00e9t\u00e9 trait\u00e9e de &lsquo;parasite&rsquo; par un actionnaire de<br \/>\nTotal un autre me hurle dessus &lsquo;Vous \u00eates de la merde&rsquo;. Ces<br \/>\nactionnaires sont \u00e0 l&rsquo;image de leur entreprise qui ne vit que pour<br \/>\nle profit &amp; m\u00e9prise tout le reste, pi\u00e9tinant la Plan\u00e8te &amp; les<br \/>\ndroits humains\u00a0\u00bb, avait regrett\u00e9 la trentenaire au travers de<br \/>\nson clavier et d&rsquo;ajouter dans un autre post publi\u00e9 dans la foul\u00e9e :<br \/>\n\u00ab\u00a0Vous \u00eates des parasites !&rsquo; Voil\u00e0 ce qu\u2019un actionnaire me<br \/>\nr\u00e9pond lorsque je lui demande pourquoi Total fait tout pour bloquer<br \/>\nla directive sur le devoir de vigilance des multinationales. Quand<br \/>\nil s&rsquo;agit de faire du lobbying, le Parlement europ\u00e9en leur parait<br \/>\npourtant bien utile\u00a0\u00bb. Une publication choc qui avait suscit\u00e9<br \/>\nde vives r\u00e9actions.<\/p>\n<blockquote class=\"twitter-tweet\" data-width=\"500\" data-dnt=\"true\">\n<p lang=\"fr\" dir=\"ltr\">\ud83d\udd34\u00a0\u00bbVous \u00eates des parasites !\u00a0\u00bb<\/p>\n<p>Voil\u00e0 ce qu\u2019un actionnaire me r\u00e9pond lorsque je lui demande<br \/>\npourquoi Total fait tout pour bloquer la directive sur le devoir de<br \/>\nvigilance des multinationales !<\/p>\n<p>Quand il s&rsquo;agit de faire du lobbying, le Parlement \ud83c\uddea\ud83c\uddfa leur<br \/>\nparait pourtant bien utile\ud83d\ude09 <a href=\"https:\/\/t.co\/ZwyLve7V3j\" target=\"_blank\">pic.twitter.com\/ZwyLve7V3j<\/a><\/p>\n<p>\u2014 Manon Aubry (@ManonAubryFr) <a href=\"https:\/\/twitter.com\/ManonAubryFr\/status\/1661998664124968960?ref_src=twsrc%5Etfw\" target=\"_blank\" rel=\"noopener\">May 26, 2023<\/a><\/p><\/blockquote>\n<p>En pleine pol\u00e9mique, TotalEnergies brise le silence \u00e0 son tour<\/p>\n<p>En pleine temp\u00eate m\u00e9diatique comme l&rsquo;avait rapport\u00e9 la<br \/>\nD\u00e9p\u00eache, TotalEnergies a alors appel\u00e9 \u00ab\u00a0au calme\u00a0\u00bb<br \/>\ntout en condamnant \u00ab\u00a0toute forme de violence, verbale ou<br \/>\nphysique\u00a0\u00bb. \u00ab\u00a0Nous encourageons l&rsquo;\u00e9change dans le respect<br \/>\nmutuel\u00a0\u00bb, avait pr\u00e9cis\u00e9 le groupe pour tenter d&rsquo;apaiser les<br \/>\nchoses. Toujours selon nos confr\u00e8res, l&#8217;embl\u00e9matique fournisseur<br \/>\nd&rsquo;\u00e9nergie\u00a0avait ouvert son assembl\u00e9e g\u00e9n\u00e9rale annuelle des<br \/>\nactionnaires dans la matin\u00e9e de cette journ\u00e9e marqu\u00e9e par quelques<br \/>\nheurts. Un \u00e9v\u00e9nement qui s&rsquo;\u00e9tait orchestr\u00e9 dans une salle de<br \/>\nconcert parisienne privatis\u00e9e, et prot\u00e9g\u00e9e par les forces de<br \/>\nl&rsquo;ordre et vigiles. D\u00e9termin\u00e9s \u00e0 se faire entendre quant \u00e0 la<br \/>\npollution et l&rsquo;optimisation fiscale, des manifestants \u00e9colos<br \/>\navaient \u00e9t\u00e9 d\u00e9log\u00e9s avant de recevoir dans la foul\u00e9e du gaz<br \/>\nlacrymog\u00e8ne.<\/p>\n<p><script async src=\"https:\/\/platform.twitter.com\/widgets.js\" charset=\"utf-8\"><\/script><\/p>\n","protected":false},"excerpt":{"rendered":"Par No\u00eblle Binet &#8211; Publi\u00e9 le 17 D\u00e9c 2025 \u00e0 20:30 En France, l\u2019eurod\u00e9put\u00e9e LFI Manon Aubry a&hellip;\n","protected":false},"author":2,"featured_media":606371,"comment_status":"","ping_status":"","sticky":false,"template":"","format":"standard","meta":{"footnotes":""},"categories":[1359],"tags":[58,59,1011,27,973,65861],"class_list":{"0":"post-606370","1":"post","2":"type-post","3":"status-publish","4":"format-standard","5":"has-post-thumbnail","7":"category-people","8":"tag-divertissement","9":"tag-entertainment","10":"tag-fr","11":"tag-france","12":"tag-people","13":"tag-trend"},"share_on_mastodon":{"url":"https:\/\/pubeurope.com\/@fr\/115737762488696230","error":""},"_links":{"self":[{"href":"https:\/\/www.europesays.com\/fr\/wp-json\/wp\/v2\/posts\/606370","targetHints":{"allow":["GET"]}}],"collection":[{"href":"https:\/\/www.europesays.com\/fr\/wp-json\/wp\/v2\/posts"}],"about":[{"href":"https:\/\/www.europesays.com\/fr\/wp-json\/wp\/v2\/types\/post"}],"author":[{"embeddable":true,"href":"https:\/\/www.europesays.com\/fr\/wp-json\/wp\/v2\/users\/2"}],"replies":[{"embeddable":true,"href":"https:\/\/www.europesays.com\/fr\/wp-json\/wp\/v2\/comments?post=606370"}],"version-history":[{"count":0,"href":"https:\/\/www.europesays.com\/fr\/wp-json\/wp\/v2\/posts\/606370\/revisions"}],"wp:featuredmedia":[{"embeddable":true,"href":"https:\/\/www.europesays.com\/fr\/wp-json\/wp\/v2\/media\/606371"}],"wp:attachment":[{"href":"https:\/\/www.europesays.com\/fr\/wp-json\/wp\/v2\/media?parent=606370"}],"wp:term":[{"taxonomy":"category","embeddable":true,"href":"https:\/\/www.europesays.com\/fr\/wp-json\/wp\/v2\/categories?post=606370"},{"taxonomy":"post_tag","embeddable":true,"href":"https:\/\/www.europesays.com\/fr\/wp-json\/wp\/v2\/tags?post=606370"}],"curies":[{"name":"wp","href":"https:\/\/api.w.org\/{rel}","templated":true}]}}