{"id":606374,"date":"2025-12-18T00:36:29","date_gmt":"2025-12-18T00:36:29","guid":{"rendered":"https:\/\/www.europesays.com\/fr\/606374\/"},"modified":"2025-12-18T00:36:29","modified_gmt":"2025-12-18T00:36:29","slug":"star-academy-artistes-duos-et-chansons-du-10eme-prime-du-20-decembre","status":"publish","type":"post","link":"https:\/\/www.europesays.com\/fr\/606374\/","title":{"rendered":"Star Academy : artistes, duos et chansons du 10\u00e8me prime du 20 d\u00e9cembre"},"content":{"rendered":"<p>\n<br \/>Publicit\u00e9<\/p>\n<p><strong>Star Academy 2025, liste des duos et chansons du 10\u00e8me prime du samedi 20 d\u00e9cembre 2025 \u2013<\/strong> C\u2019est samedi qu\u2019aura lieu le 10\u00e8me prime en direct de la <a href=\"https:\/\/www.stars-actu.fr\/tag\/star-academy\/\" target=\"_blank\" rel=\"noopener\">Star Academy<\/a>. Alors qu\u2019un nouvel \u00e9l\u00e8ve sera \u00e9limin\u00e9 ce soir l\u00e0, il s\u2019agit d\u2019un prime sp\u00e9cial face \u00e0 face et les \u00e9l\u00e8ves auront la chance de performer avec <strong>Louane, Craig David, Santa et L\u00e9man<\/strong>.<\/p>\n<p>Si vous voulez savoir qui va chanter avec qui samedi soir, on vous dit tout ce qui a \u00e9t\u00e9 annonc\u00e9 \u00e0 l\u2019heure actuelle. La liste peut encore \u00eatre modifi\u00e9e.<\/p>\n<p><img fetchpriority=\"high\" decoding=\"async\" src=\"data:image\/svg+xml,%3Csvg%20xmlns=\" http:=\"\" alt=\"Star Academy : artistes, duos et chansons du 10\u00e8me prime du 20 d\u00e9cembre\" width=\"1200\" height=\"671\" class=\"size-full wp-image-184063\" data-lazy- data-lazy- data-lazy-src=\"https:\/\/www.europesays.com\/fr\/wp-content\/uploads\/2025\/11\/staracademy2025-prime1-2.jpg\"\/>Capture TF1<\/p>\n<p>\n<br \/>Publicit\u00e9<\/p>\n<p>Star Academy 2025, la liste des chansons du prime 10 du 20 d\u00e9cembre<\/p>\n<p><strong>Les duos avec les artistes<\/strong><br \/>Craig David avec Sarah et M\u00e9lissa sur un medley<br \/>Santa avec L\u00e9a et Bastiaan sur \u00ab\u00a0Vivre pour le meilleur\u00a0\u00bb<br \/>Leman avec Victor et Th\u00e9o sur \u00ab\u00a0Les \u00e9toiles\u00a0\u00bb<br \/>Louane avec Ambre et Jeanne sur un medley<\/p>\n<p><strong>Les grands moments du prime<\/strong><br \/>L\u2019ouverture du prime : conte de No\u00ebl<br \/>La carte blanche : Anouk<br \/>Le medley de No\u00ebl (tous ensemble)<br \/>La battle des nomm\u00e9s sur \u00ab\u00a0Je n\u2019aurai pas le temps\u00a0\u00bb de Michel Fugain<\/p>\n<p>\n<br \/>Publicit\u00e9<\/p>\n<p><strong>Les chansons des duels<\/strong><br \/>L\u00e9a et Bastiaan \u00ab\u00a0If I Ain\u2019t Got You\u00a0\u00bb d\u2019Alicia Keys<br \/>Sarah et M\u00e9lissa \u00ab\u00a0La foule\u00a0\u00bb d\u2019\u00c9dith Piaf<br \/>Th\u00e9o et Victor \u00ab\u00a0Don\u2019t Let the Sun Go Down on Me\u00a0\u00bb d\u2019Elton John<br \/>Jeanne et Ambre \u2013 \u00ab\u00a0I Love Rock \u2019n Roll\u00a0\u00bb de Joan Jett &amp; The Blackhearts<\/p>\n<p><strong>A LIRE AUSSI :<\/strong> <a href=\"https:\/\/www.stars-actu.fr\/2025\/12\/star-academy-qui-voulez-vous-sauver-dans-chaque-duel-sondage\/\" target=\"_blank\" rel=\"noopener\">Star Academy : qui voulez-vous sauver dans chaque duel ? (SONDAGE)<\/a><\/p>\n<p>Rendez-vous demain \u00e0 17h30 sur TF1 pour suivre la quotidienne. Et toutes les vid\u00e9os et le flux live sont \u00e0 retrouver <a href=\"https:\/\/www.tf1.fr\/tf1\/star-academy\" target=\"_blank\" rel=\"noopener\">sur TF1+<\/a>.<\/p>\n","protected":false},"excerpt":{"rendered":"Publicit\u00e9 Star Academy 2025, liste des duos et chansons du 10\u00e8me prime du samedi 20 d\u00e9cembre 2025 \u2013&hellip;\n","protected":false},"author":2,"featured_media":561604,"comment_status":"","ping_status":"","sticky":false,"template":"","format":"standard","meta":{"footnotes":""},"categories":[1356],"tags":[58,59,1011,27,5095,67823,252,1364],"class_list":{"0":"post-606374","1":"post","2":"type-post","3":"status-publish","4":"format-standard","5":"has-post-thumbnail","7":"category-television","8":"tag-divertissement","9":"tag-entertainment","10":"tag-fr","11":"tag-france","12":"tag-star-academy","13":"tag-staracademylelive","14":"tag-television","15":"tag-tv"},"share_on_mastodon":{"url":"https:\/\/pubeurope.com\/@fr\/115737774316349336","error":""},"_links":{"self":[{"href":"https:\/\/www.europesays.com\/fr\/wp-json\/wp\/v2\/posts\/606374","targetHints":{"allow":["GET"]}}],"collection":[{"href":"https:\/\/www.europesays.com\/fr\/wp-json\/wp\/v2\/posts"}],"about":[{"href":"https:\/\/www.europesays.com\/fr\/wp-json\/wp\/v2\/types\/post"}],"author":[{"embeddable":true,"href":"https:\/\/www.europesays.com\/fr\/wp-json\/wp\/v2\/users\/2"}],"replies":[{"embeddable":true,"href":"https:\/\/www.europesays.com\/fr\/wp-json\/wp\/v2\/comments?post=606374"}],"version-history":[{"count":0,"href":"https:\/\/www.europesays.com\/fr\/wp-json\/wp\/v2\/posts\/606374\/revisions"}],"wp:featuredmedia":[{"embeddable":true,"href":"https:\/\/www.europesays.com\/fr\/wp-json\/wp\/v2\/media\/561604"}],"wp:attachment":[{"href":"https:\/\/www.europesays.com\/fr\/wp-json\/wp\/v2\/media?parent=606374"}],"wp:term":[{"taxonomy":"category","embeddable":true,"href":"https:\/\/www.europesays.com\/fr\/wp-json\/wp\/v2\/categories?post=606374"},{"taxonomy":"post_tag","embeddable":true,"href":"https:\/\/www.europesays.com\/fr\/wp-json\/wp\/v2\/tags?post=606374"}],"curies":[{"name":"wp","href":"https:\/\/api.w.org\/{rel}","templated":true}]}}