{"id":60638,"date":"2025-04-29T01:31:11","date_gmt":"2025-04-29T01:31:11","guid":{"rendered":"https:\/\/www.europesays.com\/fr\/60638\/"},"modified":"2025-04-29T01:31:11","modified_gmt":"2025-04-29T01:31:11","slug":"quel-laureat-pour-le-1er-prix-litteraire-de-la-rade","status":"publish","type":"post","link":"https:\/\/www.europesays.com\/fr\/60638\/","title":{"rendered":"Quel laur\u00e9at pour le 1er prix litt\u00e9raire de la rade"},"content":{"rendered":"<p>Le club de lecture Clairementlivre a remis jeudi le premier prix litt\u00e9raire de la rade 2025. Ce prix a \u00e9t\u00e9 lanc\u00e9 \u00e0 l\u2019initiative de Claire Perbal Labalette, agent litt\u00e9raire et avant tout \u00ab\u00a0propulseuse de talents\u00a0\u00bb. L\u2019\u00e9v\u00e9nement a eu lieu au mus\u00e9e Jean-Aicard &#8211; Paulin-Bertrand \u00e0 La Garde, o\u00f9 une librairie \u00e9ph\u00e9m\u00e8re \u00e9tait install\u00e9e pour permettre de rencontrer les auteurs et faire d\u00e9dicacer leurs ouvrages.<\/p>\n<p>\u00ab\u00a0Cette id\u00e9e de mettre en avant des auteurs locaux m\u2019est venue il y a quelques ann\u00e9es, explique Claire Perbal Labalette. J\u2019ai donc d\u00e9cid\u00e9 de cr\u00e9er un club de lecture, Clairementlivre, dont l\u2019objectif est de promouvoir les talents locaux en mati\u00e8re de litt\u00e9rature en leur offrant une opportunit\u00e9 suppl\u00e9mentaire de mise en avant de leurs travaux\u00a0\u00bb.<\/p>\n<p>Les quatorze membres du club ont, tout d\u2019abord, eu la charge d\u2019identifier un auteur chacun, puis ont \u00e9tabli une s\u00e9lection finale de cinq ouvrages. Les crit\u00e8res \u00e9taient simples: \u00eatre un auteur de la r\u00e9gion Paca et avoir publi\u00e9 un roman dans l\u2019ann\u00e9e. Parmi les cinq finalistes, c\u2019est Ollivier Errecade qui a remport\u00e9 le prix, avec son roman J\u2019aime pas les gens&#8230; (mais y\u2019a des gens que j\u2019aime), paru chez Red\u2019Active \u00c9ditions. \u00ab\u00a0Nous avons tout d\u2019abord \u00e9t\u00e9 happ\u00e9s par la couverture tr\u00e8s originale (la quatri\u00e8me de couv\u2019 est \u00e0 la place de la premi\u00e8re), explique Claire Perbal Labalette. Puis, nous avons d\u00e9couvert l\u2019\u00e9criture d\u2019Ollivier et l\u00e0&#8230; Cela a \u00e9t\u00e9 quasi unanime, cet \u00e9crivain est talentueux! Ollivier Errecade a beaucoup travaill\u00e9 et cela se sent \u00e0 la lecture de son roman. Chaque mot est choisi. Cet auteur est vraiment brillant. C\u2019est un livre \u00e0 mettre entre toutes les mains!\u00a0\u00bb<\/p>\n<p>Deux prix l\u2019an prochain?<\/p>\n<p>La premi\u00e8re \u00e9dition du prix litt\u00e9raire de la rade \u00e9tant r\u00e9ussie, des projets fourmillent d\u00e9j\u00e0 pour l\u2019an prochain: \u00ab\u00a0Nous souhaiterions d\u00e9cerner deux r\u00e9compenses: un prix en litt\u00e9rature noire et un prix en litt\u00e9rature blanche\u00a0\u00bb.<\/p>\n<p>De chaleureux remerciements ont \u00e9t\u00e9 adress\u00e9s au mus\u00e9e Jean-Aicard &#8211; Paulin-Bertrand, \u00e0 la ville de Toulon, \u00e0 la librairie Le Carr\u00e9 des mots ainsi qu\u2019aux \u00e9diteurs des cinq finalistes. Les livres en comp\u00e9tition sont disponibles sur internet (sur les sites de toutes les grandes plateformes et librairies en ligne) ou sur commande en librairie.<\/p>\n<p>Les finalistes<\/p>\n<p>&#8211; J\u2019aime pas les gens&#8230; (mais y\u2019a des gens que j\u2019aime) d\u2019Ollivier Errecade (Red\u2019Active \u00c9ditions)<\/p>\n<p>&#8211; Sartene, 1583 de Guillaume Stalloni (Scudo \u00c9dition)<\/p>\n<p>&#8211; Le Milan noir d\u2019\u00c9milien du Pouzenc (\u00c9ditions des Hautes-Alpes)<\/p>\n<p>&#8211; L\u2019\u0153il de la perdrix de Christian Astolfi (Le Bruit du monde)<\/p>\n<p>&#8211; Le secret de l\u2019ours de Boris Sciutto (Les Presses du Midi)<\/p>\n<p>Infos Site web: www.clairement-livre.com e-mail: clairementlivre@gmail.com<\/p>\n","protected":false},"excerpt":{"rendered":"Le club de lecture Clairementlivre a remis jeudi le premier prix litt\u00e9raire de la rade 2025. Ce prix&hellip;\n","protected":false},"author":2,"featured_media":60639,"comment_status":"","ping_status":"","sticky":false,"template":"","format":"standard","meta":{"footnotes":""},"categories":[9619],"tags":[1111,11,251,1777,674,1011,27,1351,12,882,25,2310],"class_list":{"0":"post-60638","1":"post","2":"type-post","3":"status-publish","4":"format-standard","5":"has-post-thumbnail","7":"category-toulon","8":"tag-actu","9":"tag-actualites","10":"tag-culture","11":"tag-eu","12":"tag-europe","13":"tag-fr","14":"tag-france","15":"tag-litterature","16":"tag-news","17":"tag-provence-alpes-cote-dazur","18":"tag-republique-francaise","19":"tag-toulon"},"share_on_mastodon":{"url":"https:\/\/pubeurope.com\/@fr\/114418672561188702","error":""},"_links":{"self":[{"href":"https:\/\/www.europesays.com\/fr\/wp-json\/wp\/v2\/posts\/60638","targetHints":{"allow":["GET"]}}],"collection":[{"href":"https:\/\/www.europesays.com\/fr\/wp-json\/wp\/v2\/posts"}],"about":[{"href":"https:\/\/www.europesays.com\/fr\/wp-json\/wp\/v2\/types\/post"}],"author":[{"embeddable":true,"href":"https:\/\/www.europesays.com\/fr\/wp-json\/wp\/v2\/users\/2"}],"replies":[{"embeddable":true,"href":"https:\/\/www.europesays.com\/fr\/wp-json\/wp\/v2\/comments?post=60638"}],"version-history":[{"count":0,"href":"https:\/\/www.europesays.com\/fr\/wp-json\/wp\/v2\/posts\/60638\/revisions"}],"wp:featuredmedia":[{"embeddable":true,"href":"https:\/\/www.europesays.com\/fr\/wp-json\/wp\/v2\/media\/60639"}],"wp:attachment":[{"href":"https:\/\/www.europesays.com\/fr\/wp-json\/wp\/v2\/media?parent=60638"}],"wp:term":[{"taxonomy":"category","embeddable":true,"href":"https:\/\/www.europesays.com\/fr\/wp-json\/wp\/v2\/categories?post=60638"},{"taxonomy":"post_tag","embeddable":true,"href":"https:\/\/www.europesays.com\/fr\/wp-json\/wp\/v2\/tags?post=60638"}],"curies":[{"name":"wp","href":"https:\/\/api.w.org\/{rel}","templated":true}]}}