{"id":606385,"date":"2025-12-18T00:42:11","date_gmt":"2025-12-18T00:42:11","guid":{"rendered":"https:\/\/www.europesays.com\/fr\/606385\/"},"modified":"2025-12-18T00:42:11","modified_gmt":"2025-12-18T00:42:11","slug":"vous-navez-que-le-sapin-a-la-maison-ces-10-coniferes-vont-transformer-votre-deco-de-fetes-dhiver-selon-un-pro","status":"publish","type":"post","link":"https:\/\/www.europesays.com\/fr\/606385\/","title":{"rendered":"Vous n\u2019avez que le sapin \u00e0 la maison ? ces 10 conif\u00e8res vont transformer votre d\u00e9co de f\u00eates d\u2019hiver, selon un pro"},"content":{"rendered":"<p itemprop=\"description\">Parfum de r\u00e9sine, c\u00f4nes et feuillages<br \/>\nbrillants : les conif\u00e8res changent tout dans une d\u00e9coration de No\u00ebl<br \/>\nnaturelle. Quels rameaux notre jardinier garde-t-il absolument pour<br \/>\nles f\u00eates d\u2019hiver, et comment les utilise-t-il sans qu\u2019ils se<br \/>\ndess\u00e8chent ?<\/p>\n<p>Le parfum de r\u00e9sine qui flotte dans l\u2019entr\u00e9e, les c\u00f4nes qui<br \/>\ncraquent sous les doigts, la porte habill\u00e9e de vert\u2026 Une d\u00e9co de<br \/>\nf\u00eates r\u00e9ussie commence souvent par quelques branches bien choisies.<br \/>\nPlut\u00f4t que d\u2019acheter tout pr\u00eat, beaucoup de familles composent<br \/>\nd\u00e9sormais leur d\u00e9cor avec des rameaux du jardin. Reste \u00e0 savoir<br \/>\nquels <strong>conif\u00e8res pour la d\u00e9coration de No\u00ebl<\/strong><br \/>\nm\u00e9ritent vraimant une place de choix. La r\u00e9ponse r\u00e9serve quelques<br \/>\nbelles surprises.<\/p>\n<p>Notre jardinier professionnel adore composer des mises en sc\u00e8ne<br \/>\nhivernales avec de la verdure coup\u00e9e. Il r\u00e9colte des conif\u00e8res dans<br \/>\nson jardin, part glaner en lisi\u00e8re de bois ou r\u00e9cup\u00e8re les chutes<br \/>\nde taille en p\u00e9pini\u00e8re, comme le sugg\u00e8rent les fermes de sapins qui<br \/>\noffrent parfois des branches en surplus. Avant de couper, il enfile<br \/>\ngants, v\u00eatements robustes, lunettes de protection et utilise un<br \/>\ns\u00e9cateur propre et bien aff\u00fbt\u00e9, pour \u00e9viter blessures et maladies<br \/>\nsur les arbres. Et surtout, il ne se limite pas aux sapins<br \/>\nclassiques mais m\u00eale conif\u00e8res et quelques persistants<br \/>\nembl\u00e9matiques.<\/p>\n<p>Les grands conif\u00e8res de base pour une d\u00e9co de No\u00ebl<br \/>\nnaturelle<\/p>\n<p>En t\u00eate de liste, il place le sapin, et en particulier le<br \/>\n<strong>sapin baumier<\/strong> (Abies balsamea) d\u00e9crit comme bien<br \/>\nform\u00e9, tr\u00e8s parfum\u00e9 et appr\u00e9ci\u00e9 pour sa excellente r\u00e9tention des<br \/>\naiguilles, donc moins sujet aux tapis d\u2019\u00e9pines au pied du sapin. Le<br \/>\npin (Pinus), avec ses longues aiguilles parfois plumeuses comme<br \/>\ncelles du pin blanc de l\u2019Est, apporte une \u00e9l\u00e9gance souple et<br \/>\nfournit de nombreuses pommes de pin d\u00e9coratives. Le bleu intense de<br \/>\nl\u2019\u00e9pinette bleue, souvent appel\u00e9e sapin bleu, donne aussit\u00f4t un air<br \/>\ngivr\u00e9 aux couronnes et centres de table, m\u00eame si ses aiguilles<br \/>\ncourtes et raides piquent un peu et finissent par s\u00e9cher sous la<br \/>\nchaleur int\u00e9rieure.<\/p>\n<p>C\u00f4t\u00e9 feuillages en \u00e9cailles, notre expert aime pr\u00e9lever quelques<br \/>\nrameaux de thuya au jardin, comme le recommande Notre Temps, ainsi<br \/>\nque du c\u00e8dre et des cypr\u00e8s. Le c\u00e8dre se distingue par un feuillage<br \/>\nfin, tr\u00e8s vert et un bois parfum\u00e9, avec des branches coup\u00e9es qui<br \/>\nrestent fra\u00eeches et vertes m\u00eame sans eau, id\u00e9al pour des guirlandes<br \/>\net couronnes d\u2019int\u00e9rieur faciles \u00e0 manipuler, sans aiguilles<br \/>\npointues ni r\u00e9sine collante. Les cypr\u00e8s, y compris le cypr\u00e8s de<br \/>\nLeyland ou les \u00ab\u00a0faux cypr\u00e8s\u00a0\u00bb color\u00e9s, offrent des tons d\u2019olive,<br \/>\nd\u2019or ou de vert bleut\u00e9 tr\u00e8s d\u00e9coratifs. Comme pour tout rameau de<br \/>\nconif\u00e8re utilis\u00e9 en int\u00e9rieur chauff\u00e9, Notre Temps rappelle de ne<br \/>\npas les couper trop t\u00f4t, mais seulement deux \u00e0 trois jours avant<br \/>\nles festivit\u00e9s.<\/p>\n<p>Gen\u00e9vrier, if, houx et lierre\u2026 les persistants qui changent<br \/>\ntout<\/p>\n<p>Pour donner du relief, le gen\u00e9vrier (Juniperus) est pr\u00e9cieux<br \/>\navec ses rameaux bleut\u00e9s et, chez de nombreuses vari\u00e9t\u00e9s, des<br \/>\npetites baies bleues tr\u00e8s d\u00e9coratives. Ses aiguilles sont<br \/>\nfranchement piquantes et, une fois s\u00e8ches, encore plus agressives,<br \/>\nce qui pousse notre jardinier \u00e0 r\u00e9server les grosses compositions<br \/>\nde gen\u00e9vrier \u00e0 l\u2019ext\u00e9rieur, o\u00f9 le nettoyage reste plus simple. L\u2019if<br \/>\n(Taxus), autre classique des haies, offre un feuillage vert fonc\u00e9<br \/>\nbrillant, tr\u00e8s graphique en couronne. Certains ifs portent des<br \/>\nbaies rouges rondes, mais House Digest souligne que ces baies sont<br \/>\ntoxiques si on les avale, raison pour laquelle elles ne sont pas<br \/>\nconseill\u00e9es dans une maison avec enfants ou animaux.<\/p>\n<p>Impossible d\u2019imaginer les f\u00eates sans houx. Ses feuilles<br \/>\nverniss\u00e9es d\u2019un vert profond et ses baies rouges illuminent<br \/>\nimm\u00e9diatement une table ou une couronne de porte, comme le<br \/>\nrappellent les innombrables chants de No\u00ebl, jusqu\u2019au traditionnel<br \/>\ncantique anglais The Holly and the Ivy. Les buissons de<br \/>\nhoux faciles \u00e0 entretenir sont aussi de bons arbustes de jardin,<br \/>\nmais leurs branches coup\u00e9es se dess\u00e8chent rapidement sans eau. Le<br \/>\nconseil du jardinier rejoint celui de House Digest : garder les<br \/>\nextr\u00e9mit\u00e9s coup\u00e9es dans un vase ou un pot rempli d\u2019eau, ou dans un<br \/>\nsubstrat maintenu constamment humide. Le lierre, tr\u00e8s commun,<br \/>\ncompl\u00e8te ces feuillages avec ses tiges souples et ses feuilles en<br \/>\nforme de losange. Selon Notre Temps, il garde sa fra\u00eecheur une \u00e0<br \/>\ndeux semaines, surtout si on brumise r\u00e9guli\u00e8rement le feuillage ou<br \/>\nsi l\u2019on plonge les tiges dans l\u2019eau avant de les travailler.<\/p>\n<p>Coupe, conservation et bons plans verts pour les f\u00eates<\/p>\n<p>Au moment de la r\u00e9colte, notre jardinier recommande toujours de<br \/>\nprot\u00e9ger les yeux des aiguilles ou d\u00e9bris qui tombent en coupant<br \/>\nau-dessus de la t\u00eate. Il rappelle aussi que l\u2019air chauff\u00e9 de nos<br \/>\nint\u00e9rieurs fait s\u00e9cher tr\u00e8s vite les branches de conif\u00e8res, d\u2019o\u00f9<br \/>\nl\u2019int\u00e9r\u00eat de les couper seulement deux \u00e0 trois jours avant No\u00ebl.<br \/>\nLes esp\u00e8ces \u00e0 feuillage tendre, comme le houx ou le lierre,<br \/>\nprofitent d\u2019une base dans l\u2019eau et de brumisations. Le c\u00e8dre,<br \/>\ncertains cypr\u00e8s ou thuyas restent en revanche beaux plus longtemps<br \/>\nsans vase, parfaits pour les guirlandes le long d\u2019un escalier ou<br \/>\nd\u2019une chemin\u00e9e. La mousse, que Notre Temps d\u00e9crit comme un \u00ab\u00a0\u00e9crin\u00a0\u00bb<br \/>\nhivernal b\u00e9n\u00e9fique \u00e0 la biodiversit\u00e9, peut tapisser plateaux et<br \/>\nplate-bandes de centre de table, \u00e0 condition de la vaporiser chaque<br \/>\njour.<\/p>\n<p>C\u00f4t\u00e9 budget et anti-gaspi, les id\u00e9es ne manquent pas. L\u2019enseigne<br \/>\nNoz a par exemple organis\u00e9 une op\u00e9ration o\u00f9 les clients pouvaient<br \/>\nretirer des sapins de No\u00ebl invendus gratuitement dans une d\u00e9marche<br \/>\nqualifi\u00e9e \u00ab\u00a0Anti-gaspillage\u00a0\u00bb, plut\u00f4t que de jeter ces conif\u00e8res<br \/>\nencore beaux. Notre jardinier, lui, n\u2019h\u00e9site pas \u00e0 demander les<br \/>\nrameaux coup\u00e9s dans les fermes de sapins ou les jardineries,<br \/>\nsouvent ravies de s\u2019en d\u00e9barrasser. Les c\u00f4nes de pin r\u00e9cup\u00e9r\u00e9s<br \/>\nservent plusieurs ann\u00e9es, et la r\u00e9sine collante qui tache les mains<br \/>\npart avec de l\u2019alcool isopropylique suivi d\u2019un savon doux et d\u2019eau,<br \/>\ntandis qu\u2019un peu de WD-40 aide \u00e0 d\u00e9tacher la r\u00e9sine des v\u00eatements.<br \/>\nAvec quelques branches bien choisies de sapin, pin, \u00e9pinette bleue,<br \/>\nc\u00e8dre, thuya, cypr\u00e8s, gen\u00e9vrier, if, houx et lierre, il devient<br \/>\nfacile de composer une d\u00e9coration hivernale naturelle, chaleureuse<br \/>\net personnelle. Le reste, c\u2019est votre cr\u00e9ativit\u00e9 qui le<br \/>\nd\u00e9cidera.<\/p>\n","protected":false},"excerpt":{"rendered":"Parfum de r\u00e9sine, c\u00f4nes et feuillages brillants : les conif\u00e8res changent tout dans une d\u00e9coration de No\u00ebl naturelle.&hellip;\n","protected":false},"author":2,"featured_media":606386,"comment_status":"","ping_status":"","sticky":false,"template":"","format":"standard","meta":{"footnotes":""},"categories":[7],"tags":[71784,1011,27,71785,3354,15830,65070,43,40,41,39,42,44],"class_list":{"0":"post-606385","1":"post","2":"type-post","3":"status-publish","4":"format-standard","5":"has-post-thumbnail","7":"category-sciences-et-technologies","8":"tag-decoration-de-noel","9":"tag-fr","10":"tag-france","11":"tag-hiver-au-jardin","12":"tag-jardin","13":"tag-noel","14":"tag-sapin-de-noel","15":"tag-science","16":"tag-science-and-technology","17":"tag-sciences","18":"tag-sciences-et-technologies","19":"tag-technologies","20":"tag-technology"},"share_on_mastodon":{"url":"https:\/\/pubeurope.com\/@fr\/115737797864212023","error":""},"_links":{"self":[{"href":"https:\/\/www.europesays.com\/fr\/wp-json\/wp\/v2\/posts\/606385","targetHints":{"allow":["GET"]}}],"collection":[{"href":"https:\/\/www.europesays.com\/fr\/wp-json\/wp\/v2\/posts"}],"about":[{"href":"https:\/\/www.europesays.com\/fr\/wp-json\/wp\/v2\/types\/post"}],"author":[{"embeddable":true,"href":"https:\/\/www.europesays.com\/fr\/wp-json\/wp\/v2\/users\/2"}],"replies":[{"embeddable":true,"href":"https:\/\/www.europesays.com\/fr\/wp-json\/wp\/v2\/comments?post=606385"}],"version-history":[{"count":0,"href":"https:\/\/www.europesays.com\/fr\/wp-json\/wp\/v2\/posts\/606385\/revisions"}],"wp:featuredmedia":[{"embeddable":true,"href":"https:\/\/www.europesays.com\/fr\/wp-json\/wp\/v2\/media\/606386"}],"wp:attachment":[{"href":"https:\/\/www.europesays.com\/fr\/wp-json\/wp\/v2\/media?parent=606385"}],"wp:term":[{"taxonomy":"category","embeddable":true,"href":"https:\/\/www.europesays.com\/fr\/wp-json\/wp\/v2\/categories?post=606385"},{"taxonomy":"post_tag","embeddable":true,"href":"https:\/\/www.europesays.com\/fr\/wp-json\/wp\/v2\/tags?post=606385"}],"curies":[{"name":"wp","href":"https:\/\/api.w.org\/{rel}","templated":true}]}}