{"id":606388,"date":"2025-12-18T00:44:18","date_gmt":"2025-12-18T00:44:18","guid":{"rendered":"https:\/\/www.europesays.com\/fr\/606388\/"},"modified":"2025-12-18T00:44:18","modified_gmt":"2025-12-18T00:44:18","slug":"le-congres-americain-adopte-une-strategie-de-defense-pour-2026-a-rebours-de-trump-sur-leurope-17-12-2025-a-1850","status":"publish","type":"post","link":"https:\/\/www.europesays.com\/fr\/606388\/","title":{"rendered":"Le Congr\u00e8s am\u00e9ricain adopte une strat\u00e9gie de d\u00e9fense pour 2026 \u00e0 rebours de Trump sur l&rsquo;Europe &#8211; 17\/12\/2025 \u00e0 18:50"},"content":{"rendered":"<p>        <img decoding=\"async\" src=\"https:\/\/www.europesays.com\/fr\/wp-content\/uploads\/2025\/12\/3ff6154b815c883166e0b2c09532aff4-760x570.jpg\" alt=\"Vue a\u00e9rienne du Pentagone, pr\u00e8s de Washington, le 20 septembre 2025 ( AFP \/ Daniel SLIM )\" loading=\"eager\" fetchpriority=\"high\" width=\"760\" height=\"570\" style=\"max-width: 100%!important; height: auto;\"\/><\/p>\n<p class=\"c-image-news__legend\">Vue a\u00e9rienne du Pentagone, pr\u00e8s de Washington, le 20 septembre 2025 ( AFP \/ Daniel SLIM )<\/p>\n<p>\n Le Congr\u00e8s am\u00e9ricain a adopt\u00e9 mercredi son texte de strat\u00e9gie de d\u00e9fense pour 2026, avec un soutien r\u00e9affirm\u00e9 aux alliances des Etats-Unis en Europe, \u00e0 rebours de signaux r\u00e9cents de Donald Trump et de son gouvernement.\n<\/p>\n<p>\n Le NDAA, vot\u00e9 chaque ann\u00e9e par les deux chambres du Congr\u00e8s avec un certain consensus entre d\u00e9mocrates et r\u00e9publicains, d\u00e9termine les axes sur lesquels les Etats-Unis devraient, selon les parlementaires, se concentrer en priorit\u00e9 pour l&rsquo;ann\u00e9e suivante en mati\u00e8re de d\u00e9fense.\n<\/p>\n<p>\n La version 2026, longue de plus de 3.000 pages, pr\u00e9conise un budget annuel global de plus de 900 milliards de dollars, en augmentation de cinq milliards par rapport \u00e0 l&rsquo;ann\u00e9e pr\u00e9c\u00e9dente.\n<\/p>\n<p>\n Le texte a \u00e9t\u00e9 adopt\u00e9 au S\u00e9nat avec 77 voix pour et 20 contre.\n<\/p>\n<p>\n \u00ab\u00a0Le moyen le plus s\u00fbr d&rsquo;assurer la paix est de la garder par la force\u00a0\u00bb, a assur\u00e9 mardi le chef de la majorit\u00e9 r\u00e9publicaine au S\u00e9nat, John Thune, reprenant le slogan de \u00ab\u00a0paix par la force\u00a0\u00bb adopt\u00e9 par Donald Trump depuis le d\u00e9but de son second mandat.\n<\/p>\n<p>\n Lors d&rsquo;un discours dans l&rsquo;h\u00e9micycle, John Thune a soulign\u00e9 les mesures pr\u00e9vues par le NDAA cette ann\u00e9e, notamment la construction de davantage de navires militaires \u00ab\u00a0pour aider \u00e0 r\u00e9duire l&rsquo;\u00e9cart\u00a0\u00bb avec les capacit\u00e9s de construction navale de la Chine, mais \u00e9galement l&rsquo;\u00e9tablissement du \u00ab\u00a0D\u00f4me d&rsquo;or\u00a0\u00bb antimissiles voulu par Donald Trump, ou encore une augmentation de 3,8% de la solde des militaires.\n<\/p>\n<p>\n Il a \u00e9galement soulign\u00e9 des r\u00e9formes dans les processus d&rsquo;achats du Pentagone avec \u00ab\u00a0l&rsquo;\u00e9limination de dizaines de r\u00e8gles et lois pesantes\u00a0\u00bb.\n<\/p>\n<p>\n Le t\u00e9nor r\u00e9publicain n&rsquo;a cependant pas fait mention du soutien accru aux alli\u00e9s europ\u00e9ens.\n<\/p>\n<p>\n Le NDAA anticipe ainsi pour 2026 quelque 400 millions de dollars d&rsquo;achats par Washington d&rsquo;\u00e9quipements militaires am\u00e9ricains \u00e0 destination de Kiev, afin de continuer \u00e0 lutter contre l&rsquo;invasion russe.\n<\/p>\n<p>\n Le Pentagone, sous l&rsquo;\u00e9gide du ministre Pete Hegseth, tente de recentrer la strat\u00e9gie de d\u00e9fense des Etats-Unis sur les Am\u00e9riques, avec plusieurs frappes en mer des Cara\u00efbes et dans l&rsquo;oc\u00e9an Pacifique contre des embarcations accus\u00e9es de narcotrafic, sur fond de tensions accrues avec le Venezuela.\n<\/p>\n<p>\n Mais la proposition de loi \u00e9labor\u00e9e par le Congr\u00e8s pr\u00e9voit le maintien de la pr\u00e9sence des Etats-Unis sur le sol europ\u00e9en. Elle emp\u00eache le Pentagone de r\u00e9duire le nombre de soldats am\u00e9ricains d\u00e9ploy\u00e9s en Europe sous la barre des 76.000 sans justification aupr\u00e8s du Congr\u00e8s.\n<\/p>\n<p>\n Un contre-pied aux d\u00e9clarations r\u00e9centes de Donald Trump, qui s&rsquo;\u00e9tait notamment moqu\u00e9 de la d\u00e9pendance des Europ\u00e9ens \u00e0 la protection militaire des Etats-Unis en lan\u00e7ant: \u00ab\u00a0L&rsquo;Otan m&rsquo;appelle +papa+\u00a0\u00bb.\n<\/p>\n<p>\n Certains parlementaires r\u00e9publicains, de tendance isolationniste, ont eux d\u00e9nonc\u00e9 le texte, et notamment l&rsquo;aide militaire \u00e0 l&rsquo;Ukraine.<\/p>\n","protected":false},"excerpt":{"rendered":"Vue a\u00e9rienne du Pentagone, pr\u00e8s de Washington, le 20 septembre 2025 ( AFP \/ Daniel SLIM ) Le&hellip;\n","protected":false},"author":2,"featured_media":606389,"comment_status":"","ping_status":"","sticky":false,"template":"","format":"standard","meta":{"footnotes":""},"categories":[5],"tags":[400,11,398,408,405,1011,27,403,14,402,399,404,12,401,406,407,28],"class_list":{"0":"post-606388","1":"post","2":"type-post","3":"status-publish","4":"format-standard","5":"has-post-thumbnail","7":"category-international","8":"tag-action-cac-40","9":"tag-actualites","10":"tag-bourse-de-paris","11":"tag-boursorama","12":"tag-cotations","13":"tag-fr","14":"tag-france","15":"tag-indices-devises","16":"tag-international","17":"tag-investir","18":"tag-investissement","19":"tag-marche-boursier","20":"tag-news","21":"tag-sicav","22":"tag-trackers","23":"tag-warrants","24":"tag-world"},"share_on_mastodon":{"url":"https:\/\/pubeurope.com\/@fr\/115737806535279198","error":""},"_links":{"self":[{"href":"https:\/\/www.europesays.com\/fr\/wp-json\/wp\/v2\/posts\/606388","targetHints":{"allow":["GET"]}}],"collection":[{"href":"https:\/\/www.europesays.com\/fr\/wp-json\/wp\/v2\/posts"}],"about":[{"href":"https:\/\/www.europesays.com\/fr\/wp-json\/wp\/v2\/types\/post"}],"author":[{"embeddable":true,"href":"https:\/\/www.europesays.com\/fr\/wp-json\/wp\/v2\/users\/2"}],"replies":[{"embeddable":true,"href":"https:\/\/www.europesays.com\/fr\/wp-json\/wp\/v2\/comments?post=606388"}],"version-history":[{"count":0,"href":"https:\/\/www.europesays.com\/fr\/wp-json\/wp\/v2\/posts\/606388\/revisions"}],"wp:featuredmedia":[{"embeddable":true,"href":"https:\/\/www.europesays.com\/fr\/wp-json\/wp\/v2\/media\/606389"}],"wp:attachment":[{"href":"https:\/\/www.europesays.com\/fr\/wp-json\/wp\/v2\/media?parent=606388"}],"wp:term":[{"taxonomy":"category","embeddable":true,"href":"https:\/\/www.europesays.com\/fr\/wp-json\/wp\/v2\/categories?post=606388"},{"taxonomy":"post_tag","embeddable":true,"href":"https:\/\/www.europesays.com\/fr\/wp-json\/wp\/v2\/tags?post=606388"}],"curies":[{"name":"wp","href":"https:\/\/api.w.org\/{rel}","templated":true}]}}