{"id":606395,"date":"2025-12-18T00:48:25","date_gmt":"2025-12-18T00:48:25","guid":{"rendered":"https:\/\/www.europesays.com\/fr\/606395\/"},"modified":"2025-12-18T00:48:25","modified_gmt":"2025-12-18T00:48:25","slug":"sylvie-fayolle-est-logiquement-elue-presidente-de-saint-etienne-metropole","status":"publish","type":"post","link":"https:\/\/www.europesays.com\/fr\/606395\/","title":{"rendered":"Sylvie Fayolle est logiquement \u00e9lue pr\u00e9sidente de Saint-Etienne M\u00e9tropole"},"content":{"rendered":"<p class=\"is-style-chapo\">A l\u2019instar de la municipalit\u00e9 st\u00e9phanoise, la d\u00e9mission \/ condamnation de Ga\u00ebl Perdriau exige de le remplacer \u00e0 la pr\u00e9sidence de Saint-Etienne M\u00e9tropole. Le \u00ab\u00a0<a href=\"https:\/\/www.if-saint-etienne.fr\/politique-societe\/saint-etienne-metropole-le-retrait-2-0-de-gael-perdriau-1-2\" target=\"_blank\" rel=\"noreferrer noopener\">retrait total<\/a>\u00a0\u00bb annonc\u00e9 par le maire de Saint-Etienne en d\u00e9cembre 2022 avait amen\u00e9 Herv\u00e9 Reynaud puis Sylvie Fayolle, ces deux derni\u00e8res ann\u00e9es, \u00e0 tenir la barre d\u2019un bien difficile int\u00e9rim. La maire de Saint-Paul-en-Cornillon a \u00e9t\u00e9 logiquement \u00e9lue jeudi pour finir le mandat comme pr\u00e9sidente avec cette fois la r\u00e9alit\u00e9 des \u00ab\u00a0pleins pouvoirs\u00a0\u00bb. \u00a0<\/p>\n<p><img fetchpriority=\"high\" decoding=\"async\" width=\"1024\" height=\"576\" src=\"https:\/\/www.europesays.com\/fr\/wp-content\/uploads\/2025\/12\/thumbnail_20251217_135846-1024x576.jpg\" alt=\"\" class=\"wp-image-81404\"  \/>Sylvie Fayolle lors de son discours avant le vote. \u00a9If Saint-Etienne \/ XA<\/p>\n<p>Il leur avait \u00ab\u00a0bien dit\u00a0\u00bb. \u00ab\u00a0Il devient urgent que l\u2019on arr\u00eate le massacre\u00a0\u00bb, relevait aussi dans son discours G\u00e9rard Tardy \u00e0 qui revenait, comme le veut le r\u00e8glement en tant que doyen, de pr\u00e9sider le d\u00e9but de cette <a href=\"https:\/\/www.saint-etienne-metropole.fr\/actualites\/vie-de-la-metropole\/institution\/prochain-conseil-metropolitain\" target=\"_blank\" rel=\"noreferrer noopener\">assembl\u00e9e<\/a> consacr\u00e9e \u00e0 l\u2019\u00e9lection d\u2019une nouvelle pr\u00e9sidente puis de ses vice-pr\u00e9sidences. Le maire de Lorette, 88 ans, avait de quoi boire du petit lait pour son ultime prise de parole dans ces lieux\u00a0: il se pr\u00e9sente bien aux Municipales 2026 mais ne sera pas fl\u00e9ch\u00e9 comme \u00e9lu <a href=\"https:\/\/www.saint-etienne-metropole.fr\/institution\/decouvrir-saint-etienne-metropole\/son-organisation-elus\" target=\"_blank\" rel=\"noreferrer noopener\">communautaire<\/a>. Accordant un \u00ab\u00a0bravo\u00a0\u00bb aux services et \u00e0 Sylvie Fayolle d\u2019avoir poursuivi le travail dans ce contexte plus que complexe, il saluait Jean-Pierre <a href=\"https:\/\/www.if-saint-etienne.fr\/politique-societe\/succession-de-perdriau-sans-surprise-jean-pierre-berger-devient-maire\" target=\"_blank\" rel=\"noreferrer noopener\">Berger<\/a> pour son \u00e9lection \u00e0 la t\u00eate de la \u00ab\u00a0grosse commune\u00a0\u00bb, l\u2019invitant (et l\u2019ensemble des candidats aux <a href=\"https:\/\/www.if-saint-etienne.fr\/tag\/municipales-2026\" target=\"_blank\" rel=\"noreferrer noopener\">Municipales<\/a> sans doute encore davantage) \u00e0 n\u00e9gocier par le respect avec les \u00ab\u00a0petites\u00a0\u00bb\u2026<\/p>\n<blockquote>\n<p>Je vous l\u2019avais bien dit\u2026\u00a0Et vous, vous l\u2019avez r\u00e9\u00e9lu (Ga\u00ebl Perdriau, Ndlr).<\/p>\n<p>G\u00e9rard Tardy<\/p><\/blockquote>\n<p>G\u00e9rard Tardy ne manquait pas de revenir sur son discours de juillet 2020 o\u00f9 d\u00e9j\u00e0, en tant que doyen, il vilipendait la gouvernance du premier mandat\u00a0de G. Perdriau, fraichement <a href=\"https:\/\/www.if-saint-etienne.fr\/politique-societe\/gael-perdriau-reelu-a-la-tete-de-saint-etienne-metropole\" target=\"_blank\" rel=\"noreferrer noopener\">r\u00e9\u00e9lu<\/a> et alors \u00e0 ce moment pr\u00e9cis\u2026 voisin de table. Vilipend\u00e9 pour ce qu\u2019il consid\u00e9rait comme un pouvoir trop centralis\u00e9, trop personnel, dont t\u00e9moignerait le d\u00e9fil\u00e9 des \u00ab\u00a0six DGS\u00a0\u00bb (directeurs g\u00e9n\u00e9raux des services) successifs en quelques ann\u00e9es, ou encore ce qu\u2019il avait carr\u00e9ment qualifi\u00e9 d\u2019\u00ab\u00a0entourage puant\u00a0\u00bb. Bref, \u00ab\u00a0je vous l\u2019avais bien dit\u2026\u00a0Et vous, vous l\u2019avez r\u00e9\u00e9lu\u2026\u00bb Le dernier tacle \u00e9tait adress\u00e9 \u00e0 ce que G\u00e9rard Tardy estime \u00eatre la pr\u00e9dation intercommunale en soi, ici comme ailleurs, inflig\u00e9e aux comp\u00e9tences communales. Les municipalit\u00e9s \u00e9tant \u00e0 ses yeux le vecteur le plus vertueux \u2013 mais du coup malmen\u00e9 \u2013 de l\u2019action publique. A son appel des candidatures qui suivait, seule Sylvie Fayolle levait la main. Sa prise de parole allait \u00e0 l\u2019encontre de ces derniers propos<\/p>\n<p>Sylvie Fayolle va d\u00e9mutualiser cabinet et direction des services<\/p>\n<p><img loading=\"lazy\" decoding=\"async\" width=\"1024\" height=\"576\" src=\"https:\/\/www.europesays.com\/fr\/wp-content\/uploads\/2025\/12\/thumbnail_20251217_131207-1024x576.jpg\" alt=\"\" class=\"wp-image-81405\"  \/>Les votes sont \u00e0 bulletin secret. \u00a9If Saint-Etienne \/ XA<\/p>\n<p>\u00ab\u00a0Je suis \u00e9lue m\u00e9tropolitaine depuis 2014. J\u2019ai d\u00e9fendu le passage au statut de M\u00e9tropole. Nous avons pris conscience tr\u00e8s t\u00f4t, qu\u2019il convenait de se regrouper, d\u2019\u00eatre solidaires pour que ce territoire puisse peser. Nous sommes li\u00e9s et avons un destin commun quelles que soient les couleurs politiques. Ensemble, nous sommes plus forts. A Saint-Etienne M\u00e9tropole, une commune = une voix. C\u2019est important et nous garderons bien s\u00fbr ce principe. Les habitants de La Gimond ont droit au m\u00eame respect que ceux de Saint-Etienne. Je suis en faveur d\u2019un am\u00e9nagement \u00e9quilibr\u00e9 et devons d\u2019ailleurs davantage aider les communes, que les financements ne soient plus fl\u00e9ch\u00e9s que sur les grandes villes.\u00a0\u00bb<\/p>\n<blockquote>\n<p>Ces quatre mois \u00e0 venir ne seront pas que de la gestion courante. Ce seront quatre mois d\u2019actions, quatre mois pour pr\u00e9parer l\u2019avenir, renouer le dialogue avec nos partenaires.<\/p>\n<p>Sylvie Fayolle, pr\u00e9sidente de Saint-Etienne M\u00e9tropole<\/p><\/blockquote>\n<p>Bien s\u00fbr, poursuivait elle, \u00ab\u00a0Saint-Etienne doit \u00eatre la locomotive. Et nous serons aux c\u00f4t\u00e9s de son ex\u00e9cutif pour la redresser\u00a0\u00bb. Sylvie Fayolle annon\u00e7ait le retour \u00e0 un cabinet, et une direction g\u00e9n\u00e9rale <a href=\"https:\/\/www.if-saint-etienne.fr\/politique\/saint-etienne-metropole-sylvie-fayolle-exige-la-pleine-maitrise\" target=\"_blank\" rel=\"noopener\">ind\u00e9pendante<\/a> de Saint-Etienne. Leur mutualisation illustrant les \u00ab\u00a0<a href=\"https:\/\/www.if-saint-etienne.fr\/politique-societe\/saint-etienne-metropole-com-un-air-de-deja-vu\" target=\"_blank\" rel=\"noreferrer noopener\">d\u00e9rives<\/a>\u00a0\u00bb, \u00e0 \u00ab\u00a0marche forc\u00e9e\u00a0\u00bb de celle-ci. Ce qui ne signifiera pas renoncer totalement \u00e0 la mutualisation. \u00ab\u00a0Je veux rassurer les agents\u00a0: nous n\u2019allons pas non plus retourner la table et tout d\u00e9construire. Ensemble, nous pourrons faire avancer notre territoire. Ces quatre mois \u00e0 venir ne seront pas que de la gestion courante. Ce seront quatre mois d\u2019actions, quatre mois pour pr\u00e9parer l\u2019avenir, renouer le dialogue avec nos partenaires, relever la M\u00e9tropole. 2026 sera une ann\u00e9e de d\u00e9f. Vous pouvez compter sur mon engagement.\u00a0\u00bb<\/p>\n<p>R\u00e9sultat des votes : 121 votants (122 inscrits), 87 voix en faveur de Sylvie Fayolle (34 nuls ou blancs, contre), \u00e9lue donc pr\u00e9sidente de Saint-Etienne M\u00e9tropole, quatri\u00e8me maire \u2013 mais premi\u00e8re femme et premier maire non <a href=\"https:\/\/www.if-saint-etienne.fr\/politique-societe\/la-metropole-doit-elle-se-choisir-en-2026-un-autre-president-que-le-maire-de-saint-etienne\" target=\"_blank\" rel=\"noreferrer noopener\">st\u00e9phanois<\/a> \u2013 \u00e0 sa t\u00eate apr\u00e8s Michel Thiolli\u00e8re, Maurice Vincent et Ga\u00ebl Perdriau, depuis ses origines en 1996. Elle n\u2019\u00e9tait alors qu\u2019une communaut\u00e9 de communes, 22 membres au d\u00e9part. C\u2019est aujourd\u2019hui une M\u00e9tropole (le <a href=\"https:\/\/www.vie-publique.fr\/fiches\/20129-quest-ce-quune-metropole\" target=\"_blank\" rel=\"noreferrer noopener\">statut<\/a> correspond depuis 2018 au nom originel et inchang\u00e9) comptant 53 municipalit\u00e9s et plus de 400 000 habitants. \u00ab\u00a0Il y aura un avant et un apr\u00e8s\u00a0\u00bb, a d\u00e9clar\u00e9 Sylvie Fayolle dans la foul\u00e9e des r\u00e9sultats, rendant hommage \u00e0 ses parents quant \u00e0 leurs valeurs de travail et droiture qui lui ont \u00e9t\u00e9 transmises : \u00ab\u00a0C\u2019est comme cela que l\u2019on fait avancer les choses\u00a0\u00bb.<\/p>\n<p>Les vice-pr\u00e9sidentes et vice-pr\u00e9sidents de Sylvie Fayolle<\/p>\n<p>Avant de proc\u00e9der aux \u00e9lections des vice-pr\u00e9sidences, une \u00e0 une, le <a href=\"https:\/\/www.if-saint-etienne.fr\/politique-societe\/saint-etienne-adjoints-ou-conseillers-la-majorite-municipale-partit-a-47-et-finira-a-31\" target=\"_blank\" rel=\"noreferrer noopener\">nouveau<\/a> 1er adjoint de Saint-Etienne et jusqu\u2019\u00e0 ce jour, vice-pr\u00e9sident \u00e0 la culture de la M\u00e9tropole Marc Chassaub\u00e9n\u00e9 a fait part de sa non candidature au sein d\u2019un ex\u00e9cutif. Pas tr\u00e8s surprenant au regard des fortes tensions entre ce fid\u00e8le de Ga\u00ebl Perdriau et Sylvie Fayolle depuis plus de 2 ans. Son discours \u00e9tait offensif sur la gouvernance men\u00e9e depuis l\u2019int\u00e9rim d\u2019Herv\u00e9 Reynaud, faisant le constat de \u00ab\u00a0ses d\u00e9saccords profonds\u00a0\u00bb, consid\u00e9rant l\u2019abandon de la <a href=\"https:\/\/www.if-saint-etienne.fr\/politique-societe\/abandon-de-la-patinoire-saint-etienne-metropole-devrait-trancher-en-juin\" target=\"_blank\" rel=\"noreferrer noopener\">patinoire<\/a> comme une faute co\u00fbteuse pour la collectivit\u00e9 (4 M\u20ac perdus selon lui en pr\u00e9 versements et p\u00e9nalit\u00e9s) et les entreprises et un engagement de mandat bafou\u00e9 vis-\u00e0-vis des administr\u00e9s. Idem pour ce qu\u2019il estime \u00eatre une d\u00e9consid\u00e9ration du projet Cit\u00e9 du Design 2025 \u2013 non abandonn\u00e9 mais ralenti sur le rythme budg\u00e9taire initialement pr\u00e9vu -, qu\u2019il juge capital et moteur mais sacrifi\u00e9 pour des raisons politiques non objectives \u00e0 ses yeux. <\/p>\n<p>Marc Chassaub\u00e9n\u00e9 attaquait enfin la R\u00e9gion Aura \u2013 Sylvie Fayolle est \u00e9lue \u00e0 son ex\u00e9cutif \u2013 pour ses promesses successives de financements, suppl\u00e9mentaires ou non, qu\u2019il analyse comme non tenues. La pr\u00e9sidente de Saint-Etienne M\u00e9tropole gardait sa col\u00e8re au fourreau (\u00ab\u00a0ce n\u2019est pas le moment\u00a0\u00bb), se contentant de parler de propos \u00ab\u00a0inadmissibles\u00a0\u00bb sur lesquels, \u00ab\u00a0seul l\u2019avenir\u00a0\u00bb se prononcera\u2026 Ambiance.<\/p>\n<p><img loading=\"lazy\" decoding=\"async\" width=\"1024\" height=\"576\" src=\"https:\/\/www.europesays.com\/fr\/wp-content\/uploads\/2025\/12\/thumbnail_20251217_152916-1024x576.jpg\" alt=\"\" class=\"wp-image-81418\"  \/>Deuxi\u00e8me exercice du genre en moins d\u2019une semaine pour les \u00e9lus st\u00e9phanois. \u00a9If Saint-Etienne \/ XA<\/p>\n<p>Peu de modifications \u00e0 quelques notables exceptions<\/p>\n<p>Pour ce qui est des 19 vice-pr\u00e9sidents (ils pouvaient \u00eatre 20 au maximum) des 4 mois restant du mandat :<\/p>\n<ul class=\"wp-block-list\">\n<li><strong>Christian Julien<\/strong>, maire de Saint-Genest-Lerpt est propos\u00e9 \u00e0 la 1\u00e8re vice-pr\u00e9sidence, charg\u00e9e du budget, de l\u2019\u00e9valuation des politiques publiques et des relations internationales. Il \u00e9tait d\u00e9j\u00e0 aux finances pr\u00e9c\u00e9demment et depuis plusieurs mandats. Il est \u00e9lu avec 98 voix sur 121 votants. <\/li>\n<\/ul>\n<ul class=\"wp-block-list\">\n<li><strong>David Farra,<\/strong> maire du Chambon-Feugerolles est propos\u00e9 comme 2e vice-pr\u00e9sident au d\u00e9veloppement \u00e9conomique, \u00e0 l\u2019agriculture, et l\u2019alimentation. A noter que l\u2019\u00e9conomie \u00e9tait attribu\u00e9e jusque-l\u00e0 \u00e0 une adjointe de Saint-Etienne, qui l\u2019est toujours : Nora Berroukeche\u2026 Il est \u00e9lu avec 103 voix sur 121 votants.<\/li>\n<\/ul>\n<ul class=\"wp-block-list\">\n<li><strong>Andonella Fl\u00e9chet<\/strong>, adjointe de Saint-Chamond, est propos\u00e9e comme 3e vice-pr\u00e9sidente en charge de l\u2019assainissement (elle l\u2019\u00e9tait d\u00e9j\u00e0 mais comme 17e v.-p.). Elle est \u00e9lue avec voix sur votants. Elle est \u00e9lue avec 87 voix sur 121 votants.<\/li>\n<\/ul>\n<ul class=\"wp-block-list\">\n<li><strong>Denis Barriol<\/strong>, maire de Genilac, est propos\u00e9 comme 4e vice-pr\u00e9sident en charge des Ressources Humaines (charge qu\u2019il occupait d\u00e9j\u00e0 via la 14e v.-p.). Il est \u00e9lu avec 94 voix sur 121 votants.<\/li>\n<\/ul>\n<ul class=\"wp-block-list\">\n<li><strong>Christophe Faverjon<\/strong>, maire d\u2019Unieux, est propos\u00e9 comme 5e vice-pr\u00e9sident \u00e0 l\u2019enseignement sup\u00e9rieur, la recherche (charges qui lui valaient d\u00e9j\u00e0 la 6e v.-p.), l\u2019innovation et le num\u00e9rique (respectivement \u00e0 Nora Berroukeche et Marc Chassaub\u00e9n\u00e9 pr\u00e9c\u00e9demment). Il est \u00e9lu avec 79 voix sur 121 votants.<\/li>\n<\/ul>\n<ul class=\"wp-block-list\">\n<li><strong>Gilles Thizy<\/strong>, maire de Marcenod est propos\u00e9 comme 6e vice-pr\u00e9sident en charge de la coh\u00e9sion territoriale et de la strat\u00e9gie fonci\u00e8re (d\u00e9j\u00e0 son poste comme 5e v.-p.). Il est \u00e9lu avec 90 voix sur 121 votants.<\/li>\n<\/ul>\n<ul class=\"wp-block-list\">\n<li><strong>Fran\u00e7ois Driol<\/strong>, maire d\u2019Andr\u00e9zieux-Bouth\u00e9on, est propos\u00e9 comme 7e vice-pr\u00e9sident en charge de la gestion des d\u00e9chets, poste qu\u2019il occupait d\u00e9j\u00e0 \u00e0 la 13e v.-p. Il est \u00e9lu avec 91 voix sur 121 votants.<\/li>\n<\/ul>\n<ul class=\"wp-block-list\">\n<li><strong>Bernard Bonnet<\/strong>, maire de Saint-Maurice-en-Gourgois est propos\u00e9 comme 8e vice-pr\u00e9sident en charge de l\u2019eau. Il l\u2019\u00e9tait d\u00e9j\u00e0 comme 16e v.-p. Il est \u00e9lu avec 97 voix sur 121 votants.<\/li>\n<\/ul>\n<ul class=\"wp-block-list\">\n<li><strong>Siham Labich<\/strong>, adjointe \u00e0 la Ville de Saint-Etienne, est propos\u00e9e comme 9e vice-pr\u00e9sidente \u00e0 la coh\u00e9sion sociale et au handicap ainsi que l\u2019\u00e9conomie circulaire et l\u2019\u00e9conomie sociale et solidaire (ESS). Elle \u00e9tait d\u00e9j\u00e0 \u00e0 sa poste comme 3e v.-p. Elle est \u00e9lue avec 82 voix sur 121 votants.<\/li>\n<\/ul>\n<ul class=\"wp-block-list\">\n<li><strong>Julien Luya<\/strong>, maire de Firminy, est propos\u00e9 comme 10e vice-pr\u00e9sident en charge des contrats rivi\u00e8re, de la gestion des milieux aquatiques et de la lutte contre les inondations. C\u2019\u00e9tait d\u00e9j\u00e0 sa d\u00e9l\u00e9gation pr\u00e9c\u00e9demment (alors 11e v.-p.). Il est \u00e9lu avec 84 voix sur 121 votants.<\/li>\n<\/ul>\n<ul class=\"wp-block-list\">\n<li><strong>Luc Fran\u00e7ois<\/strong>, maire de la Grand-Croix est propos\u00e9 comme 11e vice-pr\u00e9sident, charg\u00e9 des transports et mobilit\u00e9. L\u00e0 encore, d\u00e9l\u00e9gation inchang\u00e9e par rapport \u00e0 la pr\u00e9c\u00e9dente (alors 8e v.-p.). Il est \u00e9lu avec 83 voix sur 121 votants.<\/li>\n<\/ul>\n<ul class=\"wp-block-list\">\n<li><strong>Robert Karulak,<\/strong> conseiller municipal d\u2019opposition st\u00e9phanois est propos\u00e9 comme 12e vice-pr\u00e9sident au tourisme &amp; patrimoine. D\u00e9l\u00e9gation inchang\u00e9e l\u00e0 aussi (et d\u00e9j\u00e0 comme 12e v.-p.). Il est \u00e9lu avec 82 voix sur 121 votants.<\/li>\n<\/ul>\n<ul class=\"wp-block-list\">\n<li><strong>Vincent Bony<\/strong>, maire de Rive-de-Gier est propos\u00e9 comme 13e vice-pr\u00e9sident \u00e0 la voirie m\u00e9tropolitaine. Comme auparavant donc (15e v.-p. alors). Il est \u00e9lu avec 87 voix sur 121 votants.<\/li>\n<\/ul>\n<ul class=\"wp-block-list\">\n<li><strong>Ramona Gonzalez Grail<\/strong>, maire de La Talaudi\u00e8re est propos\u00e9e comme 14e vice-pr\u00e9sidente charg\u00e9e de la politique de l\u2019insertion par l\u2019\u00e9conomie et l\u2019emploi. Encore une fois d\u00e9l\u00e9gation inchang\u00e9e (19e v.-p. depuis 2022). <\/li>\n<\/ul>\n<ul class=\"wp-block-list\">\n<li><strong>Jean-Luc Degraix<\/strong>, conseiller municipal d\u2019opposition de Saint-Chamond, est propos\u00e9 comme 15e vice-pr\u00e9sident aux march\u00e9s publics et aux grands \u00e9quipements m\u00e9tropolitains. Comme auparavant (18e v.-p. depuis 2022). Une candidature concurrente saint-chamonaise \u00e9tait une \u00e9ventualit\u00e9 dans le cadre du contexte conflictuel couramiaud entre majorit\u00e9 et \u00ab\u00a0ex\u00a0\u00bb de la majorit\u00e9. Ce ne fut pas le cas. Le maire Axel Dugua indiquant sur les r\u00e9seaux l\u2019avoir fait par apaisement et toujours tendre la main \u00e0 son ex adjoint. <\/li>\n<\/ul>\n<ul class=\"wp-block-list\">\n<li><strong>Pascal Gonon<\/strong>, maire de La Gimond, a \u00e9t\u00e9 propos\u00e9 et \u00e9lu 16e vice-pr\u00e9sident charg\u00e9 d\u2019une d\u00e9l\u00e9gation nouvelle voulue par Sylvie Fayolle : celles des territoires de proximit\u00e9 et de l\u2019aide aux communes\u2026 <\/li>\n<\/ul>\n<ul class=\"wp-block-list\">\n<li><strong>Lionel Boucher<\/strong>, \u00e9lu opposant UDI st\u00e9phanois, a \u00e9t\u00e9 propos\u00e9 et \u00e9lu 17e vice-pr\u00e9sident en charge du design et de la culture en lieu et place donc de son ex coll\u00e8gue de la majorit\u00e9 de Ga\u00ebl Perdriau, Marc Chassaub\u00e9n\u00e9, d\u00e9sormais 1er adjoint de Saint-Etienne\u2026 <\/li>\n<\/ul>\n<ul class=\"wp-block-list\">\n<li><strong>Audrey Berth\u00e9as<\/strong>, maire de L\u2019Horme, \u00e9t\u00e9 propos\u00e9e et \u00e9lue 18e vice-pr\u00e9sident en charge de la transition \u00e9cologique et \u00e9nerg\u00e9tique et de la sant\u00e9 mentale.\u00a0<\/li>\n<\/ul>\n<ul class=\"wp-block-list\">\n<li>A noter, enfin, la candidature pr\u00e9sent\u00e9e par Sylvie Fayolle de\u2026 <strong>Jean-Pierre Berger<\/strong>, nouveau maire de Saint-Etienne comme 19e vice-pr\u00e9sident en charge du logement et de l\u2019habitat. Probablement par souci d\u2019apaisement et de normaliser les relations entre cet ex\u00e9cutif et la Ville centre, d\u2019autant plus avec l\u2019isolement de Marc Chassaub\u00e9n\u00e9. Pari peu \u00e9vident face au refus d\u2019une bonne partie de l\u2019assembl\u00e9e. Marc Chavanne, maire de Saint-Jean-Bonnefonds candidatait d\u2019ailleurs pour l\u2019emp\u00eacher. Et c\u2019est de justesse, par 46 voix contre 43 que Jean-Pierre Berger \u00e9tait finalement \u00e9lu dans le seul duel de la s\u00e9ance.<\/li>\n<\/ul>\n","protected":false},"excerpt":{"rendered":"A l\u2019instar de la municipalit\u00e9 st\u00e9phanoise, la d\u00e9mission \/ condamnation de Ga\u00ebl Perdriau exige de le remplacer \u00e0&hellip;\n","protected":false},"author":2,"featured_media":606396,"comment_status":"","ping_status":"","sticky":false,"template":"","format":"standard","meta":{"footnotes":""},"categories":[9653],"tags":[1111,11,2430,51134,15916,1777,674,1011,27,12242,71786,19629,27536,12,71787,25,4001,10060,36220],"class_list":{"0":"post-606395","1":"post","2":"type-post","3":"status-publish","4":"format-standard","5":"has-post-thumbnail","7":"category-saint-etienne","8":"tag-actu","9":"tag-actualites","10":"tag-auvergne-rhone-alpes","11":"tag-communes-de-saint-etienne-metropole","12":"tag-electif","13":"tag-eu","14":"tag-europe","15":"tag-fr","16":"tag-france","17":"tag-gael-perdriau","18":"tag-gerard-tardy","19":"tag-gouvernance","20":"tag-intercommunalite","21":"tag-news","22":"tag-presidence-saint-etienne-metropole","23":"tag-republique-francaise","24":"tag-saint-etienne","25":"tag-saint-etienne-metropole","26":"tag-sylvie-fayolle"},"share_on_mastodon":{"url":"https:\/\/pubeurope.com\/@fr\/115737822212188181","error":""},"_links":{"self":[{"href":"https:\/\/www.europesays.com\/fr\/wp-json\/wp\/v2\/posts\/606395","targetHints":{"allow":["GET"]}}],"collection":[{"href":"https:\/\/www.europesays.com\/fr\/wp-json\/wp\/v2\/posts"}],"about":[{"href":"https:\/\/www.europesays.com\/fr\/wp-json\/wp\/v2\/types\/post"}],"author":[{"embeddable":true,"href":"https:\/\/www.europesays.com\/fr\/wp-json\/wp\/v2\/users\/2"}],"replies":[{"embeddable":true,"href":"https:\/\/www.europesays.com\/fr\/wp-json\/wp\/v2\/comments?post=606395"}],"version-history":[{"count":0,"href":"https:\/\/www.europesays.com\/fr\/wp-json\/wp\/v2\/posts\/606395\/revisions"}],"wp:featuredmedia":[{"embeddable":true,"href":"https:\/\/www.europesays.com\/fr\/wp-json\/wp\/v2\/media\/606396"}],"wp:attachment":[{"href":"https:\/\/www.europesays.com\/fr\/wp-json\/wp\/v2\/media?parent=606395"}],"wp:term":[{"taxonomy":"category","embeddable":true,"href":"https:\/\/www.europesays.com\/fr\/wp-json\/wp\/v2\/categories?post=606395"},{"taxonomy":"post_tag","embeddable":true,"href":"https:\/\/www.europesays.com\/fr\/wp-json\/wp\/v2\/tags?post=606395"}],"curies":[{"name":"wp","href":"https:\/\/api.w.org\/{rel}","templated":true}]}}