{"id":606408,"date":"2025-12-18T00:57:34","date_gmt":"2025-12-18T00:57:34","guid":{"rendered":"https:\/\/www.europesays.com\/fr\/606408\/"},"modified":"2025-12-18T00:57:34","modified_gmt":"2025-12-18T00:57:34","slug":"la-tronche-des-orientations-budgetaires-sur-fond-de-baisses-de-recettes-inattendues","status":"publish","type":"post","link":"https:\/\/www.europesays.com\/fr\/606408\/","title":{"rendered":"La Tronche. Des orientations budg\u00e9taires sur fond \u00ab\u00a0de baisses de recettes inattendues\u00a0\u00bb"},"content":{"rendered":"<p>Alors que le vote du budget de la commune sera vot\u00e9 en f\u00e9vrier prochain, c\u2019est lors du dernier conseil municipal de cette ann\u00e9e, ce lundi 15\u00a0d\u00e9cembre, que le rapport d\u2019orientations budg\u00e9taires a \u00e9t\u00e9 pr\u00e9sent\u00e9. Comme chaque ann\u00e9e, il a \u00e9t\u00e9 suivi d\u2019un d\u00e9bat sur les orientations de la ville. \u00c9changes o\u00f9 il a \u00e9t\u00e9 fortement question de l\u2019avenir du projet de la future \u00e9cole Brise des Neiges (lire par ailleurs).<\/p>\n<p>Conseiller aux finances, c\u2019est une nouvelle&#8230;<\/p>\n","protected":false},"excerpt":{"rendered":"Alors que le vote du budget de la commune sera vot\u00e9 en f\u00e9vrier prochain, c\u2019est lors du dernier&hellip;\n","protected":false},"author":2,"featured_media":606409,"comment_status":"","ping_status":"","sticky":false,"template":"","format":"standard","meta":{"footnotes":""},"categories":[9566],"tags":[1111,11,2430,1984,112,1777,674,1011,27,2731,12297,9598,12,316,25],"class_list":{"0":"post-606408","1":"post","2":"type-post","3":"status-publish","4":"format-standard","5":"has-post-thumbnail","7":"category-grenoble","8":"tag-actu","9":"tag-actualites","10":"tag-auvergne-rhone-alpes","11":"tag-conseil-municipal","12":"tag-edition-grenoble-agglomeration","13":"tag-eu","14":"tag-europe","15":"tag-fr","16":"tag-france","17":"tag-grenoble","18":"tag-la-tronche","19":"tag-meylan-et-autour","20":"tag-news","21":"tag-politique","22":"tag-republique-francaise"},"share_on_mastodon":{"url":"https:\/\/pubeurope.com\/@fr\/115737856966151309","error":""},"_links":{"self":[{"href":"https:\/\/www.europesays.com\/fr\/wp-json\/wp\/v2\/posts\/606408","targetHints":{"allow":["GET"]}}],"collection":[{"href":"https:\/\/www.europesays.com\/fr\/wp-json\/wp\/v2\/posts"}],"about":[{"href":"https:\/\/www.europesays.com\/fr\/wp-json\/wp\/v2\/types\/post"}],"author":[{"embeddable":true,"href":"https:\/\/www.europesays.com\/fr\/wp-json\/wp\/v2\/users\/2"}],"replies":[{"embeddable":true,"href":"https:\/\/www.europesays.com\/fr\/wp-json\/wp\/v2\/comments?post=606408"}],"version-history":[{"count":0,"href":"https:\/\/www.europesays.com\/fr\/wp-json\/wp\/v2\/posts\/606408\/revisions"}],"wp:featuredmedia":[{"embeddable":true,"href":"https:\/\/www.europesays.com\/fr\/wp-json\/wp\/v2\/media\/606409"}],"wp:attachment":[{"href":"https:\/\/www.europesays.com\/fr\/wp-json\/wp\/v2\/media?parent=606408"}],"wp:term":[{"taxonomy":"category","embeddable":true,"href":"https:\/\/www.europesays.com\/fr\/wp-json\/wp\/v2\/categories?post=606408"},{"taxonomy":"post_tag","embeddable":true,"href":"https:\/\/www.europesays.com\/fr\/wp-json\/wp\/v2\/tags?post=606408"}],"curies":[{"name":"wp","href":"https:\/\/api.w.org\/{rel}","templated":true}]}}