{"id":606414,"date":"2025-12-18T01:00:15","date_gmt":"2025-12-18T01:00:15","guid":{"rendered":"https:\/\/www.europesays.com\/fr\/606414\/"},"modified":"2025-12-18T01:00:15","modified_gmt":"2025-12-18T01:00:15","slug":"previsions-du-jeudi-18-decembre-2025","status":"publish","type":"post","link":"https:\/\/www.europesays.com\/fr\/606414\/","title":{"rendered":"pr\u00e9visions du jeudi 18 d\u00e9cembre 2025"},"content":{"rendered":"<p>Rennes, o\u00f9 des nuages subsisteront aujourd&rsquo;hui, continuera de guetter le soleil. Les valeurs seront comprises entre 10 et 13\u00b0C. La ville sera touch\u00e9e par un vent de sud de 29 km\/h. Le matin, le soleil sera cach\u00e9 derri\u00e8re des nuages. Des pluies \u00e9parses vont tomber sur la ville. Le mercure affichera 12\u00b0C en moyenne. Le ciel sera relativement lumineux, avec quelques \u00e9claircies l&rsquo;apr\u00e8s-midi. Les temp\u00e9ratures afficheront entre 12 et 13\u00b0C. Un temps voil\u00e9 avec un d\u00e9veloppement de nuages est pr\u00e9vu dans la soir\u00e9e. Des pluies \u00e9parses sont pr\u00e9vues. Les valeurs s&rsquo;\u00e9chelonneront de 11 \u00e0 12\u00b0C. Le ciel sera pluvieux dans la nuit de jeudi \u00e0 vendredi.<\/p>\n<p>C&rsquo;est un soleil magnifique qui va briller demain sur Rennes. Les temp\u00e9ratures vont baisser de quelques degr\u00e9s. Les valeurs s&rsquo;\u00e9chelonneront entre 5 et 10\u00b0C. Une petite brise de nord-ouest sera ressentie par les habitants. Les valeurs seront de 8\u00b0C au minimum et de 9\u00b0C au maximum la matin\u00e9e. Les temp\u00e9ratures iront de 7 \u00e0 10\u00b0C sur l&rsquo;ensemble de l&rsquo;apr\u00e8s-midi. Des \u00e9claircies sont attendues : on passera une soir\u00e9e cl\u00e9mente. Les valeurs seront comprises entre 6 et 7\u00b0C.<\/p>\n<p>Les conditions m\u00e9t\u00e9orologiques des jours qui suivent vont \u00e9voluer peu \u00e0 peu. M\u00eame si le beau temps persistera un peu samedi, il faut s&rsquo;attendre \u00e0 une d\u00e9gradation par la suite.<\/p>\n<p><\/p>\n","protected":false},"excerpt":{"rendered":"Rennes, o\u00f9 des nuages subsisteront aujourd&rsquo;hui, continuera de guetter le soleil. Les valeurs seront comprises entre 10 et&hellip;\n","protected":false},"author":2,"featured_media":606415,"comment_status":"","ping_status":"","sticky":false,"template":"","format":"standard","meta":{"footnotes":""},"categories":[2821],"tags":[1111,11,829,1777,674,1011,27,12,2119,584,25],"class_list":{"0":"post-606414","1":"post","2":"type-post","3":"status-publish","4":"format-standard","5":"has-post-thumbnail","7":"category-rennes","8":"tag-actu","9":"tag-actualites","10":"tag-bretagne","11":"tag-eu","12":"tag-europe","13":"tag-fr","14":"tag-france","15":"tag-news","16":"tag-previsions-meteo","17":"tag-rennes","18":"tag-republique-francaise"},"share_on_mastodon":{"url":"https:\/\/pubeurope.com\/@fr\/115737868795356019","error":""},"_links":{"self":[{"href":"https:\/\/www.europesays.com\/fr\/wp-json\/wp\/v2\/posts\/606414","targetHints":{"allow":["GET"]}}],"collection":[{"href":"https:\/\/www.europesays.com\/fr\/wp-json\/wp\/v2\/posts"}],"about":[{"href":"https:\/\/www.europesays.com\/fr\/wp-json\/wp\/v2\/types\/post"}],"author":[{"embeddable":true,"href":"https:\/\/www.europesays.com\/fr\/wp-json\/wp\/v2\/users\/2"}],"replies":[{"embeddable":true,"href":"https:\/\/www.europesays.com\/fr\/wp-json\/wp\/v2\/comments?post=606414"}],"version-history":[{"count":0,"href":"https:\/\/www.europesays.com\/fr\/wp-json\/wp\/v2\/posts\/606414\/revisions"}],"wp:featuredmedia":[{"embeddable":true,"href":"https:\/\/www.europesays.com\/fr\/wp-json\/wp\/v2\/media\/606415"}],"wp:attachment":[{"href":"https:\/\/www.europesays.com\/fr\/wp-json\/wp\/v2\/media?parent=606414"}],"wp:term":[{"taxonomy":"category","embeddable":true,"href":"https:\/\/www.europesays.com\/fr\/wp-json\/wp\/v2\/categories?post=606414"},{"taxonomy":"post_tag","embeddable":true,"href":"https:\/\/www.europesays.com\/fr\/wp-json\/wp\/v2\/tags?post=606414"}],"curies":[{"name":"wp","href":"https:\/\/api.w.org\/{rel}","templated":true}]}}