{"id":606418,"date":"2025-12-18T01:02:24","date_gmt":"2025-12-18T01:02:24","guid":{"rendered":"https:\/\/www.europesays.com\/fr\/606418\/"},"modified":"2025-12-18T01:02:24","modified_gmt":"2025-12-18T01:02:24","slug":"quelle-chaine-et-quelle-heure-pour-strasbourg","status":"publish","type":"post","link":"https:\/\/www.europesays.com\/fr\/606418\/","title":{"rendered":"Quelle cha\u00eene et quelle heure pour Strasbourg"},"content":{"rendered":"<p>Strasbourg a parfaitement rempli son objectif en phase de ligue de la Ligue Europa Conf\u00e9rence : se qualifier directement pour les huiti\u00e8mes de finale. Le Racing, solide et constant, a su se montrer efficace tout au long de cette premi\u00e8re phase de la comp\u00e9tition, terminant parmi les huit meilleurs. Cette r\u00e9ussite permet aux Alsaciens de pr\u00e9parer sereinement la suite de leur parcours europ\u00e9en, avec l\u2019ambition de ne pas se contenter de passer le cap mais \u00e9galement de jouer un r\u00f4le pr\u00e9pond\u00e9rant dans la comp\u00e9tition.<\/p>\n<p>L\u2019objectif imm\u00e9diat du Racing est d\u00e9sormais clair : consolider sa premi\u00e8re place au classement. Cette position n\u2019est pas anodine, car elle conf\u00e8re un avantage strat\u00e9gique non n\u00e9gligeable. En terminant premier, Strasbourg pourra recevoir lors du match retour de chaque double confrontation lors de la phase \u00e0 \u00e9limination directe.<\/p>\n<p>Top 8 acquis, il faut maintenant assurer la premi\u00e8re place<\/p>\n<p>Cet avantage, souvent d\u00e9terminant dans les tournois europ\u00e9ens, permet aux \u00e9quipes de pr\u00e9parer plus sereinement les matchs \u00e0 l\u2019ext\u00e9rieur et de b\u00e9n\u00e9ficier d\u2019un soutien massif de leur public lors des rencontres d\u00e9cisives. C\u2019est donc une motivation suppl\u00e9mentaire pour les joueurs et le staff, qui savent que chaque point compte dans cette derni\u00e8re journ\u00e9e.<\/p>\n<p>Pour atteindre cet objectif, Strasbourg devra s\u2019imposer face \u00e0 Breidablik, qui se d\u00e9place en France avec ses propres ambitions. Sur le papier, la confrontation semble largement en faveur des Alsaciens. Actuellement 27es au classement g\u00e9n\u00e9ral avec seulement cinq points, les Islandais apparaissent comme une \u00e9quipe en difficult\u00e9. Leur parcours dans cette phase de ligue a \u00e9t\u00e9 ponctu\u00e9 de r\u00e9sultats mitig\u00e9s, et les statistiques jouent largement en faveur des Strasbourgeois.<\/p>\n<p>Cependant, il serait pr\u00e9matur\u00e9 de consid\u00e9rer l\u2019\u00e9quipe islandaise comme un simple faire-valoir. Breidablik peut encore esp\u00e9rer une qualification en barrage et viendra donc en France avec l\u2019intention de se battre pour arracher un r\u00e9sultat favorable. La rencontre sera \u00e0 suivre ce jeudi \u00e0 21h, sur Canal+Foot.<\/p>\n<p>Les compos probables<\/p>\n<p><strong>Strasbourg<\/strong> : Penders &#8211; G. Dou\u00e9, Omobamidele, H\u00f6gsberg, Chilwell &#8211; Amougou, Doukour\u00e9, Luis &#8211; Amo-Ameyaw, Panichelli, Godo<\/p>\n<p><strong>Breidablik<\/strong> : Einarsson &#8211; Valgeirsson, Margeirsson, Muminovic, Ingvarsson &#8211; Gunnlaugsson, Jonsson, Einarsson &#8211; Omarsson, Thorsteinsson, Bjarnason<\/p>\n<p>   Partagez cette info avec vos amis et vos proches en cliquant ici<br \/> Pour r\u00e9sumer<\/p>\n<p>Le RC Strasbourg vise \u00e0 consolider sa 1\u02b3\u1d49 place en Ligue Europa Conf\u00e9rence face \u00e0 Breidablik. Qualifi\u00e9s pour les huiti\u00e8mes, les Alsaciens, favoris, devront rester vigilants face aux Islandais encore en lice pour un barrage.<\/p>\n<p>R\u00e9dacteur<\/p>\n<p><img decoding=\"async\" width=\"76\" height=\"76\" loading=\"lazy\" src=\"https:\/\/www.europesays.com\/fr\/wp-content\/uploads\/2025\/04\/avatar-onze.webp.webp\" alt=\"Nathan Bricout\"\/><\/p>\n","protected":false},"excerpt":{"rendered":"Strasbourg a parfaitement rempli son objectif en phase de ligue de la Ligue Europa Conf\u00e9rence : se qualifier&hellip;\n","protected":false},"author":2,"featured_media":606419,"comment_status":"","ping_status":"","sticky":false,"template":"","format":"standard","meta":{"footnotes":""},"categories":[2820],"tags":[1111,11,1777,674,1011,27,775,5843,12,25,640],"class_list":{"0":"post-606418","1":"post","2":"type-post","3":"status-publish","4":"format-standard","5":"has-post-thumbnail","7":"category-strasbourg","8":"tag-actu","9":"tag-actualites","10":"tag-eu","11":"tag-europe","12":"tag-fr","13":"tag-france","14":"tag-grand-est","15":"tag-ligue-europa","16":"tag-news","17":"tag-republique-francaise","18":"tag-strasbourg"},"share_on_mastodon":{"url":"https:\/\/pubeurope.com\/@fr\/115737876529557089","error":""},"_links":{"self":[{"href":"https:\/\/www.europesays.com\/fr\/wp-json\/wp\/v2\/posts\/606418","targetHints":{"allow":["GET"]}}],"collection":[{"href":"https:\/\/www.europesays.com\/fr\/wp-json\/wp\/v2\/posts"}],"about":[{"href":"https:\/\/www.europesays.com\/fr\/wp-json\/wp\/v2\/types\/post"}],"author":[{"embeddable":true,"href":"https:\/\/www.europesays.com\/fr\/wp-json\/wp\/v2\/users\/2"}],"replies":[{"embeddable":true,"href":"https:\/\/www.europesays.com\/fr\/wp-json\/wp\/v2\/comments?post=606418"}],"version-history":[{"count":0,"href":"https:\/\/www.europesays.com\/fr\/wp-json\/wp\/v2\/posts\/606418\/revisions"}],"wp:featuredmedia":[{"embeddable":true,"href":"https:\/\/www.europesays.com\/fr\/wp-json\/wp\/v2\/media\/606419"}],"wp:attachment":[{"href":"https:\/\/www.europesays.com\/fr\/wp-json\/wp\/v2\/media?parent=606418"}],"wp:term":[{"taxonomy":"category","embeddable":true,"href":"https:\/\/www.europesays.com\/fr\/wp-json\/wp\/v2\/categories?post=606418"},{"taxonomy":"post_tag","embeddable":true,"href":"https:\/\/www.europesays.com\/fr\/wp-json\/wp\/v2\/tags?post=606418"}],"curies":[{"name":"wp","href":"https:\/\/api.w.org\/{rel}","templated":true}]}}