{"id":606421,"date":"2025-12-18T01:04:17","date_gmt":"2025-12-18T01:04:17","guid":{"rendered":"https:\/\/www.europesays.com\/fr\/606421\/"},"modified":"2025-12-18T01:04:17","modified_gmt":"2025-12-18T01:04:17","slug":"radio-intensite-cyclisme-le-parcours-2026-du-paris-nice","status":"publish","type":"post","link":"https:\/\/www.europesays.com\/fr\/606421\/","title":{"rendered":"RADIO INTENSITE | Cyclisme : le parcours 2026 du Paris-Nice"},"content":{"rendered":"<p><img decoding=\"async\" class=\"\" style=\"width:100%;max-width:100%\" src=\"https:\/\/www.europesays.com\/fr\/wp-content\/uploads\/2025\/12\/cycling_1555983_12801742928200625-format16by9.jpg\" alt=\"Cyclisme illustration\"\/><\/p>\n<p>Course cycliste sur route. Photo d&rsquo;illustration \u00a9 Image libre de droits <\/p>\n<p style=\"text-align: justify;\">Ce 17 d\u00e9cembre, certains s&rsquo;impatientent de conna\u00eetre le trac\u00e9 de la Vuelta 2026, le Tour d&rsquo;Espagne. D&rsquo;autres se r\u00e9jouissent de d\u00e9couvrir le parcours de l\u2019\u00e9dition 2026 de Paris-Nice. Il a \u00e9t\u00e9 d\u00e9voil\u00e9 ce mercredi matin. <\/p>\n<p style=\"text-align: justify;\">La 84\u00e8me \u00e9dition partira le 8 mars d&rsquo;Ach\u00e8res dans les Yvelines pour rejoindre Carri\u00e8res-sous-Poissy, apr\u00e8s 171 kilom\u00e8tres. La deuxi\u00e8me \u00e9tape s&rsquo;effectuera entre Ep\u00f4ne (Yvelines) et Montargis dans le Loiret, au bout 187 kilom\u00e8tres de course. Bourges, dans le Cher, sera la ville h\u00f4te pour le d\u00e9part de la troisi\u00e8me \u00e9tape, le 11 mars. L&rsquo;arriv\u00e9e finale des cyclistes se fera <strong>\u00e0 Nice le 15 mars<\/strong>. Lors de la derni\u00e8re \u00e9dition, c&rsquo;est l&rsquo;Am\u00e9ricain Matteo Jorgenson qui s&rsquo;est impos\u00e9. Le parcpurs complet \u00e0 retrouver ici : <a href=\"https:\/\/www.paris-nice.fr\/fr\" rel=\"noopener\" style=\"color: #3598db;\" target=\"_blank\">Paris-Nice 2026<\/a>. La liste des engag\u00e9s pour chaque formation sera d\u00e9voil\u00e9e dans les prochaines semaines.<\/p>\n<p style=\"text-align: justify;\">\u00a0<\/p>\n","protected":false},"excerpt":{"rendered":"Course cycliste sur route. Photo d&rsquo;illustration \u00a9 Image libre de droits Ce 17 d\u00e9cembre, certains s&rsquo;impatientent de conna\u00eetre&hellip;\n","protected":false},"author":2,"featured_media":606422,"comment_status":"","ping_status":"","sticky":false,"template":"","format":"standard","meta":{"footnotes":""},"categories":[2819],"tags":[1111,11,10302,3139,207,71788,10070,71789,1777,674,1011,27,13961,71790,12,2401,24772,71791,882,61301,25,60,1938],"class_list":{"0":"post-606421","1":"post","2":"type-post","3":"status-publish","4":"format-standard","5":"has-post-thumbnail","7":"category-nice","8":"tag-actu","9":"tag-actualites","10":"tag-bourges","11":"tag-cher","12":"tag-cyclisme","13":"tag-cyclisme-loiret","14":"tag-cyclisme-sur-route","15":"tag-cyclisme-yvelines","16":"tag-eu","17":"tag-europe","18":"tag-fr","19":"tag-france","20":"tag-loiret","21":"tag-matteo-jorgenson","22":"tag-news","23":"tag-nice","24":"tag-paris-nice","25":"tag-paris-nice-cyclisme","26":"tag-provence-alpes-cote-dazur","27":"tag-region-centre-val-de-loire","28":"tag-republique-francaise","29":"tag-sports","30":"tag-yvelines"},"share_on_mastodon":{"url":"https:\/\/pubeurope.com\/@fr\/115737884581568965","error":""},"_links":{"self":[{"href":"https:\/\/www.europesays.com\/fr\/wp-json\/wp\/v2\/posts\/606421","targetHints":{"allow":["GET"]}}],"collection":[{"href":"https:\/\/www.europesays.com\/fr\/wp-json\/wp\/v2\/posts"}],"about":[{"href":"https:\/\/www.europesays.com\/fr\/wp-json\/wp\/v2\/types\/post"}],"author":[{"embeddable":true,"href":"https:\/\/www.europesays.com\/fr\/wp-json\/wp\/v2\/users\/2"}],"replies":[{"embeddable":true,"href":"https:\/\/www.europesays.com\/fr\/wp-json\/wp\/v2\/comments?post=606421"}],"version-history":[{"count":0,"href":"https:\/\/www.europesays.com\/fr\/wp-json\/wp\/v2\/posts\/606421\/revisions"}],"wp:featuredmedia":[{"embeddable":true,"href":"https:\/\/www.europesays.com\/fr\/wp-json\/wp\/v2\/media\/606422"}],"wp:attachment":[{"href":"https:\/\/www.europesays.com\/fr\/wp-json\/wp\/v2\/media?parent=606421"}],"wp:term":[{"taxonomy":"category","embeddable":true,"href":"https:\/\/www.europesays.com\/fr\/wp-json\/wp\/v2\/categories?post=606421"},{"taxonomy":"post_tag","embeddable":true,"href":"https:\/\/www.europesays.com\/fr\/wp-json\/wp\/v2\/tags?post=606421"}],"curies":[{"name":"wp","href":"https:\/\/api.w.org\/{rel}","templated":true}]}}