{"id":606429,"date":"2025-12-18T01:08:32","date_gmt":"2025-12-18T01:08:32","guid":{"rendered":"https:\/\/www.europesays.com\/fr\/606429\/"},"modified":"2025-12-18T01:08:32","modified_gmt":"2025-12-18T01:08:32","slug":"ex-girondins-eric-blahic-ancien-adjoint-de-gourvennec-a-bordeaux-debarque-au-fc-nantes","status":"publish","type":"post","link":"https:\/\/www.europesays.com\/fr\/606429\/","title":{"rendered":"Ex-Girondins : \u00c9ric Blahic, ancien adjoint de Gourvennec \u00e0 Bordeaux, d\u00e9barque au FC Nantes !"},"content":{"rendered":"<p><img decoding=\"async\" src=\"https:\/\/www.europesays.com\/fr\/wp-content\/uploads\/2025\/12\/671_c43e73972f4e9c94de84de0c42c48d88.jpg\" alt=\"Ex-Girondins : \u00c9ric Blahic, ancien adjoint de Gourvennec \u00e0 Bordeaux, d\u00e9barque au FC Nantes !\" class=\"img-responsive mt-3\"\/><\/p>\n<p class=\"text-center mb-3\" style=\"font-size: 14px\">\u00a9 Iconsport<\/p>\n<p>      <strong>Ancien des Girondins de Bordeaux, \u00c9ric Blahic devient l&rsquo;adjoint d&rsquo;Ahmed Kantari au FC Nantes<\/strong><\/p>\n<p style=\"text-align: justify;\">Le carrousel des entra\u00eeneurs s&rsquo;agite en Ligue 1 et touche indirectement les Girondins de Bordeaux. Selon les informations de <a href=\"https:\/\/www.lequipe.fr\/Football\/Actualites\/Luis-castro-n-est-plus-l-entraineur-du-fc-nantes-ahmed-kantari-va-le-remplacer\/1616017\" target=\"_blank\" rel=\"noopener\">L&rsquo;\u00c9quipe<\/a>, confirm\u00e9es par la suite, \u00c9ric Blahic (60 ans) s&rsquo;appr\u00eate \u00e0 rejoindre le staff technique du FC Nantes.<\/p>\n<p style=\"text-align: justify;\">Le technicien breton officiera en tant qu&rsquo;adjoint d&rsquo;Ahmed Kantari, fra\u00eechement nomm\u00e9 \u00e0 la t\u00eate des Canaris pour remplacer Luis Castro, d\u00e9mis de ses fonctions. Un renfort d&rsquo;exp\u00e9rience pour le banc nantais, puisque Blahic sort d&rsquo;une aventure riche avec les s\u00e9lections nationales.<\/p>\n<p><strong>Un passage remarqu\u00e9 au Haillan<\/strong><\/p>\n<p style=\"text-align: justify;\">Pour les supporters des Girondins, le visage d&rsquo;\u00c9ric Blahic est familier. Il a en effet \u00e9t\u00e9 le fid\u00e8le bras droit de Jocelyn Gourvennec lors de son passage sur le banc du FCGB entre 2016 et 2018. Ensemble, ils avaient men\u00e9 Bordeaux jusqu&rsquo;en Coupe d&rsquo;Europe, s&rsquo;appuyant sur une connaissance tactique solide.<\/p>\n<p style=\"text-align: justify;\">Outre son passage en Gironde, \u00c9ric Blahic poss\u00e8de un CV impressionnant dans le football fran\u00e7ais :<\/p>\n<p><strong>Adjoint historique \u00e0 l&rsquo;En Avant Guingamp<\/strong><\/p>\n<p style=\"text-align: justify;\">Pass\u00e9 par le Paris Saint-Germain et Sochaux aux c\u00f4t\u00e9s de Guy Lacombe. Membre du staff de l&rsquo;\u00e9quipe de France f\u00e9minine sous Corinne Diacre puis Herv\u00e9 Renard.<\/p>\n<p style=\"text-align: justify;\">Libre de tout engagement depuis son d\u00e9part de la Direction Technique Nationale (DTN) en septembre 2024, cet ancien membre du staff bordelais retrouve donc la Ligue 1. Sa mission sera claire : apporter toute son expertise \u00e0 Ahmed Kantari pour assurer le maintien du FC Nantes dans l&rsquo;\u00e9lite, un d\u00e9fi de taille.<\/p>\n<p><strong><br \/><\/strong>\u00c0 lire &gt;&gt; <strong><a href=\"https:\/\/www.webgirondins.com\/actualite-mercato-mercato-un-defenseur-axial-et-polyvalent-dans-le-viseur-des-girondins-131520\" target=\"_blank\" rel=\"noopener\">Mercato : un d\u00e9fenseur axial et polyvalent dans le viseur des Girondins<\/a><\/strong><\/p>\n<p style=\"text-align: justify;\">\u00c9coutez dans le podcast court ci-dessous les trois tops de Montlouis-Bordeaux en championnat (moins de deux minutes) :<\/p>\n","protected":false},"excerpt":{"rendered":"\u00a9 Iconsport Ancien des Girondins de Bordeaux, \u00c9ric Blahic devient l&rsquo;adjoint d&rsquo;Ahmed Kantari au FC Nantes Le carrousel&hellip;\n","protected":false},"author":2,"featured_media":606430,"comment_status":"","ping_status":"","sticky":false,"template":"","format":"standard","meta":{"footnotes":""},"categories":[2817],"tags":[1111,11,16190,4255,71792,1997,11465,1994,11792,1086,1777,674,1011,27,1987,14741,14740,766,12,3870,2219,25,3107,5256],"class_list":{"0":"post-606429","1":"post","2":"type-post","3":"status-publish","4":"format-standard","5":"has-post-thumbnail","7":"category-bordeaux","8":"tag-actu","9":"tag-actualites","10":"tag-adjoint","11":"tag-ancien","12":"tag-blahic","13":"tag-bordeaux","14":"tag-debarque","15":"tag-entraineur","16":"tag-eric","17":"tag-etre","18":"tag-eu","19":"tag-europe","20":"tag-fr","21":"tag-france","22":"tag-girondins","23":"tag-gourvennec","24":"tag-jocelyn","25":"tag-nantes","26":"tag-news","27":"tag-nomme","28":"tag-nouvelle-aquitaine","29":"tag-republique-francaise","30":"tag-sous","31":"tag-vient"},"share_on_mastodon":{"url":"https:\/\/pubeurope.com\/@fr\/115737901363978193","error":""},"_links":{"self":[{"href":"https:\/\/www.europesays.com\/fr\/wp-json\/wp\/v2\/posts\/606429","targetHints":{"allow":["GET"]}}],"collection":[{"href":"https:\/\/www.europesays.com\/fr\/wp-json\/wp\/v2\/posts"}],"about":[{"href":"https:\/\/www.europesays.com\/fr\/wp-json\/wp\/v2\/types\/post"}],"author":[{"embeddable":true,"href":"https:\/\/www.europesays.com\/fr\/wp-json\/wp\/v2\/users\/2"}],"replies":[{"embeddable":true,"href":"https:\/\/www.europesays.com\/fr\/wp-json\/wp\/v2\/comments?post=606429"}],"version-history":[{"count":0,"href":"https:\/\/www.europesays.com\/fr\/wp-json\/wp\/v2\/posts\/606429\/revisions"}],"wp:featuredmedia":[{"embeddable":true,"href":"https:\/\/www.europesays.com\/fr\/wp-json\/wp\/v2\/media\/606430"}],"wp:attachment":[{"href":"https:\/\/www.europesays.com\/fr\/wp-json\/wp\/v2\/media?parent=606429"}],"wp:term":[{"taxonomy":"category","embeddable":true,"href":"https:\/\/www.europesays.com\/fr\/wp-json\/wp\/v2\/categories?post=606429"},{"taxonomy":"post_tag","embeddable":true,"href":"https:\/\/www.europesays.com\/fr\/wp-json\/wp\/v2\/tags?post=606429"}],"curies":[{"name":"wp","href":"https:\/\/api.w.org\/{rel}","templated":true}]}}