{"id":606431,"date":"2025-12-18T01:09:14","date_gmt":"2025-12-18T01:09:14","guid":{"rendered":"https:\/\/www.europesays.com\/fr\/606431\/"},"modified":"2025-12-18T01:09:14","modified_gmt":"2025-12-18T01:09:14","slug":"gel-des-tarifs-en-2026-sur-cette-ligne-de-train-en-raison-dun-service-tres-degrade","status":"publish","type":"post","link":"https:\/\/www.europesays.com\/fr\/606431\/","title":{"rendered":"gel des tarifs\u00a0\u00bb en 2026 sur cette ligne de train, en raison d&rsquo;un service \u00ab\u00a0tr\u00e8s d\u00e9grad\u00e9"},"content":{"rendered":"<p>                    Par<br \/>\n        <strong><br \/>\n            <a href=\"https:\/\/actu.fr\/auteur\/guillaume-laurens\" title=\"Consulter tous les articles de Guillaume Laurens\" target=\"_blank\" rel=\"noopener\">Guillaume Laurens<\/a><br \/>\n                    <\/strong><\/p>\n<p>        Publi\u00e9 le<\/p>\n<p>            17 d\u00e9c. 2025 \u00e0 18h29        <\/p>\n<p>Dans le cadre des \u00ab\u00a0mesures de redressement de la qualit\u00e9 de service\u00a0\u00bb prises pour deux lignes de train qu\u2019il juge \u00ab\u00a0essentielles \u00e0 l\u2019am\u00e9nagement du territoire\u00a0\u00bb, le ministre des Transports <strong>Philippe Tabarot<\/strong> a annonc\u00e9 mardi 16 d\u00e9cembre 2025 en soir\u00e9e une mesure \u00ab\u00a0en faveur des usagers\u00a0\u00bb : le <strong>gel en 2026 des tarifs des billets<\/strong> sur\u00a0ces deux lignes de trains d\u2019\u00e9quilibre du territoire (TET), parmi lesquelles <a href=\"https:\/\/actu.fr\/occitanie\/toulouse_31555\/travaux-de-modernisation-sur-la-ligne-paris-toulouse-le-trajet-reduit-de-22-minutes-d-ici-a-2025_38422167.html\" target=\"_blank\" rel=\"noopener\">Paris\u2013Limoges-Toulouse<\/a>, alors qu\u2019il devait <strong>augmenter de 1,4 %.<\/strong><\/p>\n<p>Deux lignes \u00e0 la \u00ab\u00a0qualit\u00e9 de service tr\u00e8s d\u00e9grad\u00e9e\u00a0\u00bb<\/p>\n<p class=\" wall-content\">La mesure concerne sp\u00e9cifiquement les lignes de trains d\u2019\u00e9quilibre du territoire (TET) <strong>Paris\u2013Clermont-Ferrand<\/strong> et <strong>Paris\u2013Limoges-Toulouse<\/strong>. \u00ab\u00a0\u00c0 l\u2019approche du 1\u1d49\u02b3 janvier et des \u00e9volutions tarifaires habituellement appliqu\u00e9es, le ministre a d\u00e9cid\u00e9 de<strong> ne pas r\u00e9percuter la hausse de l\u2019inflation<\/strong>, estim\u00e9e \u00e0 1,4 %, sur les tarifs 2026 pour les usagers de ces deux lignes\u00a0\u00bb, annonce le minist\u00e8re des Transports. Si le gouvernement <strong>joue les P\u00e8re No\u00ebl<\/strong> avant l\u2019heure, c\u2019est aussi et surtout parce que l\u2019\u00e9tat de ces lignes est <strong>\u00ab\u00a0tr\u00e8s d\u00e9grad\u00e9\u00a0\u00bb.<\/strong><\/p>\n<blockquote class=\"ac-article-quote wall-content\">\n<p>Cette d\u00e9cision s\u2019explique par une qualit\u00e9 de service jug\u00e9e tr\u00e8s d\u00e9grad\u00e9e dans la phase transitoire actuelle, alors que les mesures d\u2019am\u00e9lioration engag\u00e9es porteront leur effet complet et maximal avec la mise en service des nouvelles rames Oxyg\u00e8ne en 2027.<\/p>\n<p>    <strong>Le minist\u00e8re des Transports<\/strong>\n            <\/p><\/blockquote>\n<p class=\" wall-content\"><strong>Ce gel tarifaire b\u00e9n\u00e9ficiera \u00e0 4,7 millions de voyageurs<\/strong> au total, selon le minist\u00e8re, <strong>dont les 2,8 millions<\/strong> de la ligne Paris\u2013Orl\u00e9ans\u2013Limoges\u2013Toulouse (POLT).<\/p>\n<p>Vid\u00e9os : en ce moment sur Actu\u00ab\u00a0Am\u00e9liorer la r\u00e9gularit\u00e9 et la fiabilit\u00e9 des trajets\u00a0\u00bb<\/p>\n<p class=\" wall-content\">Le minist\u00e8re fait valoir que ce coup de pouce \u00ab\u00a0vient compl\u00e9ter les mesures engag\u00e9es sur ces deux lignes pour <strong>am\u00e9liorer la r\u00e9gularit\u00e9<\/strong> et la <strong>fiabilit\u00e9<\/strong> des trajets\u00a0\u00bb et des investissements significatifs\u00a0\u00bb qui sont \u00ab\u00a0r\u00e9alis\u00e9s depuis 2018 pour am\u00e9liorer le r\u00e9seau\u00a0\u00bb.<\/p>\n<p class=\" wall-content\">Il rappelle que \u00ab\u00a01,9 milliard d\u2019euros sont investis \u00e0 horizon 2027 pour am\u00e9liorer l\u2019infrastructure ferroviaire de la ligne POLT\u00a0\u00bb, qui a fait l\u2019objet en 2018, d\u2019une commande de nouvelles rames Oxyg\u00e8ne, aupr\u00e8s du constructeur CAF\u00a0\u00bb, en principe <strong>livr\u00e9es dans deux ans<\/strong>.<\/p>\n<p>Votre r\u00e9gion, votre actu !<\/p>\n<p>Recevez chaque jour les infos qui comptent pour vous.<\/p>\n<p>\t<a href=\"https:\/\/actu.fr\/newsletter\" class=\"ac-btn ac-btn--corner ac-btn--medium ac-btn--blue800\" target=\"_blank\" rel=\"noopener\">S&rsquo;incrire<\/a><br \/>\nUne \u00ab\u00a0situation inacceptable\u00a0\u00bb pour le ministre<\/p>\n<p class=\" wall-content\">En avril, Philippe Tabarot avait \u00e9galement annonc\u00e9 d\u2019autres mesures avant la mise en service de ces nouvelles rames, \u00e0 savoir \u00ab\u00a0l\u2019am\u00e9lioration de la maintenance pr\u00e9dictive des locomotives\u00a0\u00bb, le \u00ab\u00a0renforcement des \u00e9quipes d\u2019ing\u00e9nierie d\u2019Intercit\u00e9s\u00a0\u00bb et la \u00ab\u00a0g\u00e9n\u00e9ralisation de <strong>l\u2019indemnisation \u00e0 hauteur de 200 %<\/strong> en cas de <strong>retard<\/strong> de plus de <strong>3 heures\u00a0\u00bb.<\/strong><\/p>\n<p class=\" wall-content\">\u00ab\u00a0Depuis un an, j\u2019\u00e9coute et j\u2019\u00e9change avec les \u00e9lus, les repr\u00e9sentants des usagers et les \u00e9quipes de la SNCF pour faire \u00e9voluer la <strong>situation inacceptable<\/strong> des lignes Paris\u2013Clermont-Ferrand et Paris\u2013Orl\u00e9ans-Limoges-Toulouse\u00a0\u00bb, fait valoir le ministre. \u00ab\u00a0Les usagers attendent des am\u00e9liorations concr\u00e8tes et rapides\u00a0\u00bb, souligne-t-il, pr\u00e9cisant que \u00ab\u00a0ces deux chantiers constituent aujourd\u2019hui les plus importants programmes nationaux de r\u00e9g\u00e9n\u00e9ration\u00a0\u00bb.<\/p>\n<p class=\" wall-content\">Personnalisez votre actualit\u00e9 en ajoutant vos villes et m\u00e9dias en favori avec <a href=\"https:\/\/moncompte.actu.fr\" title=\"D\u00e9couvez Mon Actu\" rel=\"nofollow noopener\" data-trk=\"{&quot;cta&quot;:{&quot;action&quot;:&quot;https:\\\/\\\/moncompte.actu.fr&quot;,&quot;category&quot;:&quot;mon compte&quot;,&quot;from&quot;:&quot;article footer&quot;,&quot;name&quot;:&quot;Mon actu&quot;,&quot;type&quot;:&quot;cta&quot;}}\" target=\"_blank\">Mon Actu<\/a>.<\/p>\n","protected":false},"excerpt":{"rendered":"Par Guillaume Laurens Publi\u00e9 le 17 d\u00e9c. 2025 \u00e0 18h29 Dans le cadre des \u00ab\u00a0mesures de redressement de&hellip;\n","protected":false},"author":2,"featured_media":606432,"comment_status":"","ping_status":"","sticky":false,"template":"","format":"standard","meta":{"footnotes":""},"categories":[2816],"tags":[1111,11,1777,674,1011,27,12,2680,2922,25,2215,104,2312,2803],"class_list":{"0":"post-606431","1":"post","2":"type-post","3":"status-publish","4":"format-standard","5":"has-post-thumbnail","7":"category-toulouse","8":"tag-actu","9":"tag-actualites","10":"tag-eu","11":"tag-europe","12":"tag-fr","13":"tag-france","14":"tag-news","15":"tag-occitanie","16":"tag-pouvoir-dachat","17":"tag-republique-francaise","18":"tag-sncf","19":"tag-societe","20":"tag-toulouse","21":"tag-transport"},"share_on_mastodon":{"url":"https:\/\/pubeurope.com\/@fr\/115737904129815170","error":""},"_links":{"self":[{"href":"https:\/\/www.europesays.com\/fr\/wp-json\/wp\/v2\/posts\/606431","targetHints":{"allow":["GET"]}}],"collection":[{"href":"https:\/\/www.europesays.com\/fr\/wp-json\/wp\/v2\/posts"}],"about":[{"href":"https:\/\/www.europesays.com\/fr\/wp-json\/wp\/v2\/types\/post"}],"author":[{"embeddable":true,"href":"https:\/\/www.europesays.com\/fr\/wp-json\/wp\/v2\/users\/2"}],"replies":[{"embeddable":true,"href":"https:\/\/www.europesays.com\/fr\/wp-json\/wp\/v2\/comments?post=606431"}],"version-history":[{"count":0,"href":"https:\/\/www.europesays.com\/fr\/wp-json\/wp\/v2\/posts\/606431\/revisions"}],"wp:featuredmedia":[{"embeddable":true,"href":"https:\/\/www.europesays.com\/fr\/wp-json\/wp\/v2\/media\/606432"}],"wp:attachment":[{"href":"https:\/\/www.europesays.com\/fr\/wp-json\/wp\/v2\/media?parent=606431"}],"wp:term":[{"taxonomy":"category","embeddable":true,"href":"https:\/\/www.europesays.com\/fr\/wp-json\/wp\/v2\/categories?post=606431"},{"taxonomy":"post_tag","embeddable":true,"href":"https:\/\/www.europesays.com\/fr\/wp-json\/wp\/v2\/tags?post=606431"}],"curies":[{"name":"wp","href":"https:\/\/api.w.org\/{rel}","templated":true}]}}