{"id":606433,"date":"2025-12-18T01:10:18","date_gmt":"2025-12-18T01:10:18","guid":{"rendered":"https:\/\/www.europesays.com\/fr\/606433\/"},"modified":"2025-12-18T01:10:18","modified_gmt":"2025-12-18T01:10:18","slug":"previsions-du-jeudi-18-decembre-2025-2","status":"publish","type":"post","link":"https:\/\/www.europesays.com\/fr\/606433\/","title":{"rendered":"pr\u00e9visions du jeudi 18 d\u00e9cembre 2025"},"content":{"rendered":"<p>\u00c0 Toulouse, les valeurs seront de 9\u00b0C au minimum et de 15\u00b0C au plus haut la journ\u00e9e. Un vent de sud-est est attendu : il soufflera \u00e0 21 km\/h. Le ciel sera assez lumineux, avec quelques \u00e9claircies le matin. Il fera en moyenne 11\u00b0C. Le soleil sera au rendez-vous : un bel apr\u00e8s-midi se pr\u00e9sente ! Les maximales iront jusqu&rsquo;\u00e0 15\u00b0C et les minimales seront de 12\u00b0C. Des \u00e9claircies appara\u00eetront dans la soir\u00e9e. Le mercure affichera 12\u00b0C en moyenne. Pendant votre sommeil, dans la nuit de jeudi \u00e0 vendredi, le ciel sera clair.<\/p>\n<p>Demain, des nuages feront leur apparition sur Toulouse. Le mercure va chuter de quelques degr\u00e9s. Il va faire 11\u00b0C en moyenne. D&rsquo;un autre c\u00f4t\u00e9, le soleil appara\u00eet l\u00e9g\u00e8rement le matin. Ces \u00e9claircies devraient ravir les habitants. On anticipe des temp\u00e9ratures d&rsquo;environ 10\u00b0C. Une modeste brise de sud sera ressentie par les habitants. Demain apr\u00e8s-midi, on verra l&rsquo;apparition de nuages. Les valeurs seront comprises entre 11\u00b0C et 13\u00b0C. Toujours de la grisaille demain soir. Les nuages vont stationner. Un vent de nord-ouest soufflera l\u00e9g\u00e8rement.<\/p>\n<p>La m\u00e9t\u00e9o va se d\u00e9grader dans les journ\u00e9es qui suivent. Une m\u00e9t\u00e9o pluvieuse, pour des temp\u00e9ratures de 10\u00b0C environ, est pr\u00e9vue.<\/p>\n<p><\/p>\n","protected":false},"excerpt":{"rendered":"\u00c0 Toulouse, les valeurs seront de 9\u00b0C au minimum et de 15\u00b0C au plus haut la journ\u00e9e. Un&hellip;\n","protected":false},"author":2,"featured_media":606434,"comment_status":"","ping_status":"","sticky":false,"template":"","format":"standard","meta":{"footnotes":""},"categories":[2816],"tags":[1111,11,1777,674,1011,27,12,2680,2119,25,2312],"class_list":{"0":"post-606433","1":"post","2":"type-post","3":"status-publish","4":"format-standard","5":"has-post-thumbnail","7":"category-toulouse","8":"tag-actu","9":"tag-actualites","10":"tag-eu","11":"tag-europe","12":"tag-fr","13":"tag-france","14":"tag-news","15":"tag-occitanie","16":"tag-previsions-meteo","17":"tag-republique-francaise","18":"tag-toulouse"},"share_on_mastodon":{"url":"https:\/\/pubeurope.com\/@fr\/115737908193750390","error":""},"_links":{"self":[{"href":"https:\/\/www.europesays.com\/fr\/wp-json\/wp\/v2\/posts\/606433","targetHints":{"allow":["GET"]}}],"collection":[{"href":"https:\/\/www.europesays.com\/fr\/wp-json\/wp\/v2\/posts"}],"about":[{"href":"https:\/\/www.europesays.com\/fr\/wp-json\/wp\/v2\/types\/post"}],"author":[{"embeddable":true,"href":"https:\/\/www.europesays.com\/fr\/wp-json\/wp\/v2\/users\/2"}],"replies":[{"embeddable":true,"href":"https:\/\/www.europesays.com\/fr\/wp-json\/wp\/v2\/comments?post=606433"}],"version-history":[{"count":0,"href":"https:\/\/www.europesays.com\/fr\/wp-json\/wp\/v2\/posts\/606433\/revisions"}],"wp:featuredmedia":[{"embeddable":true,"href":"https:\/\/www.europesays.com\/fr\/wp-json\/wp\/v2\/media\/606434"}],"wp:attachment":[{"href":"https:\/\/www.europesays.com\/fr\/wp-json\/wp\/v2\/media?parent=606433"}],"wp:term":[{"taxonomy":"category","embeddable":true,"href":"https:\/\/www.europesays.com\/fr\/wp-json\/wp\/v2\/categories?post=606433"},{"taxonomy":"post_tag","embeddable":true,"href":"https:\/\/www.europesays.com\/fr\/wp-json\/wp\/v2\/tags?post=606433"}],"curies":[{"name":"wp","href":"https:\/\/api.w.org\/{rel}","templated":true}]}}