{"id":606437,"date":"2025-12-18T01:12:48","date_gmt":"2025-12-18T01:12:48","guid":{"rendered":"https:\/\/www.europesays.com\/fr\/606437\/"},"modified":"2025-12-18T01:12:48","modified_gmt":"2025-12-18T01:12:48","slug":"lille-le-president-de-la-metropole-condamne-et-ineligible-darmanin-le-soutient","status":"publish","type":"post","link":"https:\/\/www.europesays.com\/fr\/606437\/","title":{"rendered":"Lille : Le pr\u00e9sident de la m\u00e9tropole condamn\u00e9 et in\u00e9ligible, Darmanin le soutient"},"content":{"rendered":"<p class=\"mb-4 text-lg md:leading-8 break-words\"><strong>d\u00e9tournement de fonds &#8211; La cour d\u2019appel de Douai a condamn\u00e9 l\u2019\u00e9lu, reconnu coupable d\u2019avoir utilis\u00e9 de l\u2019argent public pour des frais de spa, des restaurants ou des nuits dans des h\u00f4tels de luxe \u00e0 Paris<\/strong><\/p>\n<p class=\"mb-4 text-lg md:leading-8 break-words\">Le ministre de la Justice G\u00e9rald Darmanin a apport\u00e9 son \u00ab\u00a0soutien dans ce moment difficile\u00a0\u00bb au pr\u00e9sident de la m\u00e9tropole europ\u00e9enne de Lille, pourtant <a href=\"https:\/\/www.20minutes.fr\/lille\/4095745-20240611-lille-prison-sursis-ineligibilite-requises-contre-president-metropole?at_medium=RSS%20feed&amp;at_campaign=ynews&amp;utm_source=yahoo&amp;utm_medium=rss&amp;utm_campaign=news_feed&amp;utm_content=in_article_link\" rel=\"nofollow noopener\" target=\"_blank\" data-ylk=\"slk:reconnu coupable de d\u00e9tournement de fonds publics;elm:context_link;itc:0;sec:content-canvas\" class=\"link \">reconnu coupable de d\u00e9tournement de fonds publics<\/a>. Mardi soir, la cour d\u2019appel de Douai (<a href=\"https:\/\/www.20minutes.fr\/dossier\/nord?at_medium=RSS%20feed&amp;at_campaign=ynews&amp;utm_source=yahoo&amp;utm_medium=rss&amp;utm_campaign=news_feed&amp;utm_content=in_article_link\" rel=\"nofollow noopener\" target=\"_blank\" data-ylk=\"slk:Nord;elm:context_link;itc:0;sec:content-canvas\" class=\"link \">Nord<\/a>) a condamn\u00e9 le pr\u00e9sident divers droite de la Mel \u00e0 une peine de dix-huit mois de prison avec sursis et \u00e0 20.000 euros d\u2019amende. Damien Castelain \u00e9cope \u00e9galement de deux ans d\u2019in\u00e9ligibilit\u00e9 avec ex\u00e9cution provisoire. Il va devoir renoncer \u00e0 l\u2019ensemble de ses mandats.<\/p>\n<p class=\"mb-4 text-lg md:leading-8 break-words\">Pour entrer en voie de condamnation, la cour d\u2019appel a notamment point\u00e9 des d\u00e9penses personnelles r\u00e9alis\u00e9es entre\u00a02016 et\u00a02018 <a href=\"https:\/\/www.20minutes.fr\/justice\/4075918-20240213-lille-hotel-luxe-bain-bulles-pratiques-president-metropole-face-justice?at_medium=RSS%20feed&amp;at_campaign=ynews&amp;utm_source=yahoo&amp;utm_medium=rss&amp;utm_campaign=news_feed&amp;utm_content=in_article_link\" rel=\"nofollow noopener\" target=\"_blank\" data-ylk=\"slk:avec plus de 10.000 euros d\u2019argent public;elm:context_link;itc:0;sec:content-canvas\" class=\"link \">avec plus de 10.000 euros d\u2019argent public<\/a>\u00a0: frais de spa, achats de v\u00eatements, restaurants, usage exclusif d\u2019un v\u00e9hicule de la Mel, h\u00f4tel de luxe \u00e0 Paris pour assister \u00e0 des matchs du PSG au Parc des Princes. Le tout sans aucun lien avec ses fonctions de pr\u00e9sident de la Mel.<\/p>\n<p class=\"mb-4 text-lg md:leading-8 break-words\">La cour a par ailleurs constat\u00e9 <a href=\"https:\/\/www.20minutes.fr\/justice\/4099414-20240703-lille-president-metropole-condamne-an-prison-sursis-detournement-fonds-publics?at_medium=RSS%20feed&amp;at_campaign=ynews&amp;utm_source=yahoo&amp;utm_medium=rss&amp;utm_campaign=news_feed&amp;utm_content=in_article_link\" rel=\"nofollow noopener\" target=\"_blank\" data-ylk=\"slk:ses condamnations d\u00e9finitives dans deux autres dossiers;elm:context_link;itc:0;sec:content-canvas\" class=\"link \">ses condamnations d\u00e9finitives dans deux autres dossiers<\/a>\u00a0: une affaire de recel d\u2019abus de confiance dite des \u00ab\u00a0pierres bleues\u00a0\u00bb, des pav\u00e9s haut de gamme que Damien Castelain s\u2019est vu offrir pour orner sa propre terrasse, et une affaire de prise en charge par la Mel de frais d\u2019avocats. Dans son message de soutien, G\u00e9rald Darmanin, conseiller de la Mel pour la ville de Tourcoing, s\u2019est refus\u00e9 \u00e0 \u00ab\u00a0commenter d\u2019aucune mani\u00e8re une d\u00e9cision de justice\u00a0\u00bb.<\/p>\n<p>L\u2019image de la m\u00e9tropole \u00ab\u00a0gravement entach\u00e9e\u00a0\u00bb<\/p>\n<p class=\"mb-4 text-lg md:leading-8 break-words\">Priv\u00e9 de l\u2019ensemble de ses mandats, Damien Castelain(&#8230;)<\/p>\n<p class=\"mb-4 text-lg md:leading-8 break-words\"><a href=\"https:\/\/www.20minutes.fr\/politique\/4191911-20251217-lille-president-metropole-condamne-ineligible-darmanin-soutient?at_medium=RSS%20feed&amp;at_campaign=ynews&amp;utm_source=yahoo&amp;utm_medium=rss&amp;utm_campaign=news_feed&amp;utm_content=read_more_link&quot;\" rel=\"nofollow noopener\" target=\"_blank\" data-ylk=\"slk:Lire la suite sur 20minutes;elm:context_link;itc:0;sec:content-canvas\" class=\"link \">Lire la suite sur 20minutes<\/a><\/p>\n<p>\u00c0 lire aussi :<br \/><a href=\"https:\/\/www.20minutes.fr\/justice\/4188938-20251201-chantage-sextape-saint-etienne-maire-gael-perdriau-condamne-quatre-ans-prison-ineligible?at_medium=RSS%20feed&amp;at_campaign=ynews&amp;utm_source=yahoo&amp;utm_medium=rss&amp;utm_campaign=news_feed&amp;utm_content=related_content_link\" rel=\"nofollow noopener\" target=\"_blank\" data-ylk=\"slk:Chantage \u00e0 la sextape \u00e0 Saint-Etienne\u00a0: Le maire Ga\u00ebl Perdriau condamn\u00e9 \u00e0 quatre ans de prison ferme et in\u00e9ligible;elm:context_link;itc:0;sec:content-canvas\" class=\"link \">Chantage \u00e0 la sextape \u00e0 Saint-Etienne\u00a0: Le maire Ga\u00ebl Perdriau condamn\u00e9 \u00e0 quatre ans de prison ferme et in\u00e9ligible<\/a><br \/><a href=\"https:\/\/www.20minutes.fr\/justice\/4188409-20251127-ineligible-maire-roubaix-demissionnera-demissionne-etat?at_medium=RSS%20feed&amp;at_campaign=ynews&amp;utm_source=yahoo&amp;utm_medium=rss&amp;utm_campaign=news_feed&amp;utm_content=related_content_link\" rel=\"nofollow noopener\" target=\"_blank\" data-ylk=\"slk:In\u00e9ligible, le maire de Roubaix d\u00e9missionnera ou sera d\u00e9missionn\u00e9 par l\u2019Etat;elm:context_link;itc:0;sec:content-canvas\" class=\"link \">In\u00e9ligible, le maire de Roubaix d\u00e9missionnera ou sera d\u00e9missionn\u00e9 par l\u2019Etat<\/a><\/p>\n","protected":false},"excerpt":{"rendered":"d\u00e9tournement de fonds &#8211; La cour d\u2019appel de Douai a condamn\u00e9 l\u2019\u00e9lu, reconnu coupable d\u2019avoir utilis\u00e9 de l\u2019argent&hellip;\n","protected":false},"author":2,"featured_media":606438,"comment_status":"","ping_status":"","sticky":false,"template":"","format":"standard","meta":{"footnotes":""},"categories":[2815],"tags":[1111,11,14878,2398,1777,674,1011,27,432,811,71793,8935,1307,34826,4145,12,2334,25],"class_list":{"0":"post-606437","1":"post","2":"type-post","3":"status-publish","4":"format-standard","5":"has-post-thumbnail","7":"category-lille","8":"tag-actu","9":"tag-actualites","10":"tag-damien-castelain","11":"tag-detournement-de-fonds","12":"tag-eu","13":"tag-europe","14":"tag-fr","15":"tag-france","16":"tag-gerald-darmanin","17":"tag-hauts-de-france","18":"tag-hotel-de-luxe-a-paris","19":"tag-la-cour","20":"tag-lille","21":"tag-mel","22":"tag-ministre-de-la-justice","23":"tag-news","24":"tag-parc-des-princes","25":"tag-republique-francaise"},"share_on_mastodon":{"url":"https:\/\/pubeurope.com\/@fr\/115737919692121670","error":""},"_links":{"self":[{"href":"https:\/\/www.europesays.com\/fr\/wp-json\/wp\/v2\/posts\/606437","targetHints":{"allow":["GET"]}}],"collection":[{"href":"https:\/\/www.europesays.com\/fr\/wp-json\/wp\/v2\/posts"}],"about":[{"href":"https:\/\/www.europesays.com\/fr\/wp-json\/wp\/v2\/types\/post"}],"author":[{"embeddable":true,"href":"https:\/\/www.europesays.com\/fr\/wp-json\/wp\/v2\/users\/2"}],"replies":[{"embeddable":true,"href":"https:\/\/www.europesays.com\/fr\/wp-json\/wp\/v2\/comments?post=606437"}],"version-history":[{"count":0,"href":"https:\/\/www.europesays.com\/fr\/wp-json\/wp\/v2\/posts\/606437\/revisions"}],"wp:featuredmedia":[{"embeddable":true,"href":"https:\/\/www.europesays.com\/fr\/wp-json\/wp\/v2\/media\/606438"}],"wp:attachment":[{"href":"https:\/\/www.europesays.com\/fr\/wp-json\/wp\/v2\/media?parent=606437"}],"wp:term":[{"taxonomy":"category","embeddable":true,"href":"https:\/\/www.europesays.com\/fr\/wp-json\/wp\/v2\/categories?post=606437"},{"taxonomy":"post_tag","embeddable":true,"href":"https:\/\/www.europesays.com\/fr\/wp-json\/wp\/v2\/tags?post=606437"}],"curies":[{"name":"wp","href":"https:\/\/api.w.org\/{rel}","templated":true}]}}