{"id":606455,"date":"2025-12-18T01:25:21","date_gmt":"2025-12-18T01:25:21","guid":{"rendered":"https:\/\/www.europesays.com\/fr\/606455\/"},"modified":"2025-12-18T01:25:21","modified_gmt":"2025-12-18T01:25:21","slug":"le-soupcon-dune-nouvelle-ingerence-russe","status":"publish","type":"post","link":"https:\/\/www.europesays.com\/fr\/606455\/","title":{"rendered":"le soup\u00e7on d&rsquo;une nouvelle ing\u00e9rence russe"},"content":{"rendered":"<p>      lire plus tard<\/p>\n<p id=\"dialog__title\" class=\"dialog__title\">Pour sauvegarder cet article, connectez-vous ou cr\u00e9ez un compte franceinfo<\/p>\n<p class=\"dialog__description\">Sans paiement. Sans abonnement.<\/p>\n<p>        Fermer la fen\u00eatre d\u2019activation des notifications France Info<\/p>\n<p>      cr\u00e9er votre compte<\/p>\n<p>      se connecter<\/p>\n<p>      :<\/p>\n<p>        Fermer la fen\u00eatre de pr\u00e9sentation<\/p>\n<p>    Publi\u00e9 le 17\/12\/2025 21:01<\/p>\n<p>      Mis \u00e0 jour le 17\/12\/2025 21:04<\/p>\n<p>        Temps de lecture : 2min &#8211; vid\u00e9o : 2min<\/p>\n<p>    <img decoding=\"async\" class=\"francetv-player-wrapper__image\" alt=\"Bo\u00eetier espion retrouv\u00e9 sur un ferry : le soup\u00e7on d'une nouvelle ing\u00e9rence russe\"  width=\"432\" height=\"243\" src=\"https:\/\/www.europesays.com\/fr\/wp-content\/uploads\/2025\/12\/boitier-espion-sur-un-ferry-1-69430b90c3fe6322772598.jpg\" fetchpriority=\"high\"\/><\/p>\n<p>              Bo\u00eetier espion retrouv\u00e9 sur un ferry : le soup\u00e7on d&rsquo;une nouvelle ing\u00e9rence russe<br \/>\n                    (France 2)<\/p>\n<p>      2min<\/p>\n<p>\n  Une enqu\u00eate pour espionnage a \u00e9t\u00e9 ouverte mercredi 17 d\u00e9cembre concernant un logiciel espion qui a \u00e9t\u00e9 retrouv\u00e9 sur un ferry qui faisait escale dans le port de S\u00e8te. Un ressortissant letton a \u00e9t\u00e9 mis en examen et \u00e9crou\u00e9. Le gouvernement \u00e9voque la piste d&rsquo;une ing\u00e9rence \u00e9trang\u00e8re.\n<\/p>\n<p><strong>Ce texte correspond \u00e0 une partie de la retranscription du reportage ci-dessus. Cliquez sur la vid\u00e9o pour le regarder en int\u00e9gralit\u00e9.<\/strong><\/p>\n<p>Un <a href=\"https:\/\/www.franceinfo.fr\/faits-divers\/la-piste-d-une-ingerence-etrangere-envisagee-apres-la-decouverte-d-un-boitier-espion-sur-un-ferry-en-mediterranee_7685200.html\" target=\"_blank\" rel=\"noopener\">ferry immobilis\u00e9<\/a> \u00e0 quai dans le port de S\u00e8te, fouill\u00e9 par les services de renseignement fran\u00e7ais et des passagers interdits d&rsquo;acc\u00e8s. Le Fantastique devait assurer la travers\u00e9e de ses 650 passagers entre la France et l&rsquo;Alg\u00e9rie. Mais est-il devenu, malgr\u00e9 lui, un navire espion ? Tout commence quand les autorit\u00e9s italiennes signalent \u00e0 la France que le bateau aurait pu \u00eatre pirat\u00e9 par un logiciel espion, un disque dur ou une cl\u00e9 USB introduits dans le syst\u00e8me informatique du ferry, permettant une prise de contr\u00f4le \u00e0 distance. \u00ab\u00a0On peut modifier le cap, on peut modifier l&rsquo;allure et l\u00e0, pour le coup, il y a le moyen de pouvoir man\u0153uvrer le bateau comme si on \u00e9tait sur le pont du navire\u00a0\u00bb, explique Christophe C\u00e9va\u00ebr, directeur de France Cyber Maritime.<\/p>\n<p>Le bateau est imm\u00e9diatement plac\u00e9 sous scell\u00e9s, le mat\u00e9riel espion saisi et deux membres d&rsquo;\u00e9quipage arr\u00eat\u00e9s. Un Bulgare, rel\u00e2ch\u00e9 depuis et un Letton de 20 ans, tr\u00e8s r\u00e9cemment embauch\u00e9 par la compagnie maritime. Il a \u00e9t\u00e9 mis en examen et plac\u00e9 en d\u00e9tention provisoire. Son avocat r\u00e9fute les accusations contre lui. \u00ab\u00a0Mon client, il n&rsquo;a rien d&rsquo;un espion, il n&rsquo;a pas une fausse identit\u00e9. Il n&rsquo;y a rien en lui qui permette de dire que c&rsquo;est un espion\u00a0\u00bb, d\u00e9fend ma\u00eetre Thibault Bailly, avocat du suspect. Les autorit\u00e9s judiciaires \u00e9voquent une possible ing\u00e9rence \u00e9trang\u00e8re. Le ministre de l&rsquo;Int\u00e9rieur va m\u00eame plus loin en admettant que l&rsquo;ombre de la Russie plane sur cette affaire. Une piste s\u00e9rieuse selon ce policier. \u00ab\u00a0Nous avons eu des exemples en 2024, avec dans le collimateur des pays de l&rsquo;Est, sans les citer, vraisemblablement la Russie. Il y a tout un contexte international avec le conflit ukrainien qui vient sur nos terres et en m\u00e9tropole\u00a0\u00bb, d\u00e9clare Christophe Miette, secr\u00e9taire national des cadres de la s\u00e9curit\u00e9 int\u00e9rieur. Apr\u00e8s une quinzaine d&rsquo;heures d&rsquo;immobilisation \u00e0 quai, le Fantastique a pu reprendre la mer.<\/p>\n","protected":false},"excerpt":{"rendered":"lire plus tard Pour sauvegarder cet article, connectez-vous ou cr\u00e9ez un compte franceinfo Sans paiement. Sans abonnement. Fermer&hellip;\n","protected":false},"author":2,"featured_media":606456,"comment_status":"","ping_status":"","sticky":false,"template":"","format":"standard","meta":{"footnotes":""},"categories":[1591],"tags":[11,1887,12,1885,1886,132],"class_list":{"0":"post-606455","1":"post","2":"type-post","3":"status-publish","4":"format-standard","5":"has-post-thumbnail","7":"category-russie","8":"tag-actualites","9":"tag-federation-de-russie","10":"tag-news","11":"tag-russia","12":"tag-russian-federation","13":"tag-russie"},"share_on_mastodon":{"url":"https:\/\/pubeurope.com\/@fr\/115737967656244042","error":""},"_links":{"self":[{"href":"https:\/\/www.europesays.com\/fr\/wp-json\/wp\/v2\/posts\/606455","targetHints":{"allow":["GET"]}}],"collection":[{"href":"https:\/\/www.europesays.com\/fr\/wp-json\/wp\/v2\/posts"}],"about":[{"href":"https:\/\/www.europesays.com\/fr\/wp-json\/wp\/v2\/types\/post"}],"author":[{"embeddable":true,"href":"https:\/\/www.europesays.com\/fr\/wp-json\/wp\/v2\/users\/2"}],"replies":[{"embeddable":true,"href":"https:\/\/www.europesays.com\/fr\/wp-json\/wp\/v2\/comments?post=606455"}],"version-history":[{"count":0,"href":"https:\/\/www.europesays.com\/fr\/wp-json\/wp\/v2\/posts\/606455\/revisions"}],"wp:featuredmedia":[{"embeddable":true,"href":"https:\/\/www.europesays.com\/fr\/wp-json\/wp\/v2\/media\/606456"}],"wp:attachment":[{"href":"https:\/\/www.europesays.com\/fr\/wp-json\/wp\/v2\/media?parent=606455"}],"wp:term":[{"taxonomy":"category","embeddable":true,"href":"https:\/\/www.europesays.com\/fr\/wp-json\/wp\/v2\/categories?post=606455"},{"taxonomy":"post_tag","embeddable":true,"href":"https:\/\/www.europesays.com\/fr\/wp-json\/wp\/v2\/tags?post=606455"}],"curies":[{"name":"wp","href":"https:\/\/api.w.org\/{rel}","templated":true}]}}