{"id":60646,"date":"2025-04-29T01:38:52","date_gmt":"2025-04-29T01:38:52","guid":{"rendered":"https:\/\/www.europesays.com\/fr\/60646\/"},"modified":"2025-04-29T01:38:52","modified_gmt":"2025-04-29T01:38:52","slug":"grenoble-trois-personnes-blessees-par-balles-au-cours-de-deux-tentatives-dhomicide","status":"publish","type":"post","link":"https:\/\/www.europesays.com\/fr\/60646\/","title":{"rendered":"Grenoble\u00a0: trois personnes bless\u00e9es par balles au cours de \u00ab\u00a0deux tentatives d\u2019homicide\u00a0\u00bb"},"content":{"rendered":"<p class=\"paragraph text_align_left\">Nouvelles fusillades dans l\u2019agglom\u00e9ration grenobloise. Trois personnes ont \u00e9t\u00e9 <a href=\"https:\/\/www.leparisien.fr\/faits-divers\/grenoble-un-homme-blesse-par-balle-dans-un-quartier-en-proie-au-trafic-de-drogue-16-04-2025-4BSKRYNZQRESNONJYMU5L6SJ3Y.php\" target=\"_blank\" rel=\"nofollow noopener\">bless\u00e9es par balles<\/a> pr\u00e8s de Grenoble (Is\u00e8re), dans la nuit de vendredi \u00e0 samedi, au cours de \u00ab\u00a0deux tentatives d\u2019homicide\u00a0\u00bb distinctes survenues \u00e0 quelques heures d\u2019intervalle, a indiqu\u00e9 une source polici\u00e8re. En tout, ce sont trois fusillades qui ont \u00e9clat\u00e9 cette m\u00eame nuit.<\/p>\n<p class=\"paragraph text_align_left\">Deux hommes ont d\u2019abord \u00e9t\u00e9 bless\u00e9s par balles vers 22h30 \u00e0 Saint-Martin-d\u2019H\u00e8res, dans la banlieue sud-est de Grenoble, dont une \u00ab\u00a0victime collat\u00e9rale\u00a0\u00bb, a-t-on appris de m\u00eame source.<\/p>\n<p>Un autre bless\u00e9 apr\u00e8s minuit<\/p>\n<p class=\"paragraph text_align_left\">Selon nos informations, le premier individu bless\u00e9 par balle a 22 ans et a \u00e9t\u00e9 transport\u00e9 en urgence absolue au CHU Grenoble. Le deuxi\u00e8me bless\u00e9 est \u00e2g\u00e9 de 34 ans, et n\u2019est lui que l\u00e9g\u00e8rement bless\u00e9. Il a lui aussi \u00e9t\u00e9 transport\u00e9 \u00e0 l\u2019h\u00f4pital.<\/p>\n<p class=\"paragraph text_align_left\">Une troisi\u00e8me personne, \u00e2g\u00e9e d\u2019une vingtaine d\u2019ann\u00e9es, a \u00e9t\u00e9 \u00e9galement bless\u00e9e par balles \u00e0 Grenoble vers 00h30, lors d\u2019une autre fusillade, cette fois dans le quartier de la Villeneuve. Le pronostic vital de cette troisi\u00e8me victime n\u2019est pas \u00e9t\u00e9 engag\u00e9, a \u00e9galement indiqu\u00e9 la source polici\u00e8re.<\/p>\n<p class=\"lp-card-podcast-highlighting__title lp-f-subtitle-05\">Le double meurtre de Montigny-l\u00e8s-Metz (2\/2)<\/p>\n<p class=\"lp-card-podcast-highlighting__description lp-f-ui-05\">Crime story raconte chaque semaine les grandes affaires criminelles.<\/p>\n<p><a class=\"lp-card-podcast-highlighting__call-to-action\" data-page-type=\"HP\" data-block-name=\"podcast-highlight\">\u00c9couter<\/a><\/p>\n<p class=\"paragraph text_align_left\">Il n\u2019y aurait aucun lien entre ces trois \u00e9v\u00e9nements et trois enqu\u00eates distinctes ont \u00e9t\u00e9 ouvertes. Le parquet de Grenoble n\u2019\u00e9tait pas joignable dans l\u2019imm\u00e9diat.<\/p>\n","protected":false},"excerpt":{"rendered":"Nouvelles fusillades dans l\u2019agglom\u00e9ration grenobloise. Trois personnes ont \u00e9t\u00e9 bless\u00e9es par balles pr\u00e8s de Grenoble (Is\u00e8re), dans la&hellip;\n","protected":false},"author":2,"featured_media":60647,"comment_status":"","ping_status":"","sticky":false,"template":"","format":"standard","meta":{"footnotes":""},"categories":[9566],"tags":[1111,11,2430,459,1777,674,118,1011,27,2731,12,25],"class_list":{"0":"post-60646","1":"post","2":"type-post","3":"status-publish","4":"format-standard","5":"has-post-thumbnail","7":"category-grenoble","8":"tag-actu","9":"tag-actualites","10":"tag-auvergne-rhone-alpes","11":"tag-departements-horsidfo","12":"tag-eu","13":"tag-europe","14":"tag-faits-divers","15":"tag-fr","16":"tag-france","17":"tag-grenoble","18":"tag-news","19":"tag-republique-francaise"},"share_on_mastodon":{"url":"https:\/\/pubeurope.com\/@fr\/114418703692102941","error":""},"_links":{"self":[{"href":"https:\/\/www.europesays.com\/fr\/wp-json\/wp\/v2\/posts\/60646","targetHints":{"allow":["GET"]}}],"collection":[{"href":"https:\/\/www.europesays.com\/fr\/wp-json\/wp\/v2\/posts"}],"about":[{"href":"https:\/\/www.europesays.com\/fr\/wp-json\/wp\/v2\/types\/post"}],"author":[{"embeddable":true,"href":"https:\/\/www.europesays.com\/fr\/wp-json\/wp\/v2\/users\/2"}],"replies":[{"embeddable":true,"href":"https:\/\/www.europesays.com\/fr\/wp-json\/wp\/v2\/comments?post=60646"}],"version-history":[{"count":0,"href":"https:\/\/www.europesays.com\/fr\/wp-json\/wp\/v2\/posts\/60646\/revisions"}],"wp:featuredmedia":[{"embeddable":true,"href":"https:\/\/www.europesays.com\/fr\/wp-json\/wp\/v2\/media\/60647"}],"wp:attachment":[{"href":"https:\/\/www.europesays.com\/fr\/wp-json\/wp\/v2\/media?parent=60646"}],"wp:term":[{"taxonomy":"category","embeddable":true,"href":"https:\/\/www.europesays.com\/fr\/wp-json\/wp\/v2\/categories?post=60646"},{"taxonomy":"post_tag","embeddable":true,"href":"https:\/\/www.europesays.com\/fr\/wp-json\/wp\/v2\/tags?post=60646"}],"curies":[{"name":"wp","href":"https:\/\/api.w.org\/{rel}","templated":true}]}}