{"id":606460,"date":"2025-12-18T01:27:17","date_gmt":"2025-12-18T01:27:17","guid":{"rendered":"https:\/\/www.europesays.com\/fr\/606460\/"},"modified":"2025-12-18T01:27:17","modified_gmt":"2025-12-18T01:27:17","slug":"les-etats-unis-decretent-un-embargo-sur-les-petroliers-sous-sanctions-entrant-et-sortant-du-venezuela","status":"publish","type":"post","link":"https:\/\/www.europesays.com\/fr\/606460\/","title":{"rendered":"Les \u00c9tats-Unis d\u00e9cr\u00e8tent un embargo sur les p\u00e9troliers sous sanctions entrant et sortant du Venezuela"},"content":{"rendered":"<p>\n      Washington accentue encore la pression sur le Venezuela. Le pr\u00e9sident Donald Trump, engag\u00e9 dans un bras de fer contre le r\u00e9gime du pr\u00e9sident Nicol\u00e1s Maduro, a annonc\u00e9, mardi 16 d\u00e9cembre, dans un message sur son r\u00e9seau Truth Social, un \u00ab\u00a0blocus total\u00a0et complet de tous les p\u00e9troliers sanctionn\u00e9s entrant et sortant du Venezuela \u00bb. Les conditions pr\u00e9cises de ce blocus restaient encore floues, mercredi 17 d\u00e9cembre.\n    <\/p>\n<p>Le pr\u00e9sident Trump ajoute avoir d\u00e9sign\u00e9 le r\u00e9gime v\u00e9n\u00e9zu\u00e9lien comme \u00ab\u00a0organisation terroriste \u00e9trang\u00e8re\u00a0\u00bb, lui reprochant d\u2019avoir \u00ab\u00a0vol\u00e9 des champs p\u00e9troliers\u00a0\u00bb pour se financer, tout en l\u2019accusant de terrorisme, de narcotrafic et de trafic d\u2019\u00eatres humains. Enfin, il affirme que le \u00ab\u00a0Venezuela est compl\u00e8tement encercl\u00e9 par la plus grande armada jamais rassembl\u00e9e de l\u2019histoire de l\u2019Am\u00e9rique du Sud\u00a0\u00bb. Il pr\u00e9vient qu\u2019elle va continuer de grossir jusqu\u2019\u00e0 ce que le Venezuela \u00ab restitue aux \u00c9tats-Unis d&rsquo;Am\u00e9rique tout le p\u00e9trole, les terres et les autres biens qu&rsquo;ils nous ont vol\u00e9s \u00bb. Une r\u00e9f\u00e9rence probable aux nationalisations men\u00e9es sous la pr\u00e9sidence d&rsquo;Hugo Chavez, qui a dirig\u00e9 le Venezuela de 1999 jusqu&rsquo;\u00e0 sa mort en 2013, Nicol\u00e1s Maduro lui succ\u00e9dant alors.\u00a0<\/p>\n<p>D\u2019apr\u00e8s le site sp\u00e9cialis\u00e9 TankerTrackers, \u00ab\u00a0seulement 40% de la flotte fant\u00f4me qui dessert le Venezuela est sous sanctions am\u00e9ricaines\u00a0\u00bb. Quelques 53 navires ont \u00e9t\u00e9 d\u00e9sign\u00e9s dans le cadre de sanctions contre le Venezuela. La compagnie p\u00e9troli\u00e8re publique v\u00e9n\u00e9zu\u00e9lienne PDVSA confront\u00e9e lundi \u00e0 une cyberattaque qui a perturb\u00e9 les livraisons dans ses terminaux, a cependant affirm\u00e9 mercredi que \u00ab\u00a0les op\u00e9rations d&rsquo;exportation de p\u00e9trole brut et de produits d\u00e9riv\u00e9s se d\u00e9roulent normalement. Les p\u00e9troliers continuent de naviguer en toute s\u00e9curit\u00e9 \u00bb. Mais TankerTrackers a observ\u00e9 que depuis quelques jours, avant m\u00eame l\u2019annonce du blocus am\u00e9ricain, plusieurs grands p\u00e9troliers (VLCC) se sont d\u00e9tourn\u00e9s du Venezuela, m\u00eame s\u2019ils ne sont pas sur les listes officielles de navires sanctionn\u00e9s. Par ailleurs, quelques 11 millions de barils seraient bloqu\u00e9s \u00e0 bord de navires dans les eaux v\u00e9n\u00e9zu\u00e9liennes. Seuls les p\u00e9troliers affr\u00e9t\u00e9s par Chevron desservant les \u00c9tats-Unis op\u00e9reraient encore.\u00a0<\/p>\n<p>Ce blocus et ces menaces interviennent apr\u00e8s la saisie, la semaine derni\u00e8re, <a href=\"https:\/\/www.meretmarine.com\/fr\/marine-marchande\/les-etats-unis-saisissent-un-petrolier-au-large-du-venezuela\" target=\"_blank\" rel=\"noopener\">du p\u00e9trolier Skipper<\/a> charg\u00e9 d\u20191.85 million de barils de brut v\u00e9n\u00e9zu\u00e9lien, qui croisait dans la mer des Cara\u00efbes. Ce navire, accus\u00e9 de contrebande pour le compte des Gardiens de la R\u00e9volution iraniens et du Hezbollah libanais, \u00e9tait sous sanctions du Tr\u00e9sor am\u00e9ricain depuis 2022. Le minist\u00e8re des Affaires \u00e9trang\u00e8res du Venezuela a d\u00e9nonc\u00e9 un \u00ab\u00a0acte de piraterie internationale\u00a0\u00bb. Les autorit\u00e9s de Caracas accusent les \u00c9tats-Unis de vouloir faire main basse sur les r\u00e9serves de brut, parmi les plus importantes au monde. Le pays est soumis \u00e0 un embargo. Il exporte son brut \u00e0 des prix bas sur le march\u00e9 noir vers la Chine.<\/p>\n<p>Par ailleurs, depuis le d\u00e9but du mois de septembre, les \u00c9tats-Unis ont men\u00e9 25 frappes contre des bateaux accus\u00e9s de narcotrafic, sans que la preuve en soit apport\u00e9e, tuant 95 personnes. Ces frappes font l\u2019objet de vives critiques sur leur l\u00e9galit\u00e9. Loin de se tarir, elles ont encore \u00e9t\u00e9 renforc\u00e9es par des r\u00e9v\u00e9lations du Washington Post sur la premi\u00e8re frappe contre ces bateaux, survenue le 2 septembre. Dans ce cas pr\u00e9cis, deux des onze personnes \u00e0 bord ont surv\u00e9cu \u00e0 la frappe d\u2019un missile, et s&rsquo;\u00e9taient r\u00e9fugi\u00e9es sur les d\u00e9bris de l\u2019\u00e9pave. Mais, sur ordre du ministre de la D\u00e9fense, Pete Hegseth, une seconde frappe est venue s\u2019assurer qu\u2019il n\u2019y ait aucun survivant, d\u2019apr\u00e8s le journal am\u00e9ricain.<\/p>\n<p>A ces frappes s\u2019ajoutent une pr\u00e9sence accrue des forces am\u00e9ricaines en mer des Cara\u00efbes. En novembre,<a href=\"https:\/\/www.meretmarine.com\/fr\/defense\/us-navy-le-porte-avions-uss-gerald-r-ford-navigue-dans-les-caraibes\" target=\"_blank\" rel=\"noopener\">\u00a0l\u2019US Navy y a d\u00e9ploy\u00e9<\/a>\u00a0le groupe a\u00e9ronaval du porte-avions USS Gerald R. Ford. Autour de ce b\u00e2timent, on retrouve une escorte de trois destroyers de type Arleigh Burke, les USS Bainbridge, USS Mahan et USS Winston S. Churchill, ainsi qu&rsquo;au moins un sous-marin probablement.\u00a0Sur place, se trouvait d\u00e9j\u00e0 un groupe amphibie constitu\u00e9 autour du porte-h\u00e9licopt\u00e8res d\u2019assaut USS Iwo Jima et les transports de chalands de d\u00e9barquement USS Fort Lauderdale et USS San Antonio. Avec en plus les croiseurs de classe Ticonderoga USS Lake Erie et USS Gettysburg, deux autres Arleigh Burke, les USS Stockdale et USS Gravely, ainsi que le LCS USS Wichita.\u00a0<\/p>\n<p><strong>\u00a9 Un article de la r\u00e9daction de Mer et Marine.\u00a0Reproduction interdite sans consentement du ou des auteurs. \u00a0 \u00a0 \u00a0<\/strong><\/p>\n<p>\u00a0<\/p>\n","protected":false},"excerpt":{"rendered":"Washington accentue encore la pression sur le Venezuela. Le pr\u00e9sident Donald Trump, engag\u00e9 dans un bras de fer&hellip;\n","protected":false},"author":2,"featured_media":606461,"comment_status":"","ping_status":"","sticky":false,"template":"","format":"standard","meta":{"footnotes":""},"categories":[1589],"tags":[11,6130,6141,6131,6138,2380,6135,554,73,1866,6136,6139,6134,3135,6128,567,6129,6127,12,6132,4838,6133,6140,6137,1864,1865,1863,308],"class_list":{"0":"post-606460","1":"post","2":"type-post","3":"status-publish","4":"format-standard","5":"has-post-thumbnail","7":"category-etats-unis","8":"tag-actualites","9":"tag-chantiers","10":"tag-commando","11":"tag-construction-navale","12":"tag-costa","13":"tag-croisiere","14":"tag-dcns","15":"tag-defense","16":"tag-etats-unis","17":"tag-etats-unis-damerique","18":"tag-euronaval","19":"tag-fremm","20":"tag-interviews","21":"tag-littoral","22":"tag-marine","23":"tag-marine-nationale","24":"tag-maritime","25":"tag-mer","26":"tag-news","27":"tag-offshore","28":"tag-peche","29":"tag-reportages","30":"tag-sncm","31":"tag-stx","32":"tag-united-states","33":"tag-united-states-of-america","34":"tag-us","35":"tag-usa"},"share_on_mastodon":{"url":"https:\/\/pubeurope.com\/@fr\/115737974782480497","error":""},"_links":{"self":[{"href":"https:\/\/www.europesays.com\/fr\/wp-json\/wp\/v2\/posts\/606460","targetHints":{"allow":["GET"]}}],"collection":[{"href":"https:\/\/www.europesays.com\/fr\/wp-json\/wp\/v2\/posts"}],"about":[{"href":"https:\/\/www.europesays.com\/fr\/wp-json\/wp\/v2\/types\/post"}],"author":[{"embeddable":true,"href":"https:\/\/www.europesays.com\/fr\/wp-json\/wp\/v2\/users\/2"}],"replies":[{"embeddable":true,"href":"https:\/\/www.europesays.com\/fr\/wp-json\/wp\/v2\/comments?post=606460"}],"version-history":[{"count":0,"href":"https:\/\/www.europesays.com\/fr\/wp-json\/wp\/v2\/posts\/606460\/revisions"}],"wp:featuredmedia":[{"embeddable":true,"href":"https:\/\/www.europesays.com\/fr\/wp-json\/wp\/v2\/media\/606461"}],"wp:attachment":[{"href":"https:\/\/www.europesays.com\/fr\/wp-json\/wp\/v2\/media?parent=606460"}],"wp:term":[{"taxonomy":"category","embeddable":true,"href":"https:\/\/www.europesays.com\/fr\/wp-json\/wp\/v2\/categories?post=606460"},{"taxonomy":"post_tag","embeddable":true,"href":"https:\/\/www.europesays.com\/fr\/wp-json\/wp\/v2\/tags?post=606460"}],"curies":[{"name":"wp","href":"https:\/\/api.w.org\/{rel}","templated":true}]}}