{"id":606464,"date":"2025-12-18T01:29:15","date_gmt":"2025-12-18T01:29:15","guid":{"rendered":"https:\/\/www.europesays.com\/fr\/606464\/"},"modified":"2025-12-18T01:29:15","modified_gmt":"2025-12-18T01:29:15","slug":"jai-quitte-lallemagne-car-il-y-a-trop-de-drogue-pour-venir-vendre-de-la-coke-en-france","status":"publish","type":"post","link":"https:\/\/www.europesays.com\/fr\/606464\/","title":{"rendered":"J\u2019ai quitt\u00e9 l\u2019Allemagne, car il y a trop de drogue, pour venir vendre de la coke en France"},"content":{"rendered":"<p>\n                                                                Nombre d\u2019\u00e9trangers condamn\u00e9s \u00e0 une interdiction du territoire fran\u00e7ais n\u2019imaginent pas que la mesure signifie aussi qu\u2019ils n\u2019ont plus le droit de traverser le pays. N\u00e9anmoins, pour certains, l\u2019incompr\u00e9hension suppos\u00e9e a bon dos.\n                            <\/p>\n<p>Le 12 d\u00e9cembre 2025, Rami voyage dans un autocar qui doit le transporter de Valencia \u00e0 Paris. Lors du contr\u00f4le de la police aux fronti\u00e8res, au Perthus, il ne peut pr\u00e9senter de documents valables. En fait, depuis une condamnation pour vente de stup\u00e9fiants, il est sous le coup d\u2019une interdiction du territoire fran\u00e7ais. Y p\u00e9n\u00e9trer malgr\u00e9 tout constitue un d\u00e9lit. Il se retrouve donc une fois de plus devant le tribunal correctionnel de Perpignan.<\/p>\n<p>\u00ab\u00a0Je voulais me rendre \u00e0 Bruxelles depuis Paris\u00a0\u00bb, explique-t-il par la voix d\u2019un interpr\u00e8te.<\/p>\n<p>\u00ab\u00a0Vous dites \u00eatre Libyen, mais on vous conna\u00eet aussi sous une autre identit\u00e9 en tant que Tunisien\u00a0\u00bb, s\u2019\u00e9tonne la pr\u00e9sidente.<\/p>\n<p>\u00ab\u00a0J\u2019ai dit Tunisien en garde \u00e0 vue, mais j\u2019\u00e9tais stress\u00e9. Je suis Libyen\u00a0\u00bb.<\/p>\n<p>Manifestement, le tribunal en doute.<\/p>\n<p>\u00ab\u00a0En tout cas, vous ne pouviez pas entrer en France.\u00a0\u00bb<\/p>\n<p>\u00ab\u00a0Mais je n\u2019ai pas de passeport, pour aller \u00e0 Bruxelles, je ne pouvais passer que par la route. J\u2019ai v\u00e9cu en Allemagne mais il y a trop de drogue alors j\u2019\u00e9tais venu en France\u2026\u00a0\u00bb<\/p>\n<p>Pour y vendre de la coke\u2026 Mais nous ne sommes plus \u00e0 un paradoxe pr\u00e8s.<\/p>\n<p>\u00ab\u00a0Partout o\u00f9 vous \u00eates pass\u00e9, vous avez commis des d\u00e9lits et avez \u00e9t\u00e9 interdit de territoire, Italie, Espagne, Allemagne\u2026\u00a0\u00bb<\/p>\n<p>\u00ab\u00a0Je ne savais pas. Mais vous savez, je suis tr\u00e8s malade.\u00a0\u00bb<\/p>\n<p>\u00ab\u00a0Ce qui ne vous emp\u00eache pas de consommer coke et cannabis, puis-je lire dans votre dossier.\u00a0\u00bb<\/p>\n<p>\u00ab\u00a0Il ne savait pas qu\u2019il ne pouvait traverser le pays, plaide Me Bayekola, il n\u2019y a donc aucun \u00e9l\u00e9ment intentionnel de commettre un d\u00e9lit. Il est victime de son ignorance\u00a0\u00bb.<\/p>\n<p>Mais le tribunal suit les r\u00e9quisitions : 4 mois d\u2019emprisonnement ferme.<\/p>\n","protected":false},"excerpt":{"rendered":"Nombre d\u2019\u00e9trangers condamn\u00e9s \u00e0 une interdiction du territoire fran\u00e7ais n\u2019imaginent pas que la mesure signifie aussi qu\u2019ils n\u2019ont&hellip;\n","protected":false},"author":2,"featured_media":606465,"comment_status":"","ping_status":"","sticky":false,"template":"","format":"standard","meta":{"footnotes":""},"categories":[1587],"tags":[1111,11,672,1804,1805,1803,1777,674,1801,303,12,3464,11548,1802],"class_list":{"0":"post-606464","1":"post","2":"type-post","3":"status-publish","4":"format-standard","5":"has-post-thumbnail","7":"category-allemagne","8":"tag-actu","9":"tag-actualites","10":"tag-allemagne","11":"tag-bundesrepublik-deutschland","12":"tag-de","13":"tag-deutschland","14":"tag-eu","15":"tag-europe","16":"tag-germany","17":"tag-justice","18":"tag-news","19":"tag-perpignan","20":"tag-pyrenees-orientales","21":"tag-republique-federale-dallemagne"},"share_on_mastodon":{"url":"https:\/\/pubeurope.com\/@fr\/115737982692189457","error":""},"_links":{"self":[{"href":"https:\/\/www.europesays.com\/fr\/wp-json\/wp\/v2\/posts\/606464","targetHints":{"allow":["GET"]}}],"collection":[{"href":"https:\/\/www.europesays.com\/fr\/wp-json\/wp\/v2\/posts"}],"about":[{"href":"https:\/\/www.europesays.com\/fr\/wp-json\/wp\/v2\/types\/post"}],"author":[{"embeddable":true,"href":"https:\/\/www.europesays.com\/fr\/wp-json\/wp\/v2\/users\/2"}],"replies":[{"embeddable":true,"href":"https:\/\/www.europesays.com\/fr\/wp-json\/wp\/v2\/comments?post=606464"}],"version-history":[{"count":0,"href":"https:\/\/www.europesays.com\/fr\/wp-json\/wp\/v2\/posts\/606464\/revisions"}],"wp:featuredmedia":[{"embeddable":true,"href":"https:\/\/www.europesays.com\/fr\/wp-json\/wp\/v2\/media\/606465"}],"wp:attachment":[{"href":"https:\/\/www.europesays.com\/fr\/wp-json\/wp\/v2\/media?parent=606464"}],"wp:term":[{"taxonomy":"category","embeddable":true,"href":"https:\/\/www.europesays.com\/fr\/wp-json\/wp\/v2\/categories?post=606464"},{"taxonomy":"post_tag","embeddable":true,"href":"https:\/\/www.europesays.com\/fr\/wp-json\/wp\/v2\/tags?post=606464"}],"curies":[{"name":"wp","href":"https:\/\/api.w.org\/{rel}","templated":true}]}}