{"id":606468,"date":"2025-12-18T01:31:19","date_gmt":"2025-12-18T01:31:19","guid":{"rendered":"https:\/\/www.europesays.com\/fr\/606468\/"},"modified":"2025-12-18T01:31:19","modified_gmt":"2025-12-18T01:31:19","slug":"on-a-eu-la-chance-de-pouvoir-realiser-nos-deux-derniers-stages-a-lecart-du-groupe-feminin-sports-infos-ski-2","status":"publish","type":"post","link":"https:\/\/www.europesays.com\/fr\/606468\/","title":{"rendered":"\u00ab\u00a0On a eu la chance de pouvoir r\u00e9aliser nos deux derniers stages \u00e0 l&rsquo;\u00e9cart du groupe f\u00e9minin\u00a0\u00bb &#8211; Sports Infos &#8211; Ski"},"content":{"rendered":"<p>Comme il le fait \u00e0 chaque fois qu&rsquo;il prend la parole, l&rsquo;entraineur de l&rsquo;\u00e9quipe de France parle franchement, m\u00eame lorsqu&rsquo;il s&rsquo;agit d&rsquo;\u00e9voquer l&rsquo;affaire Julia Simon.<\/p>\n<p>\u00ab\u00a0C&rsquo;est quelque chose qui est perturbant pour l&rsquo;ensemble du groupe m\u00eame pour le groupe masculin.<\/p>\n<p>On a eu la chance justement de pouvoir r\u00e9aliser nos deux derniers stages un petit peu \u00e0 l&rsquo;\u00e9cart du groupe f\u00e9minin, ce qui nous a permis de nous recentrer un petit peu sur le d\u00e9but de saison.\u00a0\u00bb <\/p>\n<p>\u00ab\u00a0On n&rsquo;a pas eu une pr\u00e9paration \u00e9vidente, c&rsquo;est une certitude\u00a0\u00bb<\/p>\n<p>Selon <strong>Simon Fourcade<\/strong>, le retour de Julia Simon \u00e0 Hochfilzen \u00ab\u00a0a reperturber un petit peu l&rsquo;harmonie, c&rsquo;est un grand mot, mais en tout cas le bon fonctionnement qu&rsquo;on avait pu trouver jusque-l\u00e0\u00a0\u00bb.<\/p>\n<p>\u00ab\u00a0On n&rsquo;a pas eu une pr\u00e9paration \u00e9vidente, c&rsquo;est une certitude. Bien s\u00fbr qu&rsquo;on a parl\u00e9 des probl\u00e9matiques qui ont pu \u00e9merger sur le groupe f\u00e9minin li\u00e9 \u00e0 diff\u00e9rents probl\u00e8mes internes.<\/p>\n<p>Maintenant je pense qu&rsquo;il y a des d\u00e9cisions qui ont \u00e9t\u00e9 prises, que ce soit par la justice et par les instances f\u00e9d\u00e9rales et personne ne peut se substituer non plus \u00e0 \u00e7a.\u00a0\u00bb explique t&rsquo;il sur <a href=\"https:\/\/rmcsport.bfmtv.com\/sports-d-hiver\/biathlon\/biathlon-on-s-est-mis-un-peu-a-l-ecart-comment-les-garcons-touches-et-affectes-ont-fait-abstraction-de-l-ambiance-dans-le-groupe-feminin_AV-202512170871.html\" target=\"_blank\" rel=\"noopener\">RMC.<\/a><\/p>\n<p><a href=\"https:\/\/ctb.intersport.fr\/?P5129AD4851A1F13\" rel=\"sponsored noopener noreferrer\" target=\"_blank\"><img decoding=\"async\" alt=\"\" border=\"0\" src=\"https:\/\/www.europesays.com\/fr\/wp-content\/uploads\/2025\/12\/1766006301_560_\"\/><\/a><\/p>\n","protected":false},"excerpt":{"rendered":"Comme il le fait \u00e0 chaque fois qu&rsquo;il prend la parole, l&rsquo;entraineur de l&rsquo;\u00e9quipe de France parle franchement,&hellip;\n","protected":false},"author":2,"featured_media":606120,"comment_status":"","ping_status":"","sticky":false,"template":"","format":"standard","meta":{"footnotes":""},"categories":[1586],"tags":[11,4130,4154,1994,1777,674,1779,71760,3394,71759,1011,27,10856,15018,1774,12,29390,25,4561,1679,1778,364,3681],"class_list":{"0":"post-606468","1":"post","2":"type-post","3":"status-publish","4":"format-standard","5":"has-post-thumbnail","7":"category-europe","8":"tag-actualites","9":"tag-biathlon","10":"tag-bois","11":"tag-entraineur","12":"tag-eu","13":"tag-europe","14":"tag-european-union","15":"tag-evidentea","16":"tag-evoque","17":"tag-fourcade","18":"tag-fr","19":"tag-france","20":"tag-lequipe","21":"tag-langue","22":"tag-masculine","23":"tag-news","24":"tag-preparation","25":"tag-republique-francaise","26":"tag-sans","27":"tag-simon","28":"tag-ue","29":"tag-union-europeenne","30":"tag-vivre"},"share_on_mastodon":{"url":"https:\/\/pubeurope.com\/@fr\/115737991243410922","error":""},"_links":{"self":[{"href":"https:\/\/www.europesays.com\/fr\/wp-json\/wp\/v2\/posts\/606468","targetHints":{"allow":["GET"]}}],"collection":[{"href":"https:\/\/www.europesays.com\/fr\/wp-json\/wp\/v2\/posts"}],"about":[{"href":"https:\/\/www.europesays.com\/fr\/wp-json\/wp\/v2\/types\/post"}],"author":[{"embeddable":true,"href":"https:\/\/www.europesays.com\/fr\/wp-json\/wp\/v2\/users\/2"}],"replies":[{"embeddable":true,"href":"https:\/\/www.europesays.com\/fr\/wp-json\/wp\/v2\/comments?post=606468"}],"version-history":[{"count":0,"href":"https:\/\/www.europesays.com\/fr\/wp-json\/wp\/v2\/posts\/606468\/revisions"}],"wp:featuredmedia":[{"embeddable":true,"href":"https:\/\/www.europesays.com\/fr\/wp-json\/wp\/v2\/media\/606120"}],"wp:attachment":[{"href":"https:\/\/www.europesays.com\/fr\/wp-json\/wp\/v2\/media?parent=606468"}],"wp:term":[{"taxonomy":"category","embeddable":true,"href":"https:\/\/www.europesays.com\/fr\/wp-json\/wp\/v2\/categories?post=606468"},{"taxonomy":"post_tag","embeddable":true,"href":"https:\/\/www.europesays.com\/fr\/wp-json\/wp\/v2\/tags?post=606468"}],"curies":[{"name":"wp","href":"https:\/\/api.w.org\/{rel}","templated":true}]}}