{"id":606469,"date":"2025-12-18T01:32:22","date_gmt":"2025-12-18T01:32:22","guid":{"rendered":"https:\/\/www.europesays.com\/fr\/606469\/"},"modified":"2025-12-18T01:32:22","modified_gmt":"2025-12-18T01:32:22","slug":"checknews-a-retrouve-lado-burkinabe-a-lorigine-de-la-video-generee-par-ia-liberation","status":"publish","type":"post","link":"https:\/\/www.europesays.com\/fr\/606469\/","title":{"rendered":"\u00abCheckNews\u00bb a retrouv\u00e9 l\u2019ado burkinab\u00e8 \u00e0 l\u2019origine de la vid\u00e9o g\u00e9n\u00e9r\u00e9e par IA \u2013 Lib\u00e9ration"},"content":{"rendered":"<p class=\"sc-cPiKLX AiZTS text-element\">Coup de t\u00e9l\u00e9phone, dimanche 14 d\u00e9cembre, \u00e0 Emmanuel Macron. Au bout du fil, un pr\u00e9sident africain, inquiet, l\u2019informe qu\u2019il vient de voir sur Facebook une vid\u00e9o annon\u00e7ant un coup d\u2019Etat en France. Un colonel aurait pris le pouvoir, l\u2019\u00c9lys\u00e9e serait tomb\u00e9. C\u2019est \u00e9videmment faux, mais la vid\u00e9o cumule 12 millions de vues.<\/p>\n<p class=\"sc-cPiKLX AiZTS text-element\">Face aux lecteurs de la Provence, mardi, Emmanuel Macron a racont\u00e9 cet \u00e9pisode pour d\u00e9noncer l\u2019irresponsabilit\u00e9 des r\u00e9seaux sociaux et leur manque de volont\u00e9 pour endiguer la d\u00e9sinformation. Le pr\u00e9sident d\u00e9crit les images envoy\u00e9es par son<b> <\/b>homologue \u2013 il ne pr\u00e9cise pas de quel pays : \u00abOn y voit une journaliste qui est \u00e0 c\u00f4t\u00e9 de l\u2019Elys\u00e9e qui dit : \u201cIl y a eu un coup d\u2019Etat en France, un colonel a pris le pouvoir.\u201d\u00bb<\/p>\n<p class=\"sc-cPiKLX AiZTS text-element\">Apr\u00e8s s\u2019\u00eatre \u00abmarr\u00e9\u00bb en d\u00e9couvrant ces images, il demande \u00e0 ses \u00e9quipes de demander le retrait de la vid\u00e9o. \u00abLa plateforme Pharos appelle Facebook. Elle dit : \u201cIl faut retirer ce truc. Regardez, de mani\u00e8re \u00e9vidente, \u00e7a cr\u00e9e le chaos\u201d, raconte Macron. R\u00e9ponse de Facebook : \u201c\u00c7a ne contrevient pas \u00e0 nos r\u00e8gles d\u2019utilisation.\u201d Refus de retrait.\u00bb Le Pr\u00e9sident d\u00e9cide alors d\u2019appeler lui-m\u00eame Facebook, estimant qu\u2019il a \u00abplus de moyens de pression que qui ce soit\u00bb. Et \u00abbah, \u00e7a ne marche pas\u00bb, d\u00e9plore le locataire de l\u2019Elys\u00e9e, avant de s\u2019en prendre aux plateformes qui \u00abse moquent de nous\u00bb, qui \u00abse foutent de la s\u00e9r\u00e9nit\u00e9 des d\u00e9bats publics\u00bb et qui<\/p>\n","protected":false},"excerpt":{"rendered":"Coup de t\u00e9l\u00e9phone, dimanche 14 d\u00e9cembre, \u00e0 Emmanuel Macron. Au bout du fil, un pr\u00e9sident africain, inquiet, l\u2019informe&hellip;\n","protected":false},"author":2,"featured_media":606470,"comment_status":"","ping_status":"","sticky":false,"template":"","format":"standard","meta":{"footnotes":""},"categories":[2],"tags":[11,4121,1011,27,12,143,25],"class_list":{"0":"post-606469","1":"post","2":"type-post","3":"status-publish","4":"format-standard","5":"has-post-thumbnail","7":"category-actualites","8":"tag-actualites","9":"tag-desinformation","10":"tag-fr","11":"tag-france","12":"tag-news","13":"tag-openai","14":"tag-republique-francaise"},"share_on_mastodon":{"url":"https:\/\/pubeurope.com\/@fr\/115737994476079905","error":""},"_links":{"self":[{"href":"https:\/\/www.europesays.com\/fr\/wp-json\/wp\/v2\/posts\/606469","targetHints":{"allow":["GET"]}}],"collection":[{"href":"https:\/\/www.europesays.com\/fr\/wp-json\/wp\/v2\/posts"}],"about":[{"href":"https:\/\/www.europesays.com\/fr\/wp-json\/wp\/v2\/types\/post"}],"author":[{"embeddable":true,"href":"https:\/\/www.europesays.com\/fr\/wp-json\/wp\/v2\/users\/2"}],"replies":[{"embeddable":true,"href":"https:\/\/www.europesays.com\/fr\/wp-json\/wp\/v2\/comments?post=606469"}],"version-history":[{"count":0,"href":"https:\/\/www.europesays.com\/fr\/wp-json\/wp\/v2\/posts\/606469\/revisions"}],"wp:featuredmedia":[{"embeddable":true,"href":"https:\/\/www.europesays.com\/fr\/wp-json\/wp\/v2\/media\/606470"}],"wp:attachment":[{"href":"https:\/\/www.europesays.com\/fr\/wp-json\/wp\/v2\/media?parent=606469"}],"wp:term":[{"taxonomy":"category","embeddable":true,"href":"https:\/\/www.europesays.com\/fr\/wp-json\/wp\/v2\/categories?post=606469"},{"taxonomy":"post_tag","embeddable":true,"href":"https:\/\/www.europesays.com\/fr\/wp-json\/wp\/v2\/tags?post=606469"}],"curies":[{"name":"wp","href":"https:\/\/api.w.org\/{rel}","templated":true}]}}