{"id":606478,"date":"2025-12-18T01:42:14","date_gmt":"2025-12-18T01:42:14","guid":{"rendered":"https:\/\/www.europesays.com\/fr\/606478\/"},"modified":"2025-12-18T01:42:14","modified_gmt":"2025-12-18T01:42:14","slug":"je-nai-pas-le-budget-pour-faire-toute-la-saison-lauriane-duraffourg-soigne-son-retour-actualite","status":"publish","type":"post","link":"https:\/\/www.europesays.com\/fr\/606478\/","title":{"rendered":"\u00ab Je n\u2019ai pas le budget pour faire toute la saison \u00bb : Lauriane Duraffourg soigne son retour &#8211; Actualit\u00e9"},"content":{"rendered":"<p style=\"text-align: justify;\"><strong><strong><a href=\"https:\/\/www.directvelo.com\/coureur\/30708\/laurianne-duraffourg\" target=\"_blank\" rel=\"noopener\">Lauriane Duraffourg<\/a><\/strong>\u00a0est de\u00a0retour. Absente de toutes les autres manches de la Coupe de France cette saison, la licenci\u00e9e du VC Ornans <strong><a href=\"https:\/\/www.directvelo.com\/epreuve\/48730\/coupe-de-france-de-cyclo-cross-ouistreham-elite-u23-femmes-2025\" target=\"_blank\" rel=\"noopener\">a pris place au pied du podium<\/a><\/strong>, dimanche dernier, dans le sable des plages d\u2019Ouistreham (Calvados). Certes, certaines des meilleures fran\u00e7aises n\u2019\u00e9taient pas pr\u00e9sentes puisque align\u00e9es dans le m\u00eame temps sur un autre front, \u00e0 Namur en Coupe du Monde. Toujours est-il que la performance de l\u2019athl\u00e8te de 23 ans reste int\u00e9ressante \u00e9tant donn\u00e9 le contexte.\u00a0<br \/><\/strong><\/p>\n<p style=\"text-align: justify;\">\u201cL\u2019an pass\u00e9, j\u2019avais \u00e9t\u00e9 op\u00e9r\u00e9e du genou en septembre et j\u2019avais loup\u00e9 toute la saison de cyclo-cross. Je n\u2019ai pas retrouv\u00e9 d\u2019\u00e9quipe pour cet hiver\u201d, explique aupr\u00e8s de DirectVelo celle qui portait auparavant le maillot de l\u2019AS Bike <strong><a href=\"https:\/\/www.directvelo.com\/epreuve\/42163\/championnat-du-monde-de-cyclo-cross-femmes-u23-2024\" target=\"_blank\" rel=\"noopener\">et avait termin\u00e9 8e du Championnat du Monde U23<\/a><\/strong>\u00a0en f\u00e9vrier 2024. \u201cIl a \u00e9t\u00e9 difficile de retrouver une \u00e9quipe sp\u00e9cialiste de cross. Je n\u2019ai pas le budget pour faire toute la saison alors j\u2019ai repris plus tard. C\u2019est volontaire, je n\u2019\u00e9tais pas diminu\u00e9e physiquement\u201d, pr\u00e9cise-t-elle pour expliquer ce retour tardif au niveau national.<br \/>\u00ab IL N\u2019Y A PAS DE REGRETS \u00bb <br \/>\u201cL\u2019objectif principal de la saison\u201d sera le Championnat de France \u00e0 Troyes. Et Lauriane Duraffourg pourra miser sur une certaine fra\u00eecheur physique et mentale.\u00a0En l&rsquo;\u00e9tat,\u00a0la confiance accumul\u00e9e dimanche en Normandie ne peut que l\u2019aider. \u201cC\u2019\u00e9tait vraiment dur mais super sympa. Le sable, on n\u2019en a pas l\u2019habitude, \u00e7a change. Il y a eu pas mal de rebondissements pendant la course et j\u2019ai r\u00e9ussi \u00e0 faire les efforts aux bons moments. J\u2019ai m\u00eame \u00e9t\u00e9 un temps en t\u00eate avec Ana\u00efs (Morichon) puis j\u2019ai fait quelques fautes dans le sable\u201d.<br \/>Le \u201cdosage de l\u2019effort\u201d \u00e9tait important sur ce parcours et elle a fini par c\u00e9der dans le final. \u201cJ\u2019aurais voulu garder ma place sur le podium, \u00e7a aurait \u00e9t\u00e9 super cool, mais il n\u2019y a pas de regrets car les trois premi\u00e8res \u00e9taient super fortes dans le sable. En tout cas la forme est l\u00e0, je suis contente\u201d. Voil\u00e0 un nom suppl\u00e9mentaire \u00e0 cocher dans la liste des outsiders pour Troyes.\u00a0<\/p>\n","protected":false},"excerpt":{"rendered":"Lauriane Duraffourg\u00a0est de\u00a0retour. Absente de toutes les autres manches de la Coupe de France cette saison, la licenci\u00e9e&hellip;\n","protected":false},"author":2,"featured_media":606479,"comment_status":"","ping_status":"","sticky":false,"template":"","format":"standard","meta":{"footnotes":""},"categories":[1411],"tags":[834,828,836,829,837,827,83,826,824,823,1154,207,814,817,815,816,822,821,832,211,839,1011,27,820,818,819,835,831,830,833,838,60,212,208,825],"class_list":{"0":"post-606478","1":"post","2":"type-post","3":"status-publish","4":"format-standard","5":"has-post-thumbnail","7":"category-cyclisme","8":"tag-attaque","9":"tag-belgique","10":"tag-braquet","11":"tag-bretagne","12":"tag-chute","13":"tag-competition","14":"tag-coupe-de-france","15":"tag-coureur","16":"tag-course-cyclisme","17":"tag-course-cycliste","18":"tag-cycling","19":"tag-cyclisme","20":"tag-direct","21":"tag-direct-velo","22":"tag-directvelo","23":"tag-directvelo-com","24":"tag-epreuve","25":"tag-epreuve-cycliste","26":"tag-federation-francaise-de-cyclisme","27":"tag-ffc","28":"tag-flandres","29":"tag-fr","30":"tag-france","31":"tag-live","32":"tag-live-course","33":"tag-live-epreuve","34":"tag-peloton","35":"tag-radio-peloton","36":"tag-radio-tour","37":"tag-ravitaillement","38":"tag-relance","39":"tag-sports","40":"tag-uci","41":"tag-velo","42":"tag-velos"},"share_on_mastodon":{"url":"","error":"Validation failed: Text character limit of 500 exceeded"},"_links":{"self":[{"href":"https:\/\/www.europesays.com\/fr\/wp-json\/wp\/v2\/posts\/606478","targetHints":{"allow":["GET"]}}],"collection":[{"href":"https:\/\/www.europesays.com\/fr\/wp-json\/wp\/v2\/posts"}],"about":[{"href":"https:\/\/www.europesays.com\/fr\/wp-json\/wp\/v2\/types\/post"}],"author":[{"embeddable":true,"href":"https:\/\/www.europesays.com\/fr\/wp-json\/wp\/v2\/users\/2"}],"replies":[{"embeddable":true,"href":"https:\/\/www.europesays.com\/fr\/wp-json\/wp\/v2\/comments?post=606478"}],"version-history":[{"count":0,"href":"https:\/\/www.europesays.com\/fr\/wp-json\/wp\/v2\/posts\/606478\/revisions"}],"wp:featuredmedia":[{"embeddable":true,"href":"https:\/\/www.europesays.com\/fr\/wp-json\/wp\/v2\/media\/606479"}],"wp:attachment":[{"href":"https:\/\/www.europesays.com\/fr\/wp-json\/wp\/v2\/media?parent=606478"}],"wp:term":[{"taxonomy":"category","embeddable":true,"href":"https:\/\/www.europesays.com\/fr\/wp-json\/wp\/v2\/categories?post=606478"},{"taxonomy":"post_tag","embeddable":true,"href":"https:\/\/www.europesays.com\/fr\/wp-json\/wp\/v2\/tags?post=606478"}],"curies":[{"name":"wp","href":"https:\/\/api.w.org\/{rel}","templated":true}]}}