{"id":606491,"date":"2025-12-18T01:50:19","date_gmt":"2025-12-18T01:50:19","guid":{"rendered":"https:\/\/www.europesays.com\/fr\/606491\/"},"modified":"2025-12-18T01:50:19","modified_gmt":"2025-12-18T01:50:19","slug":"de-nouveaux-autotests-sont-disponibles-en-pharmacie","status":"publish","type":"post","link":"https:\/\/www.europesays.com\/fr\/606491\/","title":{"rendered":"de nouveaux autotests sont disponibles en pharmacie"},"content":{"rendered":"<p>                    Par<br \/>\n        <strong><br \/>\n            <a href=\"https:\/\/actu.fr\/auteur\/jade-lacroix\" title=\"Consulter tous les articles de Jade Lacroix\" target=\"_blank\" rel=\"noopener\">Jade Lacroix<\/a><br \/>\n                    <\/strong><\/p>\n<p>        Publi\u00e9 le<\/p>\n<p>            17 d\u00e9c. 2025 \u00e0 13h12        <\/p>\n<p>Un nouveau autotest est disponible depuis ce lundi 15 d\u00e9cembre 2025 en pharmacie. \u00c0 la diff\u00e9rence des autres tests, il permet de d\u00e9tecter \u00e0 la fois <strong><a href=\"https:\/\/actu.fr\/societe\/coronavirus\/un-nouveau-virus-proche-du-covid-19-decouvert-chez-les-chauves-souris-les-scientifiques-inquiets_63395877.html\" target=\"_blank\" rel=\"noopener\">la Covid-19<\/a>\u00a0mais aussi la grippe<\/strong>.\u00a0<\/p>\n<p>Un test disponible en pharmacie<\/p>\n<p class=\" wall-content\">Une nouveaut\u00e9 bien pratique car les sympt\u00f4mes de la grippe et de <a href=\"https:\/\/actu.fr\/societe\/coronavirus\/moins-contagieux-mais-plus-mortel-c-est-quoi-le-mers-cov-ce-coronavirus-rare-detecte-en-france_63527901.html\" target=\"_blank\" rel=\"noopener\">la covid<\/a> sont proches : fi\u00e8vre, courbatures, fatigue\u2026<\/p>\n<p class=\" wall-content\">Mais attention, ce test est disponible seulement dans les pharmacies qui choisissent de le commercialiser. \u00ab\u00a0<strong>La disponibilit\u00e9 peut donc varier<\/strong> selon les officines et les r\u00e9gions\u00a0\u00bb, appuie le minist\u00e8re de la Sant\u00e9 aupr\u00e8s d\u2019actu.fr.<\/p>\n<p class=\" wall-content\">Quant \u00e0 son prix, il est fix\u00e9 \u00ab\u00a0par chaque pharmacie en fonction des conditions d\u2019achat aupr\u00e8s des distributeurs\u00a0\u00bb, note le minist\u00e8re de St\u00e9phanie Rist. Il peut donc varier selon les officines et les r\u00e9gions.<\/p>\n<p>Comment fonctionne ce test ?\u00a0<\/p>\n<p class=\" wall-content\">Il suffit d\u2019un seul pr\u00e9l\u00e8vement, comme un autotest classique. Au bout de quelques minutes, le test affiche un r\u00e9sultat.\u00a0<\/p>\n<blockquote class=\"ac-article-quote wall-content\">\n<p>Ces autotests permettent de d\u00e9tecter la pr\u00e9sence du SARS-CoV-2 et des virus de la grippe \u00e0 partir d\u2019un pr\u00e9l\u00e8vement nasal ou salivaire. Les instructions d\u2019utilisation d\u00e9taill\u00e9es sont fournies dans la notice du produit.<\/p>\n<p>    <strong>Minist\u00e8re de la Sant\u00e9<\/strong>\n            <\/p><\/blockquote>\n<p>Votre r\u00e9gion, votre actu !<\/p>\n<p>Recevez chaque jour les infos qui comptent pour vous.<\/p>\n<p>\t<a href=\"https:\/\/actu.fr\/newsletter\" class=\"ac-btn ac-btn--corner ac-btn--medium ac-btn--blue800\" target=\"_blank\" rel=\"noopener\">S&rsquo;incrire<\/a><\/p>\n<p class=\" wall-content\">Si deux traits sont visibles sur la bande bleue, alors vous \u00eates positifs <a href=\"https:\/\/actu.fr\/tag\/coronavirus-covid\" target=\"_blank\" rel=\"noopener\">\u00e0 la Covid-19<\/a>. S\u2019il y a deux traites sur la bande verte, alors vous avez une grippe.\u00a0<\/p>\n<p class=\" wall-content\">Ce nouvel outil pour d\u00e9tecter les virus est mis en vente alors que <a href=\"https:\/\/actu.fr\/societe\/carte-l-epidemie-de-grippe-en-forte-augmentation-en-france-les-departements-les-plus-touches_63571830.html\" target=\"_blank\" rel=\"noopener\">l\u2019\u00e9pid\u00e9mie de grippe<\/a> touche de plein fouet la France. Le pays est d\u00e9j\u00e0 plong\u00e9 dans une \u00e9pid\u00e9mie de grippe saisonni\u00e8re avec toutes les r\u00e9gions, \u00e0 l\u2019exception de la Corse, en phase \u00e9pid\u00e9mique.<\/p>\n<p class=\" wall-content\">Personnalisez votre actualit\u00e9 en ajoutant vos villes et m\u00e9dias en favori avec <a href=\"https:\/\/moncompte.actu.fr\" title=\"D\u00e9couvez Mon Actu\" rel=\"nofollow noopener\" data-trk=\"{&quot;cta&quot;:{&quot;action&quot;:&quot;https:\\\/\\\/moncompte.actu.fr&quot;,&quot;category&quot;:&quot;mon compte&quot;,&quot;from&quot;:&quot;article footer&quot;,&quot;name&quot;:&quot;Mon actu&quot;,&quot;type&quot;:&quot;cta&quot;}}\" target=\"_blank\">Mon Actu<\/a>.<\/p>\n","protected":false},"excerpt":{"rendered":"Par Jade Lacroix Publi\u00e9 le 17 d\u00e9c. 2025 \u00e0 13h12 Un nouveau autotest est disponible depuis ce lundi&hellip;\n","protected":false},"author":2,"featured_media":606492,"comment_status":"","ping_status":"","sticky":false,"template":"","format":"standard","meta":{"footnotes":""},"categories":[10],"tags":[4379,1011,27,29786,72,71,104],"class_list":{"0":"post-606491","1":"post","2":"type-post","3":"status-publish","4":"format-standard","5":"has-post-thumbnail","7":"category-sante","8":"tag-coronavirus-covid","9":"tag-fr","10":"tag-france","11":"tag-grippe","12":"tag-health","13":"tag-sante","14":"tag-societe"},"share_on_mastodon":{"url":"https:\/\/pubeurope.com\/@fr\/115738065141957075","error":""},"_links":{"self":[{"href":"https:\/\/www.europesays.com\/fr\/wp-json\/wp\/v2\/posts\/606491","targetHints":{"allow":["GET"]}}],"collection":[{"href":"https:\/\/www.europesays.com\/fr\/wp-json\/wp\/v2\/posts"}],"about":[{"href":"https:\/\/www.europesays.com\/fr\/wp-json\/wp\/v2\/types\/post"}],"author":[{"embeddable":true,"href":"https:\/\/www.europesays.com\/fr\/wp-json\/wp\/v2\/users\/2"}],"replies":[{"embeddable":true,"href":"https:\/\/www.europesays.com\/fr\/wp-json\/wp\/v2\/comments?post=606491"}],"version-history":[{"count":0,"href":"https:\/\/www.europesays.com\/fr\/wp-json\/wp\/v2\/posts\/606491\/revisions"}],"wp:featuredmedia":[{"embeddable":true,"href":"https:\/\/www.europesays.com\/fr\/wp-json\/wp\/v2\/media\/606492"}],"wp:attachment":[{"href":"https:\/\/www.europesays.com\/fr\/wp-json\/wp\/v2\/media?parent=606491"}],"wp:term":[{"taxonomy":"category","embeddable":true,"href":"https:\/\/www.europesays.com\/fr\/wp-json\/wp\/v2\/categories?post=606491"},{"taxonomy":"post_tag","embeddable":true,"href":"https:\/\/www.europesays.com\/fr\/wp-json\/wp\/v2\/tags?post=606491"}],"curies":[{"name":"wp","href":"https:\/\/api.w.org\/{rel}","templated":true}]}}