{"id":606499,"date":"2025-12-18T01:54:12","date_gmt":"2025-12-18T01:54:12","guid":{"rendered":"https:\/\/www.europesays.com\/fr\/606499\/"},"modified":"2025-12-18T01:54:12","modified_gmt":"2025-12-18T01:54:12","slug":"une-caissiere-influenceuse-dun-carrefour-sur-tiktok-est-desormais-protegee-par-un-agent-de-securite","status":"publish","type":"post","link":"https:\/\/www.europesays.com\/fr\/606499\/","title":{"rendered":"Une caissi\u00e8re influenceuse d\u2019un Carrefour sur TikTok est d\u00e9sormais prot\u00e9g\u00e9e par un agent de s\u00e9curit\u00e9"},"content":{"rendered":"<p>\n    Apr\u00e8s plusieurs vid\u00e9os virales sur le compte TikTok du Carrefour de Laval, une jeune employ\u00e9e a connu une popularit\u00e9 croissante sur les r\u00e9seaux sociaux et est d\u00e9sormais plac\u00e9e sous protection.<\/p>\n<p class=\"fig-paragraph\">\u00c0\u00a0<a href=\"http:\/\/www.lefigaro.fr\/vox\/politique\/a-laval-comme-ailleurs-la-france-peripherique-n-est-plus-epargnee-par-l-insecurite-20251114\" target=\"_blank\" data-fig-type=\"Article\" rel=\"noopener\" data-gtm-custom-categorie=\"navigation\" data-gtm-custom-action=\"crossclick\" data-gtm-custom-label=\"Contextuel\" data-gtm-event=\"customEventSPE\" data-fig-domain=\"LEFIGARO\">Laval<\/a>, dans le quartier Grenoux, le Carrefour local est devenu un lieu de curiosit\u00e9 inattendu. Depuis f\u00e9vrier 2025, plusieurs jeunes caissiers, accompagn\u00e9s de leur community manager, publient r\u00e9guli\u00e8rement des vid\u00e9os sur\u00a0<a href=\"http:\/\/www.lefigaro.fr\/flash-eco\/nouvelle-plainte-contre-tiktok-en-autriche-pour-suivi-des-activites-d-utilisateurs-20251217\" target=\"_blank\" data-fig-type=\"NewsFlash\" rel=\"noopener\" data-gtm-custom-categorie=\"navigation\" data-gtm-custom-action=\"crossclick\" data-gtm-custom-label=\"Contextuel\" data-gtm-event=\"customEventSPE\" data-fig-domain=\"LEFIGARO\">TikTok\u00a0<\/a>m\u00ealant chor\u00e9graphies, sketches et tranches de vie du magasin. Ces contenus, initialement modestes, ont explos\u00e9 en d\u00e9cembre\u00a0: certains posts d\u00e9passent les 7 millions de vues. Le compte du magasin, suivi par pr\u00e8s de 100.000 abonn\u00e9s, a \u00e9t\u00e9 temporairement suspendu apr\u00e8s un afflux massif de faux comptes cr\u00e9\u00e9s par des internautes cherchant \u00e0 imiter ou usurper l\u2019identit\u00e9 des jeunes caissiers.<\/p>\n<p class=\"fig-paragraph\">Parmi eux, L\u00e9onie, \u00e9tudiante travaillant le week-end, est devenue la figure centrale de ce succ\u00e8s viral. L\u2019engouement autour d\u2019elle a contraint la direction \u00e0 mobiliser un agent de s\u00e9curit\u00e9 pour prot\u00e9ger la jeune femme des visiteurs, souvent adolescents, venus la voir. \u00abIl s\u2019agit d\u2019un public jeune, qui \u00e0 la sortie de l\u2019\u00e9cole, est all\u00e9 \u00e0 l\u2019hypermarch\u00e9. Nous ne sommes pas pr\u00eats. Nous avons d\u00e9cid\u00e9 de poster un agent de s\u00e9curit\u00e9, pour prot\u00e9ger la jeune femme\u00bb, a expliqu\u00e9 Ang\u00e9lique Durchon, directrice du magasin, \u00e0\u00a0<a href=\"https:\/\/www.francebleu.fr\/emissions\/l-info-d-ici-ici-mayenne\/video-un-agent-de-securite-protege-leonie-la-caissiere-influenceuse-du-carrefour-laval-3480534\" target=\"_blank\" rel=\"sponsored noopener\" data-gtm-custom-categorie=\"navigation\" data-gtm-custom-action=\"crossclick\" data-gtm-custom-label=\"Contextuel\" data-gtm-event=\"customEventSPE\">ICI Mayenne<\/a>.<\/p>\n<p>                                            <a class=\"fig-a11y-skip\" href=\"#fig-a11y-skip-main-inarticle\" data-module=\"a11y-skip\" data-context=\"was @visible\"><br \/>\n    Passer la publicit\u00e9<br \/>\n<\/a>            <\/p>\n<p>                                            \u00abTout le monde m\u2019en parle\u00bb<\/p>\n<p class=\"fig-paragraph\">Si certains habitants saluent ce rayonnement pour Laval, d\u2019autres s\u2019inqui\u00e8tent pour la s\u00e9curit\u00e9 de L\u00e9onie. Clara, vendeuse dans la galerie commerciale, rapporte des \u00abattroupements de jeunes gar\u00e7ons qui crient le pr\u00e9nom\u00bb de la caissi\u00e8re. La multiplication des faux comptes et des tentatives d\u2019usurpation d\u2019identit\u00e9 a renforc\u00e9 leur besoin de vigilance. Les jeunes influenceurs ont \u00e9galement \u00e9t\u00e9 confront\u00e9s \u00e0 des prises d\u2019images \u00e0 leur insu dans les rayons et \u00e0 des commentaires insultants.<\/p>\n<p class=\"fig-paragraph\">D\u2019autres apprentis influenceurs du magasin, comme Agathe, \u00e9tudiante \u00e0 l\u2019EFAP de Rennes, vivent leur nouvelle popularit\u00e9 avec prudence. \u00abC\u2019est un choc, tout le monde m\u2019en parle\u00bb, confie-t-elle \u00e0 la radio locale. Elles envisagent de cr\u00e9er\u00a0<a href=\"http:\/\/www.lefigaro.fr\/secteur\/high-tech\/la-publicite-va-faire-son-arrivee-sur-le-reseau-social-bereal-recemment-acquis-par-voodoo-20240627\" target=\"_blank\" data-fig-type=\"Article\" rel=\"noopener\" data-gtm-custom-categorie=\"navigation\" data-gtm-custom-action=\"crossclick\" data-gtm-custom-label=\"Contextuel\" data-gtm-event=\"customEventSPE\" data-fig-domain=\"LEFIGARO\">un compte BeReal<\/a>, l\u2019application de partage de photos instantan\u00e9es, pour mieux contr\u00f4ler leur image et montrer les coulisses de leur quotidien.<\/p>\n<p class=\"fig-paragraph\">Face au succ\u00e8s, Carrefour France a publi\u00e9 une vid\u00e9o officielle avec l\u2019\u00e9quipe de Laval sur son compte TikTok. Pour la community manager Ilham Chairi Roussel, l\u2019objectif reste de montrer l\u2019ambiance du magasin\u00a0: \u00abAu d\u00e9but, c\u2019\u00e9tait simplement du divertissement, et cela doit le rester. Cela apporte une tr\u00e8s bonne ambiance \u00e0 l\u2019\u00e9quipe\u00bb, glisse-t-elle \u00e0 ICI Mayenne. Avec une volont\u00e9, celle de poursuivre cette strat\u00e9gie digitale locale m\u00ealant proximit\u00e9 et visibilit\u00e9 nationale.<\/p>\n","protected":false},"excerpt":{"rendered":"Apr\u00e8s plusieurs vid\u00e9os virales sur le compte TikTok du Carrefour de Laval, une jeune employ\u00e9e a connu une&hellip;\n","protected":false},"author":2,"featured_media":606500,"comment_status":"","ping_status":"","sticky":false,"template":"","format":"standard","meta":{"footnotes":""},"categories":[6],"tags":[35,4304,33,34,1011,27,2439],"class_list":{"0":"post-606499","1":"post","2":"type-post","3":"status-publish","4":"format-standard","5":"has-post-thumbnail","7":"category-economie","8":"tag-business","9":"tag-carrefour","10":"tag-economie","11":"tag-economy","12":"tag-fr","13":"tag-france","14":"tag-tiktok"},"share_on_mastodon":{"url":"https:\/\/pubeurope.com\/@fr\/115738080973559094","error":""},"_links":{"self":[{"href":"https:\/\/www.europesays.com\/fr\/wp-json\/wp\/v2\/posts\/606499","targetHints":{"allow":["GET"]}}],"collection":[{"href":"https:\/\/www.europesays.com\/fr\/wp-json\/wp\/v2\/posts"}],"about":[{"href":"https:\/\/www.europesays.com\/fr\/wp-json\/wp\/v2\/types\/post"}],"author":[{"embeddable":true,"href":"https:\/\/www.europesays.com\/fr\/wp-json\/wp\/v2\/users\/2"}],"replies":[{"embeddable":true,"href":"https:\/\/www.europesays.com\/fr\/wp-json\/wp\/v2\/comments?post=606499"}],"version-history":[{"count":0,"href":"https:\/\/www.europesays.com\/fr\/wp-json\/wp\/v2\/posts\/606499\/revisions"}],"wp:featuredmedia":[{"embeddable":true,"href":"https:\/\/www.europesays.com\/fr\/wp-json\/wp\/v2\/media\/606500"}],"wp:attachment":[{"href":"https:\/\/www.europesays.com\/fr\/wp-json\/wp\/v2\/media?parent=606499"}],"wp:term":[{"taxonomy":"category","embeddable":true,"href":"https:\/\/www.europesays.com\/fr\/wp-json\/wp\/v2\/categories?post=606499"},{"taxonomy":"post_tag","embeddable":true,"href":"https:\/\/www.europesays.com\/fr\/wp-json\/wp\/v2\/tags?post=606499"}],"curies":[{"name":"wp","href":"https:\/\/api.w.org\/{rel}","templated":true}]}}