{"id":606505,"date":"2025-12-18T01:57:13","date_gmt":"2025-12-18T01:57:13","guid":{"rendered":"https:\/\/www.europesays.com\/fr\/606505\/"},"modified":"2025-12-18T01:57:13","modified_gmt":"2025-12-18T01:57:13","slug":"barack-hussein-obama-sleepy-joe-biden-election-de-2020-volee-donald-trump-franchit-un-nouveau-palier-dans-linsulte-contre-ses-predecesseurs","status":"publish","type":"post","link":"https:\/\/www.europesays.com\/fr\/606505\/","title":{"rendered":"\u00abBarack Hussein Obama\u00bb, \u00abSleepy Joe\u00bb Biden, \u00e9lection de 2020 vol\u00e9e&#8230; Donald Trump franchit un nouveau palier dans l&rsquo;insulte contre ses pr\u00e9d\u00e9cesseurs"},"content":{"rendered":"<p>\n    Une plaque r\u00e9cemment install\u00e9e \u00e0 la Maison\u2011Blanche dresse un portrait tr\u00e8s partisan des pr\u00e9sidents am\u00e9ricains. Donald Trump, lui, b\u00e9n\u00e9ficie d\u2019une biographie tr\u00e8s \u00e9logieuse, \u00e9voquant notamment son am\u00e9nagement ostentatoire du palais pr\u00e9sidentiel.<\/p>\n<p class=\"fig-paragraph\">Apr\u00e8s avoir insult\u00e9 ses pr\u00e9d\u00e9cesseurs\u00a0<a href=\"http:\/\/www.lefigaro.fr\/international\/etats-unis-donald-trump-veut-annuler-tous-les-documents-supposement-signes-avec-un-stylo-automatique-par-joe-biden-20251203\" target=\"_blank\" data-fig-type=\"NewsFlash\" rel=\"noopener\" data-gtm-custom-categorie=\"navigation\" data-gtm-custom-action=\"crossclick\" data-gtm-custom-label=\"Contextuel\" data-gtm-event=\"customEventSPE\" data-fig-domain=\"LEFIGARO\">Joe Biden<\/a>\u00a0et\u00a0<a href=\"http:\/\/madame.lefigaro.fr\/celebrites\/actu-people\/barack-obama-remporte-son-troisieme-prix-au-creative-arts-emmy-awards-20250908\" target=\"_blank\" data-fig-type=\"Article\" rel=\"noopener\" data-gtm-custom-categorie=\"navigation\" data-gtm-custom-action=\"crossclick\" data-gtm-custom-label=\"Contextuel\" data-gtm-event=\"customEventSPE\" data-fig-domain=\"MADAME\">Barack Obama<\/a>\u00a0\u00e0 l&rsquo;\u00e9crit comme \u00e0 l&rsquo;oral, Donald Trump a franchi un nouveau palier en faisant accrocher \u00e0 la Maison-Blanche des plaques reprenant ses griefs contre les deux pr\u00e9sidents d\u00e9mocrates. Le pr\u00e9sident r\u00e9publicain avait d\u00e9j\u00e0 fait jaser en installant sous une colonnade ext\u00e9rieure menant au Bureau Ovale une galerie de portraits d&rsquo;anciens pr\u00e9sidents dans laquelle la photographie de Joe Biden est remplac\u00e9e par celle d&rsquo;une machine \u00e0 signer.<\/p>\n<p class=\"fig-paragraph\">Cela fait \u00e9cho aux affirmations de Donald Trump selon lesquelles son pr\u00e9d\u00e9cesseur \u00e9tait s\u00e9nile au point de ne plus pouvoir gouverner. Mercredi, les journalistes ont d\u00e9couvert que des plaques avaient \u00e9t\u00e9 ajout\u00e9es sous les portraits, avec des r\u00e9sum\u00e9s biographiques. Ceux de Joe Biden et de Barack Obama sont, sans surprise, tr\u00e8s n\u00e9gatifs.<\/p>\n<p>                                            <a class=\"fig-a11y-skip\" href=\"#fig-a11y-skip-main-inarticle\" data-module=\"a11y-skip\" data-context=\"was @visible\"><br \/>\n    Passer la publicit\u00e9<br \/>\n<\/a>            <\/p>\n<p>                                            \u00abLe pire pr\u00e9sident de l\u2019histoire des \u00c9tats-Unis\u00bb<\/p>\n<p class=\"fig-paragraph\">Du premier pr\u00e9sident noir des \u00c9tats-Unis, la plaque dit qu&rsquo;il est \u00abl&rsquo;une des personnalit\u00e9s politiques les plus clivantes de l&rsquo;histoire\u00bb. Il est aussi appel\u00e9 \u00abBarack Hussein Obama\u00bb \u00e0 la mani\u00e8re de Donald Trump, qui a contribu\u00e9 \u00e0 amplifier des th\u00e9ories complotistes sur les origines de son pr\u00e9d\u00e9cesseur. Joe Biden est lui d\u00e9crit en ces termes: \u00abJoe Biden l&rsquo;endormi \u00e9tait, de loin, le pire pr\u00e9sident de l&rsquo;histoire des \u00c9tats-Unis\u00bb. La plaque reprend aussi l&rsquo;affirmation mensong\u00e8re selon\u00a0<a href=\"http:\/\/www.lefigaro.fr\/flash-actu\/enquete-parlementaire-sur-l-assaut-du-capitole-trump-fustige-une-parodie-de-justice-20220614\" target=\"_blank\" data-fig-type=\"NewsFlash\" rel=\"noopener\" data-gtm-custom-categorie=\"navigation\" data-gtm-custom-action=\"crossclick\" data-gtm-custom-label=\"Contextuel\" data-gtm-event=\"customEventSPE\" data-fig-domain=\"LEFIGARO\">laquelle l&rsquo;\u00e9lection de 2020 aurait \u00e9t\u00e9 vol\u00e9e<\/a>\u00a0\u00e0 Donald Trump.<\/p>\n<p class=\"fig-paragraph\">Quant \u00e0 l&rsquo;actuel pr\u00e9sident, sa biographie est \u00e9videmment tr\u00e8s \u00e9logieuse. Elle indique qu&rsquo;il a mis fin \u00e0 huit conflits en huit mois, un chiffre jug\u00e9 largement imaginaire, et qu&rsquo;il a suscit\u00e9 des millions de milliards d&rsquo;investissements aux \u00c9tats-Unis, une affirmation inv\u00e9rifiable. Depuis son retour au pouvoir le 20 janvier, Donald Trump a transform\u00e9 la Maison-Blanche en un d\u00e9cor \u00e0 son go\u00fbt et \u00e0 sa gloire. En plus de faire construire une gigantesque salle de bal, il a multipli\u00e9 les ornements dor\u00e9s et accroch\u00e9 des portraits de lui-m\u00eame &#8211; allant contre l&rsquo;usage selon lequel un pr\u00e9sident ne voit son effigie expos\u00e9e qu&rsquo;apr\u00e8s avoir quitt\u00e9 le pouvoir.<\/p>\n","protected":false},"excerpt":{"rendered":"Une plaque r\u00e9cemment install\u00e9e \u00e0 la Maison\u2011Blanche dresse un portrait tr\u00e8s partisan des pr\u00e9sidents am\u00e9ricains. Donald Trump, lui,&hellip;\n","protected":false},"author":2,"featured_media":606506,"comment_status":"","ping_status":"","sticky":false,"template":"","format":"standard","meta":{"footnotes":""},"categories":[2],"tags":[11,592,75,1011,27,457,12],"class_list":{"0":"post-606505","1":"post","2":"type-post","3":"status-publish","4":"format-standard","5":"has-post-thumbnail","7":"category-actualites","8":"tag-actualites","9":"tag-barack-obama","10":"tag-donald-trump","11":"tag-fr","12":"tag-france","13":"tag-joe-biden","14":"tag-news"},"share_on_mastodon":{"url":"https:\/\/pubeurope.com\/@fr\/115738092969301383","error":""},"_links":{"self":[{"href":"https:\/\/www.europesays.com\/fr\/wp-json\/wp\/v2\/posts\/606505","targetHints":{"allow":["GET"]}}],"collection":[{"href":"https:\/\/www.europesays.com\/fr\/wp-json\/wp\/v2\/posts"}],"about":[{"href":"https:\/\/www.europesays.com\/fr\/wp-json\/wp\/v2\/types\/post"}],"author":[{"embeddable":true,"href":"https:\/\/www.europesays.com\/fr\/wp-json\/wp\/v2\/users\/2"}],"replies":[{"embeddable":true,"href":"https:\/\/www.europesays.com\/fr\/wp-json\/wp\/v2\/comments?post=606505"}],"version-history":[{"count":0,"href":"https:\/\/www.europesays.com\/fr\/wp-json\/wp\/v2\/posts\/606505\/revisions"}],"wp:featuredmedia":[{"embeddable":true,"href":"https:\/\/www.europesays.com\/fr\/wp-json\/wp\/v2\/media\/606506"}],"wp:attachment":[{"href":"https:\/\/www.europesays.com\/fr\/wp-json\/wp\/v2\/media?parent=606505"}],"wp:term":[{"taxonomy":"category","embeddable":true,"href":"https:\/\/www.europesays.com\/fr\/wp-json\/wp\/v2\/categories?post=606505"},{"taxonomy":"post_tag","embeddable":true,"href":"https:\/\/www.europesays.com\/fr\/wp-json\/wp\/v2\/tags?post=606505"}],"curies":[{"name":"wp","href":"https:\/\/api.w.org\/{rel}","templated":true}]}}