{"id":606507,"date":"2025-12-18T01:58:27","date_gmt":"2025-12-18T01:58:27","guid":{"rendered":"https:\/\/www.europesays.com\/fr\/606507\/"},"modified":"2025-12-18T01:58:27","modified_gmt":"2025-12-18T01:58:27","slug":"saint-just-malmont-la-commune-reitere-son-refus-dintegrer-le-parc-naturel-regional-du-pilat","status":"publish","type":"post","link":"https:\/\/www.europesays.com\/fr\/606507\/","title":{"rendered":"Saint-Just-Malmont : la commune r\u00e9it\u00e8re son refus d&rsquo;int\u00e9grer le Parc naturel r\u00e9gional du Pilat"},"content":{"rendered":"<p>\t\t\t\t\t\t\t\t\t\t\t\t\t\t\t\t\t\t\t\t\t\t\t\t\t\t\t\t\t\t\t\t\t\t\t\t\t\t\t\t\t\t\t\t\t\t\t\t\t\t\t\t\t\t\t\t\t\t\t\t\t\t\t<a href=\"https:\/\/www.lacommere43.fr\/component\/banners\/click\/1870.html\" target=\"_blank\" title=\"Yssingeaux bijouterie Civet d\u00e9cembre 2025\" rel=\"noopener\"><br \/>\n\t\t\t\t\t\t\t<img decoding=\"async\" loading=\"lazy\" src=\"https:\/\/www.europesays.com\/fr\/wp-content\/uploads\/2025\/12\/civet-carre2026.gif\" alt=\"Yssingeaux bijouterie Civet d\u00e9cembre 2025\"\/><br \/>\n\t\t\t\t\t\t<\/a><\/p>\n<p>\t\t\t\t\t\t\t\t\t\t\t\t\t\t\t\t\t\t\t\t\t\t\t\t\t\t\t\t\t\t\t\t\t\t\t\t\t\t\t\t\t\t\t\t\t\t\t\t\t\t\t\t\t\t\t\t\t\t\t\t\t\t\t<a href=\"https:\/\/www.lacommere43.fr\/component\/banners\/click\/1862.html\" target=\"_blank\" title=\"Tence Rural Master d\u00e9cembre 2025\" rel=\"noopener\"><br \/>\n\t\t\t\t\t\t\t<img decoding=\"async\" loading=\"lazy\" src=\"https:\/\/www.europesays.com\/fr\/wp-content\/uploads\/2025\/12\/rural2025-6.gif\" alt=\"Tence Rural Master d\u00e9cembre 2025\"\/><br \/>\n\t\t\t\t\t\t<\/a><\/p>\n<p><strong>Jeudi 11 d\u00e9cembre, les \u00e9lus de Saint-Just-Malmont ont tenu leur dernier conseil municipal de l&rsquo;ann\u00e9e.<\/strong><\/p>\n<p>Des travaux d\u2019enfouissement de lignes t\u00e9l\u00e9com et d\u2019\u00e9clairage public ont \u00e9t\u00e9 approuv\u00e9s \u00e0 \u00ab\u00a0Malmont\u00a0\u00bb.<\/p>\n<p><strong>Lotissement : \u00ab\u00a0Loin d&rsquo;\u00eatre l&rsquo;op\u00e9ration du si\u00e8cle\u00a0\u00bb<\/strong><\/p>\n<p>La commune a cl\u00f4tur\u00e9 le budget annexe lotissement, initi\u00e9 par une municipalit\u00e9 ant\u00e9rieure entre 2005 et 2008, juste avant l&rsquo;arriv\u00e9e au pouvoir de Fr\u00e9d\u00e9ric Girodet. \u00ab\u00a0J&rsquo;avais d\u00e9j\u00e0 \u00e0 l\u2019\u00e9poque soulign\u00e9 l\u2019explosion des d\u00e9penses d\u2019am\u00e9nagement de ce lotissement. On fait face \u00e0 des probl\u00e9matiques de ma\u00eetrise fonci\u00e8re, de passage de r\u00e9seaux sur des terrains priv\u00e9s et \u00e0 diff\u00e9rentes difficult\u00e9s li\u00e9es \u00e0 un manque d\u2019anticipation av\u00e9r\u00e9.\u00a0\u00bb<\/p>\n<p>Les diff\u00e9rentes cessions des lots, malgr\u00e9 des prix \u00e9lev\u00e9s pour l\u2019\u00e9poque (110 \u20ac\/m\u00b2) n\u2019ont pas permis d\u2019\u00e9quilibrer ce budget. Le d\u00e9ficit de 324 000 \u20ac de ce budget est att\u00e9nu\u00e9 par une provision de 270 000 euros mise en place afin d\u2019all\u00e9ger le poids de ce budget sur celui de la commune. \u00ab\u00a0C&rsquo;est loin d&rsquo;\u00eatre \u00ab l\u2019op\u00e9ration du si\u00e8cle \u00bb, ces 270 000 euros auraient largement pu servir \u00e0 autre chose.\u00a0\u00bb<\/p>\n<p><strong>Sictom Velay Pilat<\/strong><\/p>\n<p>Diff\u00e9rents rapports d\u2019activit\u00e9s ont pr\u00e9sent\u00e9s \u00e0 l\u2019assembl\u00e9e d\u00e9lib\u00e9rante, sur l\u2019assainissement et l\u2019eau potable ainsi que celui du Sictom Velay Pilat concernant le service d\u2019\u00e9limination des d\u00e9chets. Sur ce dernier, Fr\u00e9d\u00e9ric Girodet, pr\u00e9sident de ce syndicat, estime que \u00ab\u00a0le travail paye puisque les premiers r\u00e9sultats sont l\u00e0\u00a0\u00bb. Le Sictom a amorc\u00e9 une transition avec une restructuration des services avec la mise en place des points d\u2019apports collectifs (les colonnes de collecte), les charges de personnel ont diminu\u00e9, passant de 30 Equivalents Temps Plein (ETP) en 2023 \u00e0 24 en 2025, des investissements ont \u00e9t\u00e9 r\u00e9alis\u00e9s avec l\u2019achat de deux camions grue et des colonnes. En 2024, 6118 tonnes ont \u00e9t\u00e9 collect\u00e9es soit 7 % de moins que l\u2019ann\u00e9e pr\u00e9c\u00e9dente, repr\u00e9sentant 163 kg\/hab. En comparaison la moyenne nationale est de 196 kg\/hab. En ce qui concerne la collecte s\u00e9lective, 2132 tonnes ont \u00e9t\u00e9 collect\u00e9es soit 57 kg\/hab, 14% de plus que l\u2019ann\u00e9e pr\u00e9c\u00e9dente. La moyenne nationale est de 55 kg\/hab.\u00a0<\/p>\n<p>C\u00f4t\u00e9 finances, l\u2019indicateur majeur est le co\u00fbt aid\u00e9, ce dernier refl\u00e8te le co\u00fbt restant \u00e0 la charge des membres du Sictom. En 2024 il est de 111 \u20ac\/habitant. Il est en baisse par rapport \u00e0 2023 mat\u00e9rialisant ainsi l\u2019ensemble des efforts et mesures prises afin de r\u00e9aliser des \u00e9conomies de gestion. La m\u00e9diane r\u00e9gionale de ce co\u00fbt aid\u00e9 est de 133 \u20ac.<\/p>\n<p><strong>Parc naturel r\u00e9gional du Pilat<\/strong><\/p>\n<p>En fin de s\u00e9ance, le maire a rappell\u00e9 la d\u00e9lib\u00e9ration du 20 juillet 2023 actant le refus de la commune d\u2019int\u00e9grer le Parc Naturel R\u00e9gional du Pilat notamment en raison des contraintes suppl\u00e9mentaires en terme d\u2019urbanisme, de la tr\u00e8s forte r\u00e8glementation d\u00e9j\u00e0 en vigueur pour l\u2019agriculture ou les autres projets publics, et du travail d\u00e9j\u00e0 r\u00e9alis\u00e9 sur les m\u00eames th\u00e9matiques par le Pays de la Jeune Loire et ses Rivi\u00e8res.<\/p>\n<p>Il indique que la proc\u00e9dure arrivant \u00e0 son terme \u00e0 la suite de l\u2019enqu\u00eate publique, il est souhaitable de r\u00e9it\u00e9rer le refus de la commune pour clore d\u00e9finitivement ce dossier.<\/p>\n","protected":false},"excerpt":{"rendered":"Jeudi 11 d\u00e9cembre, les \u00e9lus de Saint-Just-Malmont ont tenu leur dernier conseil municipal de l&rsquo;ann\u00e9e. Des travaux d\u2019enfouissement&hellip;\n","protected":false},"author":2,"featured_media":606508,"comment_status":"","ping_status":"","sticky":false,"template":"","format":"standard","meta":{"footnotes":""},"categories":[9653],"tags":[1111,2281,11,2430,1777,674,2282,1011,27,2280,2284,2285,2283,12,25,4001],"class_list":{"0":"post-606507","1":"post","2":"type-post","3":"status-publish","4":"format-standard","5":"has-post-thumbnail","7":"category-saint-etienne","8":"tag-actu","9":"tag-actualite-43","10":"tag-actualites","11":"tag-auvergne-rhone-alpes","12":"tag-eu","13":"tag-europe","14":"tag-faits-divers-auvergne","15":"tag-fr","16":"tag-france","17":"tag-information-haute-loire","18":"tag-infos-43","19":"tag-journal-haute-loire","20":"tag-la-commere-43","21":"tag-news","22":"tag-republique-francaise","23":"tag-saint-etienne"},"share_on_mastodon":{"url":"https:\/\/pubeurope.com\/@fr\/115738098105675542","error":""},"_links":{"self":[{"href":"https:\/\/www.europesays.com\/fr\/wp-json\/wp\/v2\/posts\/606507","targetHints":{"allow":["GET"]}}],"collection":[{"href":"https:\/\/www.europesays.com\/fr\/wp-json\/wp\/v2\/posts"}],"about":[{"href":"https:\/\/www.europesays.com\/fr\/wp-json\/wp\/v2\/types\/post"}],"author":[{"embeddable":true,"href":"https:\/\/www.europesays.com\/fr\/wp-json\/wp\/v2\/users\/2"}],"replies":[{"embeddable":true,"href":"https:\/\/www.europesays.com\/fr\/wp-json\/wp\/v2\/comments?post=606507"}],"version-history":[{"count":0,"href":"https:\/\/www.europesays.com\/fr\/wp-json\/wp\/v2\/posts\/606507\/revisions"}],"wp:featuredmedia":[{"embeddable":true,"href":"https:\/\/www.europesays.com\/fr\/wp-json\/wp\/v2\/media\/606508"}],"wp:attachment":[{"href":"https:\/\/www.europesays.com\/fr\/wp-json\/wp\/v2\/media?parent=606507"}],"wp:term":[{"taxonomy":"category","embeddable":true,"href":"https:\/\/www.europesays.com\/fr\/wp-json\/wp\/v2\/categories?post=606507"},{"taxonomy":"post_tag","embeddable":true,"href":"https:\/\/www.europesays.com\/fr\/wp-json\/wp\/v2\/tags?post=606507"}],"curies":[{"name":"wp","href":"https:\/\/api.w.org\/{rel}","templated":true}]}}