{"id":60651,"date":"2025-04-29T01:41:20","date_gmt":"2025-04-29T01:41:20","guid":{"rendered":"https:\/\/www.europesays.com\/fr\/60651\/"},"modified":"2025-04-29T01:41:20","modified_gmt":"2025-04-29T01:41:20","slug":"un-restaurant-hollys-diner-de-800m2-ouvrira-bientot-sur-le-quai-kleber","status":"publish","type":"post","link":"https:\/\/www.europesays.com\/fr\/60651\/","title":{"rendered":"un restaurant Holly\u2019s Diner de 800m2 ouvrira bient\u00f4t sur le quai Kl\u00e9ber"},"content":{"rendered":"<p>    <img loading=\"lazy\" width=\"1800\" height=\"900\" src=\"https:\/\/www.europesays.com\/fr\/wp-content\/uploads\/2025\/04\/jeanne-callthepolice.jpg\" class=\"attachment-full size-full\" alt=\"\" id=\"imageLove\" decoding=\"async\"  \/><\/p>\n<p id=\"breadcrumbs\"><a href=\"https:\/\/pokaa.fr\/\" rel=\"nofollow noopener\" target=\"_blank\">Accueil<\/a> \/ <a href=\"https:\/\/pokaa.fr\/categories\/strasbourg\/\" rel=\"nofollow noopener\" target=\"_blank\">Strasbourg<\/a> \/ Strasbourg : un restaurant Holly\u2019s Diner de 800m2 ouvrira bient\u00f4t sur le quai Kl\u00e9ber<\/p>\n<p>                    Strasbourg<\/p>\n<p><strong>Ferm\u00e9 depuis plusieurs ann\u00e9es, le restaurant Vapiano, situ\u00e9 au 2 Quai Kl\u00e9ber, laissera bient\u00f4t sa place \u00e0 une enseigne de la franchise Holly\u2019s Diner. Burgers, milk shake et service en patins \u00e0 roulettes : il va y avoir du mouvement dans cet immense restaurant de 800 m2, dont l\u2019ouverture est pr\u00e9vue le vendredi 23 mai.<\/strong><\/p>\n<p>En 2020, la marque allemande Vapiano mettait la clef sous la porte. Depuis, <strong>le local du restaurant \u00e0 la fa\u00e7ade vitr\u00e9e, accol\u00e9 \u00e0 la Place des Halles<\/strong>, \u00e9tait laiss\u00e9 vacant.<\/p>\n<p>Bient\u00f4t, c\u2019est<strong> la franchise Holly\u2019s Diner<\/strong> qui reprendra possession de ce gigantesque restaurant qui semble avoir \u00e9t\u00e9 totalement oubli\u00e9 par les Strasbourgeois(es).<\/p>\n<p>                <img width=\"375\" height=\"500\" src=\"https:\/\/www.europesays.com\/fr\/wp-content\/uploads\/2025\/04\/hollys-dinerpeach-img-3644-5-375x500.jpeg\" class=\"attachment-gallery size-gallery\" alt=\"Holl\u2019ys DinerPeach IMG_3644 5\" data-full-url=\"https:\/\/pokaa.fr\/wp-content\/uploads\/2025\/04\/25\/hollys-dinerpeach-img-3644-5.jpeg\" decoding=\"async\" loading=\"lazy\"  \/>            <\/p>\n<p>                <img width=\"897\" height=\"500\" src=\"https:\/\/www.europesays.com\/fr\/wp-content\/uploads\/2025\/04\/hollys-dinerpeach-img-3643-2-897x500.jpeg\" class=\"attachment-gallery size-gallery\" alt=\"Holl\u2019ys DinerPeach IMG_3643 2\" data-full-url=\"https:\/\/pokaa.fr\/wp-content\/uploads\/2025\/04\/25\/hollys-dinerpeach-img-3643-2.jpeg\" decoding=\"async\" loading=\"lazy\"  \/>            <\/p>\n<p>                <img width=\"375\" height=\"500\" src=\"https:\/\/www.europesays.com\/fr\/wp-content\/uploads\/2025\/04\/hollys-dinerpeach-img-3645-5-375x500.jpeg\" class=\"attachment-gallery size-gallery\" alt=\"Holl\u2019ys DinerPeach IMG_3645 5\" data-full-url=\"https:\/\/pokaa.fr\/wp-content\/uploads\/2025\/04\/25\/hollys-dinerpeach-img-3645-5.jpeg\" decoding=\"async\" loading=\"lazy\"  \/>            <\/p>\n<p>                <img width=\"667\" height=\"500\" src=\"https:\/\/www.europesays.com\/fr\/wp-content\/uploads\/2025\/04\/hollys-dinerpeach-img-3641-2-667x500.jpeg\" class=\"attachment-gallery size-gallery\" alt=\"Holl\u2019ys DinerPeach IMG_3641 2\" data-full-url=\"https:\/\/pokaa.fr\/wp-content\/uploads\/2025\/04\/25\/hollys-dinerpeach-img-3641-2.jpeg\" decoding=\"async\" loading=\"lazy\"  \/>            <\/p>\n<p>Avec l\u2019arriv\u00e9e de ce concept \u00e0 l\u2019am\u00e9ricaine <strong>qui semble vouloir casser les prix<\/strong>, tout \u00e7a devrait changer, <strong>et ce b\u00e2timent fant\u00f4me va doucement reprendre vie.<\/strong><\/p>\n<p>    <img width=\"800\" height=\"600\" src=\"https:\/\/www.europesays.com\/fr\/wp-content\/uploads\/2025\/04\/hollys-dinerpeach-img-3651-800x600.jpeg\" class=\"attachment-image-size-L size-image-size-L\" alt=\"Holl\u2019ys DinerPeach IMG_3651\" decoding=\"async\" loading=\"lazy\"  \/><br \/>\nUn concept imagin\u00e9 autour des \u00ab\u00a0Diners\u00a0\u00bb am\u00e9ricains <\/p>\n<p>C\u2019est <strong>le 27e restaurant de la marque<\/strong> qui ouvrira ses portes en mai prochain dans la capitale alsacienne. Et avec <strong>ses 800 m2 et ses 267 couverts<\/strong>, c\u2019est l\u2019une des plus grosses enseignes de la franchise. D\u00e9cid\u00e9ment, \u00e0 Strasbourg, on ne fait pas les choses \u00e0 moiti\u00e9.<\/p>\n<p>Le concept de Holly\u2019s Diner ? <strong>Imaginer un retour dans les ann\u00e9es 50\/60<\/strong>, \u00e0 l\u2019\u00e2ge d\u2019or de ces<strong> mythiques restaurants am\u00e9ricains<\/strong> dont les images ont inond\u00e9 la pop culture.<\/p>\n<p>                <img width=\"888\" height=\"500\" src=\"https:\/\/www.europesays.com\/fr\/wp-content\/uploads\/2025\/04\/hollys-diner-restaurant-20230928-concept-v12-00-00-24-00-888x500.jpg\" class=\"attachment-gallery size-gallery\" alt=\"Holl\u2019ys Diner restaurant 20230928_CONCEPT_V12_00_00_24_00\" data-full-url=\"https:\/\/pokaa.fr\/wp-content\/uploads\/2025\/04\/28\/hollys-diner-restaurant-20230928-concept-v12-00-00-24-00.jpg\" decoding=\"async\" loading=\"lazy\"  \/>            <\/p>\n<p>                <img width=\"888\" height=\"500\" src=\"https:\/\/www.europesays.com\/fr\/wp-content\/uploads\/2025\/04\/hollys-diner-restaurant-20230928-concept-v12-00-00-19-22-2-888x500.jpg\" class=\"attachment-gallery size-gallery\" alt=\"Holl\u2019ys Diner restaurant 20230928_CONCEPT_V12_00_00_19_22 (2)\" data-full-url=\"https:\/\/pokaa.fr\/wp-content\/uploads\/2025\/04\/28\/hollys-diner-restaurant-20230928-concept-v12-00-00-19-22-2.jpg\" decoding=\"async\" loading=\"lazy\"  \/>            <\/p>\n<p>                <img width=\"888\" height=\"500\" src=\"https:\/\/www.europesays.com\/fr\/wp-content\/uploads\/2025\/04\/hollys-diner-restaurant-20230928-concept-v12-00-00-06-06-888x500.jpg\" class=\"attachment-gallery size-gallery\" alt=\"Holl\u2019ys Diner restaurant 20230928_CONCEPT_V12_00_00_06_06\" data-full-url=\"https:\/\/pokaa.fr\/wp-content\/uploads\/2025\/04\/28\/hollys-diner-restaurant-20230928-concept-v12-00-00-06-06.jpg\" decoding=\"async\" loading=\"lazy\"  \/>            <\/p>\n<p>                    \u00a9 Holl&rsquo;ys Diner \/ document remis <\/p>\n<p>Encore en travaux, <strong>on vous donnera bient\u00f4t tous les d\u00e9tails sur ce nouveau restaurant qui arrive et qui nous rend un peu curieux\/ses. Et vous ?<br \/><\/strong><\/p>\n<p>                <img width=\"375\" height=\"500\" src=\"https:\/\/www.europesays.com\/fr\/wp-content\/uploads\/2025\/04\/hollys-dinerpeach-img-3652-375x500.jpeg\" class=\"attachment-gallery size-gallery\" alt=\"Holl\u2019ys DinerPeach IMG_3652\" data-full-url=\"https:\/\/pokaa.fr\/wp-content\/uploads\/2025\/04\/25\/hollys-dinerpeach-img-3652.jpeg\" decoding=\"async\" loading=\"lazy\"  \/>            <\/p>\n<p>                <img width=\"375\" height=\"500\" src=\"https:\/\/www.europesays.com\/fr\/wp-content\/uploads\/2025\/04\/hollys-dinerpeach-img-3647-2-375x500.jpeg\" class=\"attachment-gallery size-gallery\" alt=\"Holl\u2019ys DinerPeach IMG_3647 2\" data-full-url=\"https:\/\/pokaa.fr\/wp-content\/uploads\/2025\/04\/25\/hollys-dinerpeach-img-3647-2.jpeg\" decoding=\"async\" loading=\"lazy\"  \/>            <\/p>\n<p>                <img width=\"888\" height=\"500\" src=\"https:\/\/www.europesays.com\/fr\/wp-content\/uploads\/2025\/04\/hollys-diner-restaurant-20230928-concept-v12-00-00-19-11-1-888x500.jpg\" class=\"attachment-gallery size-gallery\" alt=\"Holl\u2019ys Diner restaurant 20230928_CONCEPT_V12_00_00_19_11 (1)\" data-full-url=\"https:\/\/pokaa.fr\/wp-content\/uploads\/2025\/04\/28\/hollys-diner-restaurant-20230928-concept-v12-00-00-19-11-1.jpg\" decoding=\"async\" loading=\"lazy\"  \/>            <\/p>\n<p>                    \u00a9 Holl&rsquo;ys Diner \/ document remis <\/p>\n<p>            Holly&rsquo;s Diner<\/p>\n<p>            Quoi ?<br \/>\n            Restaurant \/ caf\u00e9          <\/p>\n<p>            o\u00f9 ?<br \/>\n            2 Quai Kl\u00e9ber        <\/p>\n<p>                Plus d&rsquo;infos ?<\/p>\n<p><strong><a href=\"https:\/\/hollysdiner.fr\/les-restaurants\/strasbourg\/\" target=\"_blank\" rel=\"noopener nofollow\">Le site de Holly\u2019s Diner<\/a><\/strong><\/p>\n","protected":false},"excerpt":{"rendered":"Accueil \/ Strasbourg \/ Strasbourg : un restaurant Holly\u2019s Diner de 800m2 ouvrira bient\u00f4t sur le quai Kl\u00e9ber&hellip;\n","protected":false},"author":2,"featured_media":60652,"comment_status":"","ping_status":"","sticky":false,"template":"","format":"standard","meta":{"footnotes":""},"categories":[2820],"tags":[1111,11,1777,674,1011,27,775,15779,12,14570,25,640],"class_list":{"0":"post-60651","1":"post","2":"type-post","3":"status-publish","4":"format-standard","5":"has-post-thumbnail","7":"category-strasbourg","8":"tag-actu","9":"tag-actualites","10":"tag-eu","11":"tag-europe","12":"tag-fr","13":"tag-france","14":"tag-grand-est","15":"tag-hollys-diner","16":"tag-news","17":"tag-ouverture","18":"tag-republique-francaise","19":"tag-strasbourg"},"share_on_mastodon":{"url":"https:\/\/pubeurope.com\/@fr\/114418711758100999","error":""},"_links":{"self":[{"href":"https:\/\/www.europesays.com\/fr\/wp-json\/wp\/v2\/posts\/60651","targetHints":{"allow":["GET"]}}],"collection":[{"href":"https:\/\/www.europesays.com\/fr\/wp-json\/wp\/v2\/posts"}],"about":[{"href":"https:\/\/www.europesays.com\/fr\/wp-json\/wp\/v2\/types\/post"}],"author":[{"embeddable":true,"href":"https:\/\/www.europesays.com\/fr\/wp-json\/wp\/v2\/users\/2"}],"replies":[{"embeddable":true,"href":"https:\/\/www.europesays.com\/fr\/wp-json\/wp\/v2\/comments?post=60651"}],"version-history":[{"count":0,"href":"https:\/\/www.europesays.com\/fr\/wp-json\/wp\/v2\/posts\/60651\/revisions"}],"wp:featuredmedia":[{"embeddable":true,"href":"https:\/\/www.europesays.com\/fr\/wp-json\/wp\/v2\/media\/60652"}],"wp:attachment":[{"href":"https:\/\/www.europesays.com\/fr\/wp-json\/wp\/v2\/media?parent=60651"}],"wp:term":[{"taxonomy":"category","embeddable":true,"href":"https:\/\/www.europesays.com\/fr\/wp-json\/wp\/v2\/categories?post=60651"},{"taxonomy":"post_tag","embeddable":true,"href":"https:\/\/www.europesays.com\/fr\/wp-json\/wp\/v2\/tags?post=60651"}],"curies":[{"name":"wp","href":"https:\/\/api.w.org\/{rel}","templated":true}]}}