{"id":606518,"date":"2025-12-18T02:06:24","date_gmt":"2025-12-18T02:06:24","guid":{"rendered":"https:\/\/www.europesays.com\/fr\/606518\/"},"modified":"2025-12-18T02:06:24","modified_gmt":"2025-12-18T02:06:24","slug":"coupe-de-france-feminine-u18-lol-lyonnes-recevra-montpellier","status":"publish","type":"post","link":"https:\/\/www.europesays.com\/fr\/606518\/","title":{"rendered":"Coupe de France f\u00e9minine U18 : l\u2019OL Lyonnes recevra Montpellier"},"content":{"rendered":"<p>                            <img width=\"770\" height=\"433\" src=\"https:\/\/www.europesays.com\/fr\/wp-content\/uploads\/2025\/12\/570088858_755892724154764_5732577515089168934_n-770x433.jpg\" class=\"attachment-article size-article wp-post-image\" alt=\"Les U19 f\u00e9minines de l'OL Lyonnes\" decoding=\"async\" fetchpriority=\"high\"  \/><\/p>\n<p>Les U19 f\u00e9minines de l\u2019OL Lyonnes (Facebook : OLAngElles)<\/p>\n<p>En m\u00eame temps que l\u2019OL Lyonnes apprenait qu\u2019elle irait \u00e0 Saint-\u00c9tienne en Coupe de France f\u00e9minine, les U18 lyonnaises ont h\u00e9rit\u00e9 de Montpellier en 16es de finale de leur coupe nationale.<\/p>\n<p>Le week-end du 11 janvier 2026 sera sous le signe des matchs de coupe pour le club lyonnais. En attendant de savoir si Paulo\u00a0<strong>Fonseca<\/strong>\u00a0et ses joueurs seront \u00e9galement au rendez-vous, l\u2019\u00e9quipe premi\u00e8re de l\u2019OL Lyonnes et les U18 f\u00e9minines ont d\u00e9couvert quels seront leurs adversaires en 16es de finale. Pour la Coupe de France f\u00e9minine, les joueuses de Jonatan\u00a0<strong>Giraldez<\/strong>\u00a0se rendront \u00e0 <strong>Saint-\u00c9tienne\u00a0pour<\/strong><a href=\"https:\/\/www.olympique-et-lyonnais.com\/coupe-de-france-feminine-un-derby-contre-saint-etienne-pour-l-ol-lyonnes,386784.html\" target=\"_blank\" rel=\"noopener\">\u00a0un derby<\/a>. Pour Rachel\u00a0<strong>Sa\u00efdi<\/strong>\u00a0et ses ouailles, ce sera un match \u00e0 la maison pour leur deuxi\u00e8me match de coupe.<\/p>\n<p>Montpellier a fini deuxi\u00e8me de sa poule en championnat<\/p>\n<p>Apr\u00e8s avoir\u00a0<a href=\"https:\/\/www.olympique-et-lyonnais.com\/coupe-de-france-u18-ca-passe-tres-largement-pour-lol-lyonnes,386745.html\" target=\"_blank\" rel=\"noopener\">\u00e9trill\u00e9<\/a>\u00a0<strong>N\u00eemes<\/strong>\u00a0(0-15) le week-end dernier, les jeunes Lyonnaises feront face \u00e0\u00a0<strong>Montpellier<\/strong>\u00a0en seizi\u00e8mes. Le match se tiendra du c\u00f4t\u00e9 de Meyzieu le dimanche 11 janvier \u00e0 14h30. Invaincues lors de la premi\u00e8re phase de championnat, les U18 de l\u2019OL Lyonnes affronteront une formation h\u00e9raultaise qui a termin\u00e9 deuxi\u00e8me de sa poule, juste derri\u00e8re l\u2019<strong>AS Saint-\u00c9tienne<\/strong>.<\/p>\n<p>\t\t\t\t\t<a href=\"https:\/\/www.olympique-et-lyonnais.com\/lol-lyonnes-valide-son-ticket-pour-les-quarts-de-ligue-des-champions,386866.html\" title=\"L\u2019OL Lyonnes valide son ticket pour les quarts de Ligue des champions\" target=\"_blank\" rel=\"noopener\"><img loading=\"lazy\" width=\"580\" height=\"326\" src=\"https:\/\/www.europesays.com\/fr\/wp-content\/uploads\/2025\/12\/Capture-decran-2025-12-10-214902-580x326.jpg\" class=\"attachment-actularge size-actularge wp-post-image\" alt=\"Les joueuses d'OL Lyonnes\" decoding=\"async\"  \/>\t\t\t\t\t<\/a><\/p>\n","protected":false},"excerpt":{"rendered":"Les U19 f\u00e9minines de l\u2019OL Lyonnes (Facebook : OLAngElles) En m\u00eame temps que l\u2019OL Lyonnes apprenait qu\u2019elle irait&hellip;\n","protected":false},"author":2,"featured_media":606519,"comment_status":"","ping_status":"","sticky":false,"template":"","format":"standard","meta":{"footnotes":""},"categories":[9599],"tags":[1111,11,1777,674,1011,27,2208,12,2680,241,242,25],"class_list":{"0":"post-606518","1":"post","2":"type-post","3":"status-publish","4":"format-standard","5":"has-post-thumbnail","7":"category-montpellier","8":"tag-actu","9":"tag-actualites","10":"tag-eu","11":"tag-europe","12":"tag-fr","13":"tag-france","14":"tag-montpellier","15":"tag-news","16":"tag-occitanie","17":"tag-ol","18":"tag-ol-feminin","19":"tag-republique-francaise"},"share_on_mastodon":{"url":"https:\/\/pubeurope.com\/@fr\/115738129036822801","error":""},"_links":{"self":[{"href":"https:\/\/www.europesays.com\/fr\/wp-json\/wp\/v2\/posts\/606518","targetHints":{"allow":["GET"]}}],"collection":[{"href":"https:\/\/www.europesays.com\/fr\/wp-json\/wp\/v2\/posts"}],"about":[{"href":"https:\/\/www.europesays.com\/fr\/wp-json\/wp\/v2\/types\/post"}],"author":[{"embeddable":true,"href":"https:\/\/www.europesays.com\/fr\/wp-json\/wp\/v2\/users\/2"}],"replies":[{"embeddable":true,"href":"https:\/\/www.europesays.com\/fr\/wp-json\/wp\/v2\/comments?post=606518"}],"version-history":[{"count":0,"href":"https:\/\/www.europesays.com\/fr\/wp-json\/wp\/v2\/posts\/606518\/revisions"}],"wp:featuredmedia":[{"embeddable":true,"href":"https:\/\/www.europesays.com\/fr\/wp-json\/wp\/v2\/media\/606519"}],"wp:attachment":[{"href":"https:\/\/www.europesays.com\/fr\/wp-json\/wp\/v2\/media?parent=606518"}],"wp:term":[{"taxonomy":"category","embeddable":true,"href":"https:\/\/www.europesays.com\/fr\/wp-json\/wp\/v2\/categories?post=606518"},{"taxonomy":"post_tag","embeddable":true,"href":"https:\/\/www.europesays.com\/fr\/wp-json\/wp\/v2\/tags?post=606518"}],"curies":[{"name":"wp","href":"https:\/\/api.w.org\/{rel}","templated":true}]}}