{"id":606523,"date":"2025-12-18T02:11:12","date_gmt":"2025-12-18T02:11:12","guid":{"rendered":"https:\/\/www.europesays.com\/fr\/606523\/"},"modified":"2025-12-18T02:11:12","modified_gmt":"2025-12-18T02:11:12","slug":"les-medecins-linterdisent-formellement-amir-annonce-a-son-public-lannulation-dun-concert-en-derniere-minute","status":"publish","type":"post","link":"https:\/\/www.europesays.com\/fr\/606523\/","title":{"rendered":"\u00ab\u00a0Les m\u00e9decins l\u2019interdisent formellement\u00a0\u00bb, Amir annonce \u00e0 son public l\u2019annulation d\u2019un concert en derni\u00e8re minute"},"content":{"rendered":"<p>      R\u00e9sum\u00e9<\/p>\n<p>Amir a annul\u00e9 en derni\u00e8re minute son concert \u00e0 Grenoble suite \u00e0 un probl\u00e8me de sant\u00e9 s\u00e9rieux touchant un musicien, privil\u00e9giant son r\u00e9tablissement avant de poursuivre la tourn\u00e9e.<\/p>\n<p>        Sommaire<\/p>\n<p>La d\u00e9ception a \u00e9t\u00e9 immense pour les fans, mais la sant\u00e9 reste la priorit\u00e9. <strong>En pleine tourn\u00e9e de concerts<\/strong>, <a href=\"https:\/\/www.public.fr\/tag\/amir\" target=\"_blank\" rel=\"noopener\"><strong>Amir<\/strong> <\/a>a annonc\u00e9 ce <strong>mercredi 17 d\u00e9cembre<\/strong> l\u2019<strong>annulation de son concert pr\u00e9vu \u00e0 Grenoble<\/strong>. Une d\u00e9cision de derni\u00e8re minute, difficile \u00e0 prendre pour l\u2019artiste, caus\u00e9e par un probl\u00e8me de sant\u00e9 s\u00e9rieux touchant l\u2019un de ses musiciens.<\/p>\n<p>Une annonce faite directement aux fans, devant la salle<\/p>\n<p>Alors que de nombreux spectateurs attendaient d\u00e9j\u00e0 aux abords de la salle, impatients d\u2019assister au show, Amir a choisi de venir s\u2019exprimer en personne, entour\u00e9 de son \u00e9quipe. Visiblement \u00e9mu et affect\u00e9 par la situation, <a href=\"https:\/\/www.public.fr\/absolument-abjecte-amir-recoit-le-soutien-total-du-maire-de-nice-christian-estrosi\" target=\"_blank\" rel=\"noopener\">le chanteur a tenu \u00e0 <strong>expliquer les raisons de cette annulation<\/strong><\/a>, en toute transparence.<\/p>\n<p>\u00ab\u00a0On avait pr\u00e9vu une plus grande sc\u00e8ne. On avait pr\u00e9vu d&rsquo;\u00eatre cinq et pas quatre. Mais je viens avec les copains vous annoncer qu&rsquo;on a esp\u00e9r\u00e9 depuis la journ\u00e9e ne pas \u00eatre l\u2019issue de cette attente\u2026\u00a0\u00bb. Des mots qui traduisent l\u2019espoir qu\u2019il nourrissait jusqu\u2019au dernier moment de pouvoir maintenir le concert.<\/p>\n<p>Un musicien hospitalis\u00e9 en urgence <\/p>\n<p>La cause de cette annulation est rapidement devenue claire. <strong>\u00c9douard, guitariste de l\u2019\u00e9quipe d\u2019Amir, a \u00e9t\u00e9 victime d\u2019un s\u00e9rieux malaise <\/strong>et a d\u00fb \u00eatre pris en charge m\u00e9dicalement : \u00ab\u00a0Notre \u00c9douard ne se sent pas tr\u00e8s bien, il est actuellement aux urgences. Les m\u00e9decins lui interdisent formellement de faire ce concert car il y a un risque r\u00e9el pour sa sant\u00e9\u00a0\u00bb. <\/p>\n<p>Un verdict sans appel, qui a contraint toute l\u2019\u00e9quipe \u00e0 renoncer au spectacle, malgr\u00e9 les pr\u00e9paratifs avanc\u00e9s. Malgr\u00e9 cette mauvaise nouvelle, Amir a tenu \u00e0 rassurer le public sur l\u2019\u00e9tat de sant\u00e9 de son musicien, tout en restant prudent : \u00ab\u00a0Ils ont besoin de s\u2019occuper de lui et ils esp\u00e8rent le remettre sur pied pour que demain \u00e0 Lyon, il puisse monter sur sc\u00e8ne\u00a0\u00bb.<\/p>\n<p>L\u2019objectif est donc clair : permettre \u00e0 \u00c9douard de se r\u00e9tablir dans les meilleures conditions possibles, afin que la tourn\u00e9e puisse reprendre rapidement, si son \u00e9tat le permet. Conscient de la d\u00e9ception engendr\u00e9e, Amir a tenu \u00e0 adresser un message empreint d\u2019humilit\u00e9 et de gratitude \u00e0 son public.<br \/>\u00ab\u00a0\u00c9videmment je sais que c&rsquo;est peu de chose, mais vos places vous seront rembours\u00e9es. Et en ce qui nous concerne, on est tr\u00e8s tristes de devoir annuler ce concert\u00a0\u00bb a-t-il conclu. <\/p>\n<blockquote class=\"wp-block-quote is-layout-flow wp-block-quote-is-layout-flow\"><p>&#13;\n<\/p><\/blockquote>\n<p>\n          Hits &amp; People en continu\n        <\/p>\n<p>\n          Public Radio\n        <\/p>\n<p>      Mentionn\u00e9s dans cet article<\/p>\n<p>      Sur le m\u00eame sujet<\/p>\n","protected":false},"excerpt":{"rendered":"R\u00e9sum\u00e9 Amir a annul\u00e9 en derni\u00e8re minute son concert \u00e0 Grenoble suite \u00e0 un probl\u00e8me de sant\u00e9 s\u00e9rieux&hellip;\n","protected":false},"author":2,"featured_media":606524,"comment_status":"","ping_status":"","sticky":false,"template":"","format":"standard","meta":{"footnotes":""},"categories":[9566],"tags":[1111,11,33287,2430,1695,1697,1777,674,1011,27,2731,12,25],"class_list":{"0":"post-606523","1":"post","2":"type-post","3":"status-publish","4":"format-standard","5":"has-post-thumbnail","7":"category-grenoble","8":"tag-actu","9":"tag-actualites","10":"tag-amir","11":"tag-auvergne-rhone-alpes","12":"tag-chanson","13":"tag-concert","14":"tag-eu","15":"tag-europe","16":"tag-fr","17":"tag-france","18":"tag-grenoble","19":"tag-news","20":"tag-republique-francaise"},"share_on_mastodon":{"url":"https:\/\/pubeurope.com\/@fr\/115738147781787384","error":""},"_links":{"self":[{"href":"https:\/\/www.europesays.com\/fr\/wp-json\/wp\/v2\/posts\/606523","targetHints":{"allow":["GET"]}}],"collection":[{"href":"https:\/\/www.europesays.com\/fr\/wp-json\/wp\/v2\/posts"}],"about":[{"href":"https:\/\/www.europesays.com\/fr\/wp-json\/wp\/v2\/types\/post"}],"author":[{"embeddable":true,"href":"https:\/\/www.europesays.com\/fr\/wp-json\/wp\/v2\/users\/2"}],"replies":[{"embeddable":true,"href":"https:\/\/www.europesays.com\/fr\/wp-json\/wp\/v2\/comments?post=606523"}],"version-history":[{"count":0,"href":"https:\/\/www.europesays.com\/fr\/wp-json\/wp\/v2\/posts\/606523\/revisions"}],"wp:featuredmedia":[{"embeddable":true,"href":"https:\/\/www.europesays.com\/fr\/wp-json\/wp\/v2\/media\/606524"}],"wp:attachment":[{"href":"https:\/\/www.europesays.com\/fr\/wp-json\/wp\/v2\/media?parent=606523"}],"wp:term":[{"taxonomy":"category","embeddable":true,"href":"https:\/\/www.europesays.com\/fr\/wp-json\/wp\/v2\/categories?post=606523"},{"taxonomy":"post_tag","embeddable":true,"href":"https:\/\/www.europesays.com\/fr\/wp-json\/wp\/v2\/tags?post=606523"}],"curies":[{"name":"wp","href":"https:\/\/api.w.org\/{rel}","templated":true}]}}