{"id":606527,"date":"2025-12-18T02:14:26","date_gmt":"2025-12-18T02:14:26","guid":{"rendered":"https:\/\/www.europesays.com\/fr\/606527\/"},"modified":"2025-12-18T02:14:26","modified_gmt":"2025-12-18T02:14:26","slug":"roches-blanches-a-douarnenez-un-recours-en-refere-suspension-relatif-au-dossier-examine-au-tribunal-administratif-de-rennes-vendredi-19-decembre","status":"publish","type":"post","link":"https:\/\/www.europesays.com\/fr\/606527\/","title":{"rendered":"Roches Blanches \u00e0 Douarnenez\u00a0: un recours en r\u00e9f\u00e9r\u00e9-suspension relatif au dossier examin\u00e9 au tribunal administratif de Rennes, vendredi 19\u00a0d\u00e9cembre"},"content":{"rendered":"<p>C\u2019\u00e9tait attendu\u00a0: mercredi 17 d\u00e9cembre, le tribunal de Quimper a annonc\u00e9 l\u2019annulation de la vente aux ench\u00e8res de l\u2019ancien village vacances des Roches Blanches, \u00e0 Douarnenez. En effet, le tribunal d\u2019Auxerre a d\u00e9sign\u00e9, le jeudi 11 d\u00e9cembre, <a href=\"https:\/\/www.letelegramme.fr\/finistere\/douarnenez-29100\/roches-blanches-a-douarnenez-nouveau-proprietaire-du-site-le-departement-du-finistere-souhaite-engager-un-dialogue-avec-les-occupants-en-vue-dobtenir-leur-depart-6949331.php\" target=\"_blank\" rel=\"noopener\">le D\u00e9partement du Finist\u00e8re comme acqu\u00e9reur du site<\/a>, \u00e0 l\u2019issue d\u2019une vente amiable organis\u00e9e la veille dans le cadre de la liquidation judiciaire de l\u2019association Focepy, ancienne propri\u00e9taire de ce village vacances squatt\u00e9 depuis pr\u00e8s de 15 ans.<\/p>\n","protected":false},"excerpt":{"rendered":"C\u2019\u00e9tait attendu\u00a0: mercredi 17 d\u00e9cembre, le tribunal de Quimper a annonc\u00e9 l\u2019annulation de la vente aux ench\u00e8res de&hellip;\n","protected":false},"author":2,"featured_media":606528,"comment_status":"","ping_status":"","sticky":false,"template":"","format":"standard","meta":{"footnotes":""},"categories":[2821],"tags":[1111,11,829,3320,1777,674,1011,27,1116,303,12,584,25],"class_list":{"0":"post-606527","1":"post","2":"type-post","3":"status-publish","4":"format-standard","5":"has-post-thumbnail","7":"category-rennes","8":"tag-actu","9":"tag-actualites","10":"tag-bretagne","11":"tag-douarnenez","12":"tag-eu","13":"tag-europe","14":"tag-fr","15":"tag-france","16":"tag-immobilier","17":"tag-justice","18":"tag-news","19":"tag-rennes","20":"tag-republique-francaise"},"share_on_mastodon":{"url":"https:\/\/pubeurope.com\/@fr\/115738159800168079","error":""},"_links":{"self":[{"href":"https:\/\/www.europesays.com\/fr\/wp-json\/wp\/v2\/posts\/606527","targetHints":{"allow":["GET"]}}],"collection":[{"href":"https:\/\/www.europesays.com\/fr\/wp-json\/wp\/v2\/posts"}],"about":[{"href":"https:\/\/www.europesays.com\/fr\/wp-json\/wp\/v2\/types\/post"}],"author":[{"embeddable":true,"href":"https:\/\/www.europesays.com\/fr\/wp-json\/wp\/v2\/users\/2"}],"replies":[{"embeddable":true,"href":"https:\/\/www.europesays.com\/fr\/wp-json\/wp\/v2\/comments?post=606527"}],"version-history":[{"count":0,"href":"https:\/\/www.europesays.com\/fr\/wp-json\/wp\/v2\/posts\/606527\/revisions"}],"wp:featuredmedia":[{"embeddable":true,"href":"https:\/\/www.europesays.com\/fr\/wp-json\/wp\/v2\/media\/606528"}],"wp:attachment":[{"href":"https:\/\/www.europesays.com\/fr\/wp-json\/wp\/v2\/media?parent=606527"}],"wp:term":[{"taxonomy":"category","embeddable":true,"href":"https:\/\/www.europesays.com\/fr\/wp-json\/wp\/v2\/categories?post=606527"},{"taxonomy":"post_tag","embeddable":true,"href":"https:\/\/www.europesays.com\/fr\/wp-json\/wp\/v2\/tags?post=606527"}],"curies":[{"name":"wp","href":"https:\/\/api.w.org\/{rel}","templated":true}]}}