{"id":606549,"date":"2025-12-18T02:26:37","date_gmt":"2025-12-18T02:26:37","guid":{"rendered":"https:\/\/www.europesays.com\/fr\/606549\/"},"modified":"2025-12-18T02:26:37","modified_gmt":"2025-12-18T02:26:37","slug":"ineligibilite-avec-execution-provisoire-pour-le-president-de-la-metropole-de-lille-en-appel-2","status":"publish","type":"post","link":"https:\/\/www.europesays.com\/fr\/606549\/","title":{"rendered":"In\u00e9ligibilit\u00e9 avec ex\u00e9cution provisoire pour le pr\u00e9sident de la m\u00e9tropole de Lille en appel"},"content":{"rendered":"<p class=\"mb-4 text-lg md:leading-8 break-words\">La cour d&rsquo;appel de Douai a condamn\u00e9 mardi le pr\u00e9sident divers droite de la m\u00e9tropole europ\u00e9enne de Lille (Mel) \u00e0 une peine de deux ans d&rsquo;in\u00e9ligibilit\u00e9 avec ex\u00e9cution provisoire, notamment pour d\u00e9tournement de fonds publics.<\/p>\n<p class=\"mb-4 text-lg md:leading-8 break-words\">Damien Castelain, 58 ans, a \u00e9galement \u00e9t\u00e9 condamn\u00e9 \u00e0 18 mois de prison avec sursis et \u00e0 20.000 euros d&rsquo;amende.<\/p>\n<p class=\"mb-4 text-lg md:leading-8 break-words\">Dans son arr\u00eat consult\u00e9 par l&rsquo;AFP, la cour d&rsquo;appel a notamment point\u00e9 des d\u00e9penses personnelles r\u00e9alis\u00e9es entre 2016 et 2018 avec plus de 10.000 euros d&rsquo;argent public: frais de spa, achats de v\u00eatements, restaurants, usage exclusif d&rsquo;un v\u00e9hicule de la Mel, h\u00f4tel de luxe \u00e0 Paris pour assister \u00e0 des matchs du PSG au Parc des Princes, sans lien \u00e9tabli avec ses fonctions de pr\u00e9sident de la Mel.<\/p>\n<p class=\"mb-4 text-lg md:leading-8 break-words\">La cour a par ailleurs constat\u00e9 ses condamnations d\u00e9finitives dans deux autres dossiers: une affaire de recel d&rsquo;abus de confiance dite des \u00ab\u00a0pierres bleues\u00a0\u00bb, des pav\u00e9s haut de gamme que M. Castelain s&rsquo;est vu offrir pour orner sa propre terrasse, et une affaire de prise en charge par la Mel de frais d&rsquo;avocats.<\/p>\n<p class=\"mb-4 text-lg md:leading-8 break-words\">Ces deux dossiers n&rsquo;ont pas \u00e9t\u00e9 r\u00e9examin\u00e9s durant le proc\u00e8s en appel en septembre, la cour ayant estim\u00e9 que l&rsquo;appel de M. Castelain \u00e9tait incomplet.<\/p>\n<p class=\"mb-4 text-lg md:leading-8 break-words\">En premi\u00e8re instance en 2024, M. Castelain avait \u00e9t\u00e9 condamn\u00e9 \u00e0 un an de prison avec sursis, 20.000 euros d&rsquo;amende et cinq ans d&rsquo;in\u00e9ligibilit\u00e9, mais sans ex\u00e9cution provisoire \u00e0 l&rsquo;\u00e9poque.<\/p>\n<p class=\"mb-4 text-lg md:leading-8 break-words\">Il est d\u00e9sormais \u00ab\u00a0contraint de se d\u00e9mettre de l&rsquo;ensemble de ses mandats \u00e9lectifs\u00a0\u00bb au sein de la m\u00e9tropole europ\u00e9enne de Lille, a d\u00e9clar\u00e9 la Mel dans un communiqu\u00e9.<\/p>\n<p class=\"mb-4 text-lg md:leading-8 break-words\">Le premier vice-pr\u00e9sident de cette vaste intercommunalit\u00e9, \u00c9ric Skyronka, va assurer l&rsquo;int\u00e9rim avant une nouvelle \u00e9lection du pr\u00e9sident en janvier, a ajout\u00e9 la Mel.<\/p>\n<p class=\"mb-4 text-lg md:leading-8 break-words\">Sollicit\u00e9s par l&rsquo;AFP, M. Castelain et l&rsquo;une de ses conseils, absents lors du d\u00e9lib\u00e9r\u00e9 \u00e0 Douai, n&rsquo;ont pas souhait\u00e9 r\u00e9agir dans l&rsquo;imm\u00e9diat.<\/p>\n<p class=\"mb-4 text-lg md:leading-8 break-words\">Le ministre de la Justice G\u00e9rald Darmanin, par ailleurs conseiller de la Mel pour la ville de Tourcoing, a assur\u00e9 M. Castelain de son \u00ab\u00a0soutien dans ce moment difficile\u00a0\u00bb, mais \u00ab\u00a0sans commenter d&rsquo;aucune mani\u00e8re une d\u00e9cision de justice\u00a0\u00bb, a-t-il tenu \u00e0 pr\u00e9ciser sur X.<\/p>\n<p class=\"mb-4 text-lg md:leading-8 break-words\">\u00ab\u00a0Ce feuilleton judiciaire a gravement entach\u00e9 l&rsquo;image de la m\u00e9tropole europ\u00e9enne de Lille et de ses \u00e9lus\u00a0\u00bb, a r\u00e9agi le groupe \u00e9cologiste de la Mel dans un communiqu\u00e9. \u00ab\u00a0La probit\u00e9 n&rsquo;est pas une option (&#8230;), il est temps de tourner la page\u00a0\u00bb.<\/p>\n<p class=\"mb-4 text-lg md:leading-8 break-words\">Maire de P\u00e9ronne-en-M\u00e9lantois, une petite commune pr\u00e8s de Lille, Damien Castelain avait \u00e9t\u00e9 propuls\u00e9 \u00e0 la pr\u00e9sidence de la Mel en 2014, apr\u00e8s un accord avec la maire PS de Lille d&rsquo;alors, Martine Aubry, pr\u00e9sidente sortante de l&rsquo;intercommunalit\u00e9, afin d&#8217;emp\u00eacher l&rsquo;UMP (aujourd&rsquo;hui LR) de s&#8217;emparer de la collectivit\u00e9.<\/p>\n<p class=\"mb-4 text-lg md:leading-8 break-words\">emy-ldf-cln-etb\/abl<\/p>\n","protected":false},"excerpt":{"rendered":"La cour d&rsquo;appel de Douai a condamn\u00e9 mardi le pr\u00e9sident divers droite de la m\u00e9tropole europ\u00e9enne de Lille&hellip;\n","protected":false},"author":2,"featured_media":606550,"comment_status":"","ping_status":"","sticky":false,"template":"","format":"standard","meta":{"footnotes":""},"categories":[2815],"tags":[1111,11,14878,1777,674,71799,1011,27,811,1307,71800,34826,12,25],"class_list":{"0":"post-606549","1":"post","2":"type-post","3":"status-publish","4":"format-standard","5":"has-post-thumbnail","7":"category-lille","8":"tag-actu","9":"tag-actualites","10":"tag-damien-castelain","11":"tag-eu","12":"tag-europe","13":"tag-execution-provisoire","14":"tag-fr","15":"tag-france","16":"tag-hauts-de-france","17":"tag-lille","18":"tag-m-castelain","19":"tag-mel","20":"tag-news","21":"tag-republique-francaise"},"share_on_mastodon":{"url":"https:\/\/pubeurope.com\/@fr\/115738206840606134","error":""},"_links":{"self":[{"href":"https:\/\/www.europesays.com\/fr\/wp-json\/wp\/v2\/posts\/606549","targetHints":{"allow":["GET"]}}],"collection":[{"href":"https:\/\/www.europesays.com\/fr\/wp-json\/wp\/v2\/posts"}],"about":[{"href":"https:\/\/www.europesays.com\/fr\/wp-json\/wp\/v2\/types\/post"}],"author":[{"embeddable":true,"href":"https:\/\/www.europesays.com\/fr\/wp-json\/wp\/v2\/users\/2"}],"replies":[{"embeddable":true,"href":"https:\/\/www.europesays.com\/fr\/wp-json\/wp\/v2\/comments?post=606549"}],"version-history":[{"count":0,"href":"https:\/\/www.europesays.com\/fr\/wp-json\/wp\/v2\/posts\/606549\/revisions"}],"wp:featuredmedia":[{"embeddable":true,"href":"https:\/\/www.europesays.com\/fr\/wp-json\/wp\/v2\/media\/606550"}],"wp:attachment":[{"href":"https:\/\/www.europesays.com\/fr\/wp-json\/wp\/v2\/media?parent=606549"}],"wp:term":[{"taxonomy":"category","embeddable":true,"href":"https:\/\/www.europesays.com\/fr\/wp-json\/wp\/v2\/categories?post=606549"},{"taxonomy":"post_tag","embeddable":true,"href":"https:\/\/www.europesays.com\/fr\/wp-json\/wp\/v2\/tags?post=606549"}],"curies":[{"name":"wp","href":"https:\/\/api.w.org\/{rel}","templated":true}]}}