{"id":606556,"date":"2025-12-18T02:30:26","date_gmt":"2025-12-18T02:30:26","guid":{"rendered":"https:\/\/www.europesays.com\/fr\/606556\/"},"modified":"2025-12-18T02:30:26","modified_gmt":"2025-12-18T02:30:26","slug":"une-eglise-desacralisee-de-lyon-va-se-muer-en-salle-descalade","status":"publish","type":"post","link":"https:\/\/www.europesays.com\/fr\/606556\/","title":{"rendered":"Une \u00e9glise d\u00e9sacralis\u00e9e de Lyon va se muer en salle d\u2019escalade"},"content":{"rendered":"<p><img width=\"487\" height=\"300\" src=\"https:\/\/www.europesays.com\/fr\/wp-content\/uploads\/2025\/12\/EgliseSaintBernard.jpg\" class=\"attachment-post-thumbnail size-post-thumbnail wp-post-image\" alt=\"\" decoding=\"async\" fetchpriority=\"high\" \/><\/p>\n<p>L&rsquo;\u00e9glise Saint-Bernard (SdH\/LPI)<\/p>\n<p><strong>La Ville de Lyon et Carr\u00e9 d\u2019Or Immobilier ont pr\u00e9sent\u00e9 ce jour le projet de transformation de l\u2019\u00e9glise Saint-Bernard, \u00e9difice inutilis\u00e9 depuis plus de 20 ans.<\/strong><\/p>\n<p>C\u2019est un \u00e9difice religieux autrefois accessible depuis la mont\u00e9e Saint-S\u00e9bastien, dans le 1er arrondissement de Lyon. L\u2019\u00e9glise Saint-Bernard, ferm\u00e9e depuis une vingtaine d\u2019ann\u00e9e pour des raisons de s\u00e9curit\u00e9, va dans quelques mois trouver une nouvelle destination, <\/p>\n<p>De style n\u00e9o-gothique inspir\u00e9 du gothique rayonnant, cette \u00e9glise avait \u00e9t\u00e9 construite par l\u2019architecte lyonnais Tony Desjardins au milieu du XIXe si\u00e8cle. Ses vitraux sont sign\u00e9s du ma\u00eetre-verrier Lucien B\u00e9gule, lequel a r\u00e9alis\u00e9 de nombreux programmes de vitraux dans les \u00e9glises du pays lyonnais, ainsi que dans certains \u00e9difices civils.<\/p>\n<p>L\u2019\u00e9difice, ferm\u00e9 depuis 2004 apr\u00e8s avoir \u00e9t\u00e9 d\u00e9sacralis\u00e9 en 1999, avait d\u00e9j\u00e0 fait l\u2019objet d\u2019un premier projet, qui s\u2019\u00e9tait traduit par la mise \u00e0 disposition, en 2017, \u00e0 la soci\u00e9t\u00e9 Carr\u00e9 d\u2019Or. Celui-ci int\u00e9grait un bail emphyt\u00e9otique de 50 ans. Des travaux de confortement avaient ainsi \u00e9t\u00e9 r\u00e9alis\u00e9s entre 2018 et 2021 sur l\u2019\u00e9glise pour s\u00e9curiser le site et permettre sa mue. Des injections ont, au cours de ces travaux, \u00e9t\u00e9 r\u00e9alis\u00e9es sur certaines fissures, ainsi qu\u2019en sous-sol. Mais le projet a, depuis, \u00e9t\u00e9 retravaill\u00e9 par Carr\u00e9 d\u2019Or, suite \u00e0 une \u00e9volution du contexte \u00e9conomique.<\/p>\n<p><img decoding=\"async\" src=\"https:\/\/www.europesays.com\/fr\/wp-content\/uploads\/2025\/04\/abonnezvouslarge.jpg\" alt=\"\" \/><\/p>\n<p>Pour lire la totalit\u00e9 de l&rsquo;article,<strong><a href=\"http:\/\/www.lyonpoleimmo.com\/membership-options-page\/\" target=\"_blank\" rel=\"noopener\">abonnez-vous<\/a> <\/strong>ou <a href=\"http:\/\/www.lyonpoleimmo.com\/senregistrer\/\" target=\"_blank\" rel=\"noopener\"><strong>identifiez-vous<\/strong><\/a> <\/p>\n<p><strong>Si vous avez appr\u00e9ci\u00e9 cet article, s&rsquo;il vous plait, prenez le temps de <a href=\"#comments\">laisser un commentaire<\/a> ou de <a href=\"http:\/\/www.lyonpoleimmo.com\/feed\/\" target=\"_blank\" rel=\"noopener\">souscrire au flux<\/a> afin de recevoir les futurs articles directement dans votre lecteur de flux.<br \/>\n    <\/strong><\/p>\n<p>\t<a href=\"http:\/\/www.lyonpoleimmo.com\/2025\/12\/10\/93345\/20-metiers-du-btp-en-demonstration-au-mondial-des-metiers-2\/\" rel=\"bookmark noopener\" title=\"Lien Permanent vers 20 m\u00e9tiers du BTP en d\u00e9monstration au Mondial des M\u00e9tiers\" target=\"_blank\">20 m\u00e9tiers du BTP en d\u00e9monstration au Mondial des M\u00e9tiers<\/a><\/p>\n<p>\t<a href=\"http:\/\/www.lyonpoleimmo.com\/2025\/12\/10\/93345\/20-metiers-du-btp-en-demonstration-au-mondial-des-metiers-2\/\" rel=\"bookmark noopener\" title=\"Lien Permanent vers 20 m\u00e9tiers du BTP en d\u00e9monstration au Mondial des M\u00e9tiers\" target=\"_blank\"><\/p>\n<p><img decoding=\"async\" src=\"https:\/\/www.europesays.com\/fr\/wp-content\/uploads\/2025\/12\/mondial-des-metiers.jpg\" alt=\"null\" \/>Le Mondial des M\u00e9tiers est organis\u00e9 \u00e0 Eurexpo-Lyon du 11 au 14 d\u00e9cembre. La FFB, la CAPEB, la FRTP et SCOP BTP Auvergne-Rh\u00f4ne-Alpes seront pr\u00e9sents.<\/p>\n<p><\/a><\/p>\n<p>\t<a href=\"http:\/\/www.lyonpoleimmo.com\/2025\/11\/26\/93113\/samuel-minot-reelu-president-de-la-ffb-aura\/\" rel=\"bookmark noopener\" title=\"Lien Permanent vers Samuel Minot r\u00e9\u00e9lu pr\u00e9sident de la FFB AURA\" target=\"_blank\">Samuel Minot r\u00e9\u00e9lu pr\u00e9sident de la FFB AURA<\/a><\/p>\n<p>\t<a href=\"http:\/\/www.lyonpoleimmo.com\/2025\/11\/26\/93113\/samuel-minot-reelu-president-de-la-ffb-aura\/\" rel=\"bookmark noopener\" title=\"Lien Permanent vers Samuel Minot r\u00e9\u00e9lu pr\u00e9sident de la FFB AURA\" target=\"_blank\"><\/p>\n<p><img decoding=\"async\" src=\"https:\/\/www.europesays.com\/fr\/wp-content\/uploads\/2025\/12\/SamuelMinot.jpg\" alt=\"null\" \/>Le co-dirigeant du \u00ab Groupe Minot \u00bb d\u00e9bute un second mandat de trois ans \u00e0 la t\u00eate de la f\u00e9d\u00e9ration r\u00e9gionale du b\u00e2timent. Celui-ci s\u2019ach\u00e8vera en novembre 2028.<\/p>\n<p><\/a><\/p>\n<p>\t<a href=\"http:\/\/www.lyonpoleimmo.com\/2025\/11\/19\/93018\/plf-2026-la-capeb-se-felicite-du-vote-de-mesures\/\" rel=\"bookmark noopener\" title=\"Lien Permanent vers PLF 2026 : la CAPEB se f\u00e9licite du vote de mesures\" target=\"_blank\">PLF 2026 : la CAPEB se f\u00e9licite du vote de mesures<\/a><\/p>\n<p>\t<a href=\"http:\/\/www.lyonpoleimmo.com\/2025\/11\/19\/93018\/plf-2026-la-capeb-se-felicite-du-vote-de-mesures\/\" rel=\"bookmark noopener\" title=\"Lien Permanent vers PLF 2026 : la CAPEB se f\u00e9licite du vote de mesures\" target=\"_blank\"><\/p>\n<p>La conf\u00e9d\u00e9ration a indiqu\u00e9 avoir obtenu \u00abdes mesures cl\u00e9s pour relancer la r\u00e9novation des logements\u00a0\u00bb. Elle appelle \u00e0 leur adoption rapide et en l\u2019\u00e9tat<\/p>\n<p><\/a><\/p>\n<p>\t<a href=\"http:\/\/www.lyonpoleimmo.com\/2025\/11\/19\/93003\/lademe-et-la-ffb-signent-une-convention-cadre\/\" rel=\"bookmark noopener\" title=\"Lien Permanent vers L\u2019ADEME et la FFB signent une convention cadre\" target=\"_blank\">L\u2019ADEME et la FFB signent une convention cadre<\/a><\/p>\n<p>\t<a href=\"http:\/\/www.lyonpoleimmo.com\/2025\/11\/19\/93003\/lademe-et-la-ffb-signent-une-convention-cadre\/\" rel=\"bookmark noopener\" title=\"Lien Permanent vers L\u2019ADEME et la FFB signent une convention cadre\" target=\"_blank\"><\/p>\n<p>Celle-ci a \u00e9t\u00e9 sign\u00e9e ce mercredi au salon des maires et des collectivit\u00e9s locales.<\/p>\n<p><\/a><\/p>\n<p>\t<a href=\"http:\/\/www.lyonpoleimmo.com\/2025\/10\/28\/92718\/les-trophees-des-artisans-du-patrimoine-et-de-lenvironnement-ont-ete-remis\/\" rel=\"bookmark noopener\" title=\"Lien Permanent vers Remise des troph\u00e9es des artisans du patrimoine et de l\u2019environnement\" target=\"_blank\">Remise des troph\u00e9es des artisans du patrimoine et de l\u2019environnement<\/a><\/p>\n<p>\t<a href=\"http:\/\/www.lyonpoleimmo.com\/2025\/10\/28\/92718\/les-trophees-des-artisans-du-patrimoine-et-de-lenvironnement-ont-ete-remis\/\" rel=\"bookmark noopener\" title=\"Lien Permanent vers Remise des troph\u00e9es des artisans du patrimoine et de l\u2019environnement\" target=\"_blank\"><\/p>\n<p>10 entreprises artisanales du b\u00e2timent ont \u00e9t\u00e9 prim\u00e9es aux troph\u00e9es des artisans du patrimoine et de l\u2019environnement 2025.<\/p>\n<p><\/a><\/p>\n<p>\t<a href=\"http:\/\/www.lyonpoleimmo.com\/2025\/10\/23\/92687\/partenariat-entre-april-construction-et-la-capeb\/\" rel=\"bookmark noopener\" title=\"Lien Permanent vers Partenariat entre April Construction et la CAPEB\" target=\"_blank\">Partenariat entre April Construction et la CAPEB<\/a><\/p>\n<p>\t<a href=\"http:\/\/www.lyonpoleimmo.com\/2025\/10\/23\/92687\/partenariat-entre-april-construction-et-la-capeb\/\" rel=\"bookmark noopener\" title=\"Lien Permanent vers Partenariat entre April Construction et la CAPEB\" target=\"_blank\"><\/p>\n<p>Les deux entit\u00e9s ont sign\u00e9 un partenariat au service de l\u2019artisanat du b\u00e2timent.<\/p>\n<p><\/a><\/p>\n<p>\t<a href=\"http:\/\/www.lyonpoleimmo.com\/2025\/10\/01\/92360\/pose-de-la-premiere-pierre-du-projet-de-rehabilitation-du-foyer-dainay\/\" rel=\"bookmark noopener\" title=\"Lien Permanent vers Pose de la premi\u00e8re pierre du projet de r\u00e9habilitation du foyer d\u2019Ainay\" target=\"_blank\">Pose de la premi\u00e8re pierre du projet de r\u00e9habilitation du foyer d\u2019Ainay<\/a><\/p>\n<p>\t<a href=\"http:\/\/www.lyonpoleimmo.com\/2025\/10\/01\/92360\/pose-de-la-premiere-pierre-du-projet-de-rehabilitation-du-foyer-dainay\/\" rel=\"bookmark noopener\" title=\"Lien Permanent vers Pose de la premi\u00e8re pierre du projet de r\u00e9habilitation du foyer d\u2019Ainay\" target=\"_blank\"><\/p>\n<p>Celui-ci est situ\u00e9 rue Jarente, dans le 2e arrondissement de Lyon. <\/p>\n<p><\/a><\/p>\n<p>\t<a href=\"http:\/\/www.lyonpoleimmo.com\/2025\/09\/17\/92177\/le-statut-du-bailleur-prive-lune-des-mesures-souhaitees-par-le-pole-habitat-ffb\/\" rel=\"bookmark noopener\" title=\"Lien Permanent vers Le statut du bailleur priv\u00e9, l\u2019une des mesures souhait\u00e9es par le P\u00f4le Habitat FFB\" target=\"_blank\">Le statut du bailleur priv\u00e9, l\u2019une des mesures souhait\u00e9es par le P\u00f4le Habitat FFB<\/a><\/p>\n<p>\t<a href=\"http:\/\/www.lyonpoleimmo.com\/2025\/09\/17\/92177\/le-statut-du-bailleur-prive-lune-des-mesures-souhaitees-par-le-pole-habitat-ffb\/\" rel=\"bookmark noopener\" title=\"Lien Permanent vers Le statut du bailleur priv\u00e9, l\u2019une des mesures souhait\u00e9es par le P\u00f4le Habitat FFB\" target=\"_blank\"><\/p>\n<p>Lors de sa convention nationale, la f\u00e9d\u00e9ration a \u00e9galement appel\u00e9 \u00e0 une simplification massive, et \u00e0 une stabilit\u00e9 et une visibilit\u00e9 fiscale.<\/p>\n<p><\/a><\/p>\n<p>\t<a href=\"http:\/\/www.lyonpoleimmo.com\/2025\/09\/04\/92026\/lartisanat-du-batiment-senfonce-dans-une-crise-durable-et-profonde\/\" rel=\"bookmark noopener\" title=\"Lien Permanent vers L\u2019artisanat du b\u00e2timent \u00abs\u2019enfonce dans une crise durable et profonde\u00bb\" target=\"_blank\">L\u2019artisanat du b\u00e2timent \u00abs\u2019enfonce dans une crise durable et profonde\u00bb<\/a><\/p>\n<p>\t<a href=\"http:\/\/www.lyonpoleimmo.com\/2025\/09\/04\/92026\/lartisanat-du-batiment-senfonce-dans-une-crise-durable-et-profonde\/\" rel=\"bookmark noopener\" title=\"Lien Permanent vers L\u2019artisanat du b\u00e2timent \u00abs\u2019enfonce dans une crise durable et profonde\u00bb\" target=\"_blank\"><\/p>\n<p>La CAPEB organisait ce jeudi sa conf\u00e9rence de presse de rentr\u00e9e, et a fait part \u00e0 cette occasion de sa derni\u00e8re note de conjoncture.<\/p>\n<p><\/a><\/p>\n<p>\t<a href=\"http:\/\/www.lyonpoleimmo.com\/2025\/09\/04\/92023\/pour-la-ffb-la-politique-de-la-renovation-energetique-est-sacrifiee\/\" rel=\"bookmark noopener\" title=\"Lien Permanent vers Pour la FFB, la politique de la r\u00e9novation \u00e9nerg\u00e9tique est \u00absacrifi\u00e9e\u00bb\" target=\"_blank\">Pour la FFB, la politique de la r\u00e9novation \u00e9nerg\u00e9tique est \u00absacrifi\u00e9e\u00bb<\/a><\/p>\n<p>\t<a href=\"http:\/\/www.lyonpoleimmo.com\/2025\/09\/04\/92023\/pour-la-ffb-la-politique-de-la-renovation-energetique-est-sacrifiee\/\" rel=\"bookmark noopener\" title=\"Lien Permanent vers Pour la FFB, la politique de la r\u00e9novation \u00e9nerg\u00e9tique est \u00absacrifi\u00e9e\u00bb\" target=\"_blank\"><\/p>\n<p>C\u2019est ce que d\u00e9plore la f\u00e9d\u00e9ration, suite \u00e0 la diffusion d\u2019un projet de d\u00e9cret et d\u2019arr\u00eat\u00e9 d\u00e9finissant les conditions de red\u00e9marrage de MaPrimeR\u00e9nov\u2019.<\/p>\n<p><\/a><\/p>\n<p>\t<a href=\"http:\/\/www.lyonpoleimmo.com\/2025\/07\/31\/91813\/une-perception-du-marche-toujours-morose-selon-la-capeb\/\" rel=\"bookmark noopener\" title=\"Lien Permanent vers Une perception du march\u00e9 toujours morose, selon la CAPEB\" target=\"_blank\">Une perception du march\u00e9 toujours morose, selon la CAPEB<\/a><\/p>\n<p>\t<a href=\"http:\/\/www.lyonpoleimmo.com\/2025\/07\/31\/91813\/une-perception-du-marche-toujours-morose-selon-la-capeb\/\" rel=\"bookmark noopener\" title=\"Lien Permanent vers Une perception du march\u00e9 toujours morose, selon la CAPEB\" target=\"_blank\"><\/p>\n<p>44% des r\u00e9pondants d\u2019une \u00e9tude conduite par la CAPEB Auvergne-Rh\u00f4ne-Alpes indique que le niveau d\u2019activit\u00e9 restait probl\u00e9matique.<\/p>\n<p><\/a><\/p>\n<p>\t<a href=\"http:\/\/www.lyonpoleimmo.com\/2025\/07\/29\/91798\/renovation-energetique-des-coproprietes-publication-du-second-decret\/\" rel=\"bookmark noopener\" title=\"Lien Permanent vers R\u00e9novation \u00e9nerg\u00e9tique des copropri\u00e9t\u00e9s : publication du second d\u00e9cret\" target=\"_blank\">R\u00e9novation \u00e9nerg\u00e9tique des copropri\u00e9t\u00e9s : publication du second d\u00e9cret<\/a><\/p>\n<p>\t<a href=\"http:\/\/www.lyonpoleimmo.com\/2025\/07\/29\/91798\/renovation-energetique-des-coproprietes-publication-du-second-decret\/\" rel=\"bookmark noopener\" title=\"Lien Permanent vers R\u00e9novation \u00e9nerg\u00e9tique des copropri\u00e9t\u00e9s : publication du second d\u00e9cret\" target=\"_blank\"><\/p>\n<p>Celui-ci porte sur le pr\u00eat collectif \u00e0 adh\u00e9sion simplifi\u00e9e.<\/p>\n<p><\/a><\/p>\n<p>\t<a href=\"http:\/\/www.lyonpoleimmo.com\/2025\/07\/23\/91738\/la-capeb-salue-les-annonces-sur-maprimerenov-et-la-filiere-rep-batiment\/\" rel=\"bookmark noopener\" title=\"Lien Permanent vers La CAPEB salue les annonces sur MaPrimeR\u00e9nov\u2019 et la fili\u00e8re REP b\u00e2timent\" target=\"_blank\">La CAPEB salue les annonces sur MaPrimeR\u00e9nov\u2019 et la fili\u00e8re REP b\u00e2timent<\/a><\/p>\n<p>\t<a href=\"http:\/\/www.lyonpoleimmo.com\/2025\/07\/23\/91738\/la-capeb-salue-les-annonces-sur-maprimerenov-et-la-filiere-rep-batiment\/\" rel=\"bookmark noopener\" title=\"Lien Permanent vers La CAPEB salue les annonces sur MaPrimeR\u00e9nov\u2019 et la fili\u00e8re REP b\u00e2timent\" target=\"_blank\"><\/p>\n<p>La conf\u00e9d\u00e9ration souligne que ces annonces encourageantes doivent se concr\u00e9tiser pour les TPE du b\u00e2timent.<\/p>\n<p><\/a><\/p>\n<p>\t<a href=\"http:\/\/www.lyonpoleimmo.com\/2025\/07\/22\/91723\/maprimerenov-une-re-ouverture-du-guichet-limitee-au-30-septembre\/\" rel=\"bookmark noopener\" title=\"Lien Permanent vers MaPrimeR\u00e9nov\u2019 : une r\u00e9-ouverture du guichet limit\u00e9e au 30 septembre\" target=\"_blank\">MaPrimeR\u00e9nov\u2019 : une r\u00e9-ouverture du guichet limit\u00e9e au 30 septembre<\/a><\/p>\n<p>\t<a href=\"http:\/\/www.lyonpoleimmo.com\/2025\/07\/22\/91723\/maprimerenov-une-re-ouverture-du-guichet-limitee-au-30-septembre\/\" rel=\"bookmark noopener\" title=\"Lien Permanent vers MaPrimeR\u00e9nov\u2019 : une r\u00e9-ouverture du guichet limit\u00e9e au 30 septembre\" target=\"_blank\"><\/p>\n<p>La ministre a d\u00e9taill\u00e9 les modalit\u00e9s de r\u00e9-ouverture du guichet le 30 septembre prochain suite \u00e0 une r\u00e9union de concertation sur MaPrimeR\u00e9nov\u2019. Le dispositif rouvrira pour les r\u00e9novations globales, mais de fa\u00e7on limit\u00e9e.<\/p>\n<p><\/a><\/p>\n<p>\t<a href=\"http:\/\/www.lyonpoleimmo.com\/2025\/07\/21\/91711\/bel-air-930-nouvel-acte-de-la-massification-des-rehabilitations\/\" rel=\"bookmark noopener\" title=\"Lien Permanent vers Bel Air 930, nouvel acte de la massification des r\u00e9habilitations\" target=\"_blank\">Bel Air 930, nouvel acte de la massification des r\u00e9habilitations<\/a><\/p>\n<p>\t<a href=\"http:\/\/www.lyonpoleimmo.com\/2025\/07\/21\/91711\/bel-air-930-nouvel-acte-de-la-massification-des-rehabilitations\/\" rel=\"bookmark noopener\" title=\"Lien Permanent vers Bel Air 930, nouvel acte de la massification des r\u00e9habilitations\" target=\"_blank\"><\/p>\n<p>Est M\u00e9tropole Habitat a r\u00e9cemment inaugur\u00e9 la r\u00e9habilitation de 930 logements locatifs sociaux \u00e0 Saint-Priest, dans le quartier de Bel Air. Ceci fait suite \u00e0 une pr\u00e9c\u00e9dente exp\u00e9rience toute aussi massive r\u00e9alis\u00e9e \u00e0 Vaulx-en-Velin.<\/p>\n<p><\/a><\/p>\n","protected":false},"excerpt":{"rendered":"L&rsquo;\u00e9glise Saint-Bernard (SdH\/LPI) La Ville de Lyon et Carr\u00e9 d\u2019Or Immobilier ont pr\u00e9sent\u00e9 ce jour le projet de&hellip;\n","protected":false},"author":2,"featured_media":606557,"comment_status":"","ping_status":"","sticky":false,"template":"","format":"standard","meta":{"footnotes":""},"categories":[1889],"tags":[5265,1111,11,2430,1777,674,1011,27,23563,2428,12,716,25,2086],"class_list":{"0":"post-606556","1":"post","2":"type-post","3":"status-publish","4":"format-standard","5":"has-post-thumbnail","7":"category-lyon","8":"tag-abonnes","9":"tag-actu","10":"tag-actualites","11":"tag-auvergne-rhone-alpes","12":"tag-eu","13":"tag-europe","14":"tag-fr","15":"tag-france","16":"tag-lactualite-du-neuf","17":"tag-lyon","18":"tag-news","19":"tag-renovation","20":"tag-republique-francaise","21":"tag-travaux"},"share_on_mastodon":{"url":"https:\/\/pubeurope.com\/@fr\/115738223403784351","error":""},"_links":{"self":[{"href":"https:\/\/www.europesays.com\/fr\/wp-json\/wp\/v2\/posts\/606556","targetHints":{"allow":["GET"]}}],"collection":[{"href":"https:\/\/www.europesays.com\/fr\/wp-json\/wp\/v2\/posts"}],"about":[{"href":"https:\/\/www.europesays.com\/fr\/wp-json\/wp\/v2\/types\/post"}],"author":[{"embeddable":true,"href":"https:\/\/www.europesays.com\/fr\/wp-json\/wp\/v2\/users\/2"}],"replies":[{"embeddable":true,"href":"https:\/\/www.europesays.com\/fr\/wp-json\/wp\/v2\/comments?post=606556"}],"version-history":[{"count":0,"href":"https:\/\/www.europesays.com\/fr\/wp-json\/wp\/v2\/posts\/606556\/revisions"}],"wp:featuredmedia":[{"embeddable":true,"href":"https:\/\/www.europesays.com\/fr\/wp-json\/wp\/v2\/media\/606557"}],"wp:attachment":[{"href":"https:\/\/www.europesays.com\/fr\/wp-json\/wp\/v2\/media?parent=606556"}],"wp:term":[{"taxonomy":"category","embeddable":true,"href":"https:\/\/www.europesays.com\/fr\/wp-json\/wp\/v2\/categories?post=606556"},{"taxonomy":"post_tag","embeddable":true,"href":"https:\/\/www.europesays.com\/fr\/wp-json\/wp\/v2\/tags?post=606556"}],"curies":[{"name":"wp","href":"https:\/\/api.w.org\/{rel}","templated":true}]}}