{"id":606558,"date":"2025-12-18T02:33:36","date_gmt":"2025-12-18T02:33:36","guid":{"rendered":"https:\/\/www.europesays.com\/fr\/606558\/"},"modified":"2025-12-18T02:33:36","modified_gmt":"2025-12-18T02:33:36","slug":"trafic-tres-perturbe-ce-mercredi-matin-sur-le-rer-b-ralenti-sur-le-rer-d","status":"publish","type":"post","link":"https:\/\/www.europesays.com\/fr\/606558\/","title":{"rendered":"trafic \u00abtr\u00e8s perturb\u00e9\u00bb ce mercredi matin sur le RER B, \u00abralenti\u00bb sur le RER D"},"content":{"rendered":"<p>\n    Les deux lignes de train connaissent des perturbations ce mercredi matin. Sur le RER B, un d\u00e9faut d\u2019alimentation \u00e9lectrique \u00e0 la Gare du Nord en est la cause.<\/p>\n<p class=\"fig-paragraph\">Les voyageurs franciliens du RER B et D doivent prendre leur mal en patience ce mercredi. Le trafic sur la ligne B est \u00abtr\u00e8s perturb\u00e9 sur l\u2019ensemble de la ligne\u00bb depuis 6h30 ce matin, indique la ligne sur son compte X (ex-Twitter). Des retards, des allongements de temps de trajet, des modifications de dessertes et des suppressions de trains sont ainsi \u00e0 pr\u00e9voir. En cause\u00a0: un d\u00e9faut d\u2019alimentation \u00e9lectrique \u00e0 Gare du Nord.<\/p>\n<p class=\"fig-paragraph\">\u00abAfin d\u2019\u00e9viter toute congestion, un all\u00e8gement important du trafic est appliqu\u00e9 sur l\u2019ensemble de la ligne, dans les deux sens de circulation\u00bb, pr\u00e9cise le RER B sur le r\u00e9seau social. Par ailleurs, les trains en direction de Saint-R\u00e9my-l\u00e8s-Chevreuse desserviront toutes les gares, ajoute-t-il. Et \u00abil est probable\u00bb que des trains en direction de Massy-Palaiseau, d\u2019Orsay-Ville et d\u2019Aulnay-sous-Bois soient supprim\u00e9s ce matin.<\/p>\n<p>                                            <a class=\"fig-a11y-skip\" href=\"#fig-a11y-skip-main-inarticle\" data-module=\"a11y-skip\" data-context=\"was @visible\"><br \/>\n    Passer la publicit\u00e9<br \/>\n<\/a>            <\/p>\n<p class=\"fig-paragraph\">Sur le RER D, \u00able trafic est ralenti entre Corbeil-Essonnes et Orry-la-Ville et entre Melun entre Goussainville, dans les deux sens, en raison d\u2019une panne de signalisation dans le secteur de Paris Nord\u00bb, indique la ligne sur son compte X. Il faut pr\u00e9voir des allongements de trajets de 20 minutes, ainsi que des modifications de desserte et des suppressions de trains.<\/p>\n","protected":false},"excerpt":{"rendered":"Les deux lignes de train connaissent des perturbations ce mercredi matin. Sur le RER B, un d\u00e9faut d\u2019alimentation&hellip;\n","protected":false},"author":2,"featured_media":606559,"comment_status":"","ping_status":"","sticky":false,"template":"","format":"standard","meta":{"footnotes":""},"categories":[1592],"tags":[1111,11,1777,674,1011,27,662,12,626,25,12396,6917],"class_list":{"0":"post-606558","1":"post","2":"type-post","3":"status-publish","4":"format-standard","5":"has-post-thumbnail","7":"category-ile-de-france","8":"tag-actu","9":"tag-actualites","10":"tag-eu","11":"tag-europe","12":"tag-fr","13":"tag-france","14":"tag-ile-de-france","15":"tag-news","16":"tag-paris","17":"tag-republique-francaise","18":"tag-rer","19":"tag-transport-ferroviaire"},"share_on_mastodon":{"url":"https:\/\/pubeurope.com\/@fr\/115738234315527938","error":""},"_links":{"self":[{"href":"https:\/\/www.europesays.com\/fr\/wp-json\/wp\/v2\/posts\/606558","targetHints":{"allow":["GET"]}}],"collection":[{"href":"https:\/\/www.europesays.com\/fr\/wp-json\/wp\/v2\/posts"}],"about":[{"href":"https:\/\/www.europesays.com\/fr\/wp-json\/wp\/v2\/types\/post"}],"author":[{"embeddable":true,"href":"https:\/\/www.europesays.com\/fr\/wp-json\/wp\/v2\/users\/2"}],"replies":[{"embeddable":true,"href":"https:\/\/www.europesays.com\/fr\/wp-json\/wp\/v2\/comments?post=606558"}],"version-history":[{"count":0,"href":"https:\/\/www.europesays.com\/fr\/wp-json\/wp\/v2\/posts\/606558\/revisions"}],"wp:featuredmedia":[{"embeddable":true,"href":"https:\/\/www.europesays.com\/fr\/wp-json\/wp\/v2\/media\/606559"}],"wp:attachment":[{"href":"https:\/\/www.europesays.com\/fr\/wp-json\/wp\/v2\/media?parent=606558"}],"wp:term":[{"taxonomy":"category","embeddable":true,"href":"https:\/\/www.europesays.com\/fr\/wp-json\/wp\/v2\/categories?post=606558"},{"taxonomy":"post_tag","embeddable":true,"href":"https:\/\/www.europesays.com\/fr\/wp-json\/wp\/v2\/tags?post=606558"}],"curies":[{"name":"wp","href":"https:\/\/api.w.org\/{rel}","templated":true}]}}