{"id":606568,"date":"2025-12-18T02:38:22","date_gmt":"2025-12-18T02:38:22","guid":{"rendered":"https:\/\/www.europesays.com\/fr\/606568\/"},"modified":"2025-12-18T02:38:22","modified_gmt":"2025-12-18T02:38:22","slug":"ce-quil-faut-retenir-de-la-situation-du-mercredi-17-decembre","status":"publish","type":"post","link":"https:\/\/www.europesays.com\/fr\/606568\/","title":{"rendered":"ce qu\u2019il faut retenir de la situation du mercredi 17 d\u00e9cembre"},"content":{"rendered":"<p>La Russie se pr\u00e9pare \u00e0 nouvelle\u00a0\u00ab\u00a0ann\u00e9e de guerre\u00a0\u00bb selon Zelensky<\/p>\n<p>Le pr\u00e9sident ukrainien Volodymyr Zelensky a estim\u00e9 mercredi 17\u00a0d\u00e9cembre que la Russie se pr\u00e9parait \u00e0 mener une nouvelle\u00a0\u00ab\u00a0ann\u00e9e de guerre\u00a0\u00bb\u00a0en Ukraine en 2026, apr\u00e8s des propos de son homologue russe Vladimir Poutine affirmant que les objectifs de Moscou dans le pays seraient\u00a0\u00ab\u00a0sans aucun doute atteints\u00a0\u00bb.<\/p>\n<p>\u00ab\u00a0Aujourd\u2019hui, nous avons entendu un nouveau signal de Moscou disant qu\u2019ils se pr\u00e9parent \u00e0 faire de l\u2019ann\u00e9e prochaine une nouvelle ann\u00e9e de guerre\u00a0\u00bb, a d\u00e9clar\u00e9 Volodymyr Zelensky dans son allocution quotidienne.<\/p>\n<p>Washington \u00ab\u00a0fait pression\u00a0\u00bb pour ne pas utiliser les avoirs russes gel\u00e9s<\/p>\n<p>Un haut responsable ukrainien a affirm\u00e9 que l\u2019administration am\u00e9ricaine de Donald Trump faisait \u00ab\u00a0pression\u00a0\u00bb sur les pays europ\u00e9ens pour \u00ab\u00a0renoncer \u00e0 l\u2019id\u00e9e\u00a0\u00bb d\u2019utiliser les avoirs russes gel\u00e9s dans l\u2019UE pour aider l\u2019Ukraine.<\/p>\n<p>\u00ab\u00a0Sept pays ne soutiennent d\u00e9j\u00e0 pas publiquement cette id\u00e9e\u00a0\u00bb, a poursuivi ce responsable, sous couvert d\u2019anonymat, ajoutant que le pr\u00e9sident Volodymyr Zelensky se rendait \u00e0 Bruxelles pour convaincre les Europ\u00e9ens, r\u00e9unis jeudi en sommet, d\u2019utiliser ces actifs.<\/p>\n<p>\u00ab\u00a0La pression sur Poutine doit encore s\u2019intensifier pour l\u2019amener \u00e0 n\u00e9gocier s\u00e9rieusement, et c\u2019est pour cela que nous avons besoin de la d\u00e9cision des chefs d\u2019\u00c9tat et de gouvernement europ\u00e9ens\u00a0\u00bb, a martel\u00e9 plus t\u00f4t dans la journ\u00e9e Friedrich Merz devant les d\u00e9put\u00e9s allemands \u00e0 Berlin, avant de s\u2019envoler pour Bruxelles.<\/p>\n<p>Les objectifs de la Russie seront \u00ab\u00a0sans aucun doute atteints\u00a0\u00bb<\/p>\n<p>Les objectifs de l\u2019offensive de la Russie en\u00a0Ukraine\u00a0seront \u00ab\u00a0sans aucun doute atteints\u00a0\u00bb, et notamment les objectifs territoriaux, a d\u00e9clar\u00e9 le pr\u00e9sident russe Vladimir Poutine, alors que les tentatives diplomatiques pour mettre fin au conflit s\u2019intensifient.<\/p>\n<p>\u00ab\u00a0Les objectifs de l\u2019op\u00e9ration militaire sp\u00e9ciale seront sans aucun doute atteints\u00a0\u00bb, a-t-il affirm\u00e9 lors d\u2019une r\u00e9union avec des responsables du minist\u00e8re de la d\u00e9fense. \u00ab\u00a0Nous pr\u00e9f\u00e9rerions y parvenir et \u00e9liminer les causes profondes du conflit par la voie diplomatique\u00a0\u00bb mais, si \u00ab\u00a0le pays adverse et ses protecteurs \u00e9trangers refusent de s\u2019engager dans des discussions substantielles\u00a0\u00bb, le pays y parviendra \u00ab\u00a0par la voie militaire\u00a0\u00bb.<\/p>\n<p>Le Parlement europ\u00e9en valide l\u2019interdiction des importations<\/p>\n<p>Les eurod\u00e9put\u00e9s ont adopt\u00e9 l\u2019interdiction de <a href=\"https:\/\/www.la-croix.com\/economie\/gaz-russe-le-parlement-europeen-vote-l-interdiction-des-importations-a-lautomne-2027-20251217\" data-tracking=\"inpage_click\" data-tracking-action=\"lire un article\" data-tracking-category=\"recirculation\" target=\"_blank\" rel=\"noopener\">toutes les importations de gaz russe<\/a> dans l\u2019Union europ\u00e9enne \u00e0 l\u2019horizon de l\u2019automne 2027. Cette mesure s\u2019inscrit dans le cadre des sanctions visant \u00e0 priver Moscou de ressources finan\u00e7ant la guerre en Ukraine.<\/p>\n<p>Le texte, approuv\u00e9 \u00e0 une large majorit\u00e9, doit encore \u00eatre ent\u00e9rin\u00e9 par les \u00c9tats membres \u00e0 la majorit\u00e9 qualifi\u00e9e, une \u00e9tape attendue comme une formalit\u00e9.<\/p>\n<p>Les jours \u00e0 venir \u00ab\u00a0cruciaux\u00a0\u00bb pour le financement de l\u2019Ukraine<\/p>\n<p>Les jours \u00e0 venir seront \u00ab\u00a0cruciaux\u00a0\u00bb pour <a href=\"https:\/\/www.la-croix.com\/international\/l-europe-determinee-a-financer-lukraine-avec-de-largent-russe-20251203\" data-tracking=\"inpage_click\" data-tracking-action=\"lire un article\" data-tracking-category=\"recirculation\" target=\"_blank\" rel=\"noopener\">le financement de l\u2019Ukraine\u00a0en guerre<\/a>, a averti la pr\u00e9sidente de la Commission europ\u00e9enne Ursula von\u00a0der\u00a0Leyen, \u00e0 la veille d\u2019un sommet des dirigeants de l\u2019UE appel\u00e9s \u00e0 en d\u00e9cider.<\/p>\n<p>\u00ab\u00a0Les prochains jours seront une \u00e9tape cruciale pour y parvenir\u00a0; il nous revient de choisir comment financer le combat de l\u2019Ukraine, et nous en connaissons l\u2019urgence\u00a0\u00bb, a-t-elle d\u00e9clar\u00e9 devant le Parlement europ\u00e9en \u00e0 Strasbourg, dans l\u2019est de la France.<\/p>\n<p>Les chefs d\u2019\u00c9tat et de gouvernement de l\u2019Union europ\u00e9enne se retrouvent jeudi et vendredi \u00e0 Bruxelles pour d\u00e9cider, entre autres, des moyens de financer au cours des deux ans \u00e0 venir l\u2019Ukraine\u00a0en guerre contre la Russie.<\/p>\n","protected":false},"excerpt":{"rendered":"La Russie se pr\u00e9pare \u00e0 nouvelle\u00a0\u00ab\u00a0ann\u00e9e de guerre\u00a0\u00bb selon Zelensky Le pr\u00e9sident ukrainien Volodymyr Zelensky a estim\u00e9 mercredi&hellip;\n","protected":false},"author":2,"featured_media":606569,"comment_status":"","ping_status":"","sticky":false,"template":"","format":"standard","meta":{"footnotes":""},"categories":[1591],"tags":[11,1887,12,1885,1886,132],"class_list":{"0":"post-606568","1":"post","2":"type-post","3":"status-publish","4":"format-standard","5":"has-post-thumbnail","7":"category-russie","8":"tag-actualites","9":"tag-federation-de-russie","10":"tag-news","11":"tag-russia","12":"tag-russian-federation","13":"tag-russie"},"share_on_mastodon":{"url":"https:\/\/pubeurope.com\/@fr\/115738254131781476","error":""},"_links":{"self":[{"href":"https:\/\/www.europesays.com\/fr\/wp-json\/wp\/v2\/posts\/606568","targetHints":{"allow":["GET"]}}],"collection":[{"href":"https:\/\/www.europesays.com\/fr\/wp-json\/wp\/v2\/posts"}],"about":[{"href":"https:\/\/www.europesays.com\/fr\/wp-json\/wp\/v2\/types\/post"}],"author":[{"embeddable":true,"href":"https:\/\/www.europesays.com\/fr\/wp-json\/wp\/v2\/users\/2"}],"replies":[{"embeddable":true,"href":"https:\/\/www.europesays.com\/fr\/wp-json\/wp\/v2\/comments?post=606568"}],"version-history":[{"count":0,"href":"https:\/\/www.europesays.com\/fr\/wp-json\/wp\/v2\/posts\/606568\/revisions"}],"wp:featuredmedia":[{"embeddable":true,"href":"https:\/\/www.europesays.com\/fr\/wp-json\/wp\/v2\/media\/606569"}],"wp:attachment":[{"href":"https:\/\/www.europesays.com\/fr\/wp-json\/wp\/v2\/media?parent=606568"}],"wp:term":[{"taxonomy":"category","embeddable":true,"href":"https:\/\/www.europesays.com\/fr\/wp-json\/wp\/v2\/categories?post=606568"},{"taxonomy":"post_tag","embeddable":true,"href":"https:\/\/www.europesays.com\/fr\/wp-json\/wp\/v2\/tags?post=606568"}],"curies":[{"name":"wp","href":"https:\/\/api.w.org\/{rel}","templated":true}]}}