{"id":606570,"date":"2025-12-18T02:39:16","date_gmt":"2025-12-18T02:39:16","guid":{"rendered":"https:\/\/www.europesays.com\/fr\/606570\/"},"modified":"2025-12-18T02:39:16","modified_gmt":"2025-12-18T02:39:16","slug":"poutine-fanfaronne-zelensky-sinquiete-et-trump-met-la-pression-sur-les-europeens","status":"publish","type":"post","link":"https:\/\/www.europesays.com\/fr\/606570\/","title":{"rendered":"Poutine fanfaronne, Zelensky s\u2019inqui\u00e8te et Trump met la pression sur les Europ\u00e9ens"},"content":{"rendered":"<p>Vous avez rat\u00e9 les derniers \u00e9v\u00e9nements sur la <a href=\"https:\/\/www.20minutes.fr\/monde\/ukraine\/\" class=\"c-link c-link--is-underlined\" target=\"_blank\" rel=\"noopener\">guerre en Ukraine<\/a>\u00a0? 20 Minutes fait le point pour vous tous les soirs. Voici l\u2019essentiel de ce mercredi 17\u00a0d\u00e9cembre, au 1.393e jour du conflit.<\/p>\n<p>Le fait du jour<\/p>\n<p>Si certains doutaient de sa d\u00e9termination, la clarification est sans appel. <a href=\"https:\/\/www.20minutes.fr\/monde\/vladimir_poutine\/\" class=\"c-link c-link--is-underlined\" target=\"_blank\" rel=\"noopener\">Vladimir Poutine<\/a> a assen\u00e9 ce mercredi que les objectifs de son \u00ab\u00a0op\u00e9ration sp\u00e9ciale\u00a0\u00bb en Ukraine seraient \u00ab\u00a0sans aucun doute atteints\u00a0\u00bb, notamment les objectifs territoriaux. \u00ab\u00a0Nous pr\u00e9f\u00e9rerions y parvenir et \u00e9liminer les causes profondes du conflit par la voie diplomatique\u00a0\u00bb mais, a ajout\u00e9 le ma\u00eetre du <a href=\"https:\/\/www.20minutes.fr\/dossier\/kremlin\" class=\"c-link c-link--is-underlined\" target=\"_blank\" rel=\"noopener\">Kremlin<\/a>, si \u00ab\u00a0le pays adverse et ses protecteurs \u00e9trangers refusent de s\u2019engager dans des discussions substantielles\u00a0\u00bb, la <a href=\"https:\/\/www.20minutes.fr\/monde\/russie\/\" class=\"c-link c-link--is-underlined\" target=\"_blank\" rel=\"noopener\">Russie<\/a> obtiendra \u00ab\u00a0par la voie militaire\u00a0\u00bb les \u00ab\u00a0terres historiques\u00a0\u00bb qu\u2019elle revendique.<\/p>\n<p>Pour les optimistes, le pr\u00e9sident russe a toutefois assur\u00e9 que son pays restait pr\u00eat \u00e0 \u00ab\u00a0mener des n\u00e9gociations et \u00e0 r\u00e9soudre tous les probl\u00e8mes par des moyens pacifiques\u00a0\u00bb.<\/p>\n<\/p>\n<p>La d\u00e9claration du jour<\/p>\n<blockquote class=\"mx-m@xs mx-xxl@md color-ultramarine c-citation\">\n<p class=\"font-weight-regular@xs text-italic font-source-serif-pro text-l@xs c-citation__content\">\u00ab\u00a0Nous avons entendu un nouveau signal de Moscou disant qu\u2019ils se pr\u00e9parent \u00e0 faire de l\u2019ann\u00e9e prochaine une nouvelle ann\u00e9e de guerre\u00a0\u00bb<\/p>\n<\/blockquote>\n<p>C\u2019est ainsi que <a href=\"https:\/\/www.20minutes.fr\/monde\/volodymyr-zelensky\/\" class=\"c-link c-link--is-underlined\" target=\"_blank\" rel=\"noopener\">Volodymyr Zelensky<\/a> a traduit les propos de son homologue russe. \u00ab\u00a0Il est important que nos partenaires en prennent conscience et qu\u2019ils r\u00e9agissent, notamment nos partenaires aux \u00c9tats-Unis, qui affirment souvent que la Russie pr\u00e9tend vouloir mettre fin \u00e0 la guerre\u00a0\u00bb, a poursuivi le pr\u00e9sident ukrainien lors de son allocution quotidienne. Selon lui, le Kremlin tente de \u00ab\u00a0saper la diplomatie\u00a0\u00bb en cherchant \u00ab\u00a0diverses formulations\u00a0\u00bb dans les propositions en cours de n\u00e9gociations \u00ab\u00a0pour dissimuler [son] d\u00e9sir de d\u00e9truire l\u2019Ukraine et les Ukrainiens\u00a0\u00bb et \u00ab\u00a0[sa] volont\u00e9 de l\u00e9gitimer le vol de notre territoire\u00a0\u00bb.<\/p>\n<p>Le chiffre du jour<\/p>\n<p>3. Le nombre de frappes a\u00e9riennes russes sur la ville et la r\u00e9gion de Zaporijjia, dans le sud de l\u2019Ukraine, ce mercredi. Elles ont fait au moins 26 bless\u00e9s, selon un bilan provisoire.<\/p>\n<p>Des images montrent des pompiers se battant contre un incendie qui s\u2019est d\u00e9clar\u00e9 dans un immeuble r\u00e9sidentiel de huit \u00e9tages \u00e0 la fa\u00e7ade noircie par les flammes et aux vitres explos\u00e9es.<\/p>\n<p>La tendance<\/p>\n<p>Les chefs d\u2019Etat et de gouvernement de l\u2019<a href=\"https:\/\/www.20minutes.fr\/dossier\/ue\" class=\"c-link c-link--is-underlined\" target=\"_blank\" rel=\"noopener\">Union europ\u00e9enne<\/a> se retrouvent jeudi et vendredi \u00e0 Bruxelles pour d\u00e9cider, notamment, des moyens de financer l\u2019Ukraine au cours des deux prochaines ann\u00e9es. Mais un haut responsable ukrainien a affirm\u00e9 ce mercredi que l\u2019administration Trump faisait \u00ab\u00a0pression\u00a0\u00bb sur les Europ\u00e9ens pour qu\u2019ils \u00ab\u00a0renoncent \u00e0 l\u2019id\u00e9e\u00a0\u00bb d\u2019utiliser les avoirs russes gel\u00e9s. \u00ab\u00a0Sept pays ne soutiennent d\u00e9j\u00e0 pas publiquement cette id\u00e9e\u00a0\u00bb, a poursuivi ce responsable, sous couvert d\u2019anonymat.<\/p>\n<p><a href=\"http:\/\/www.20minutes.fr\/monde\/ukraine\" class=\"c-link c-btn c-btn--primary\" target=\"_blank\" rel=\"noopener\">Notre dossier sur la guerre en Ukraine<\/a><\/p>\n<p>Dans la premi\u00e8re version du plan du pr\u00e9sident am\u00e9ricain pour mettre fin au conflit en Ukraine, diffus\u00e9e fin novembre, il \u00e9tait propos\u00e9 de remettre une partie de ces avoirs aux Etats-Unis et au Kremlin pour diff\u00e9rents projets. M\u00eame si ce plan a \u00e9t\u00e9 amend\u00e9 depuis \u00e0 plusieurs reprises, cette position initiale montre que les Etats-Unis semblent vouloir utiliser ces avoirs en tant que monnaie d\u2019\u00e9change pour parvenir \u00e0 un accord, en soulevant la possibilit\u00e9 que Moscou puisse r\u00e9cup\u00e9rer une partie des \u00e9normes sommes en jeu.<\/p>\n<p>Quelque 210\u00a0milliards d\u2019euros de la Banque centrale russe sont actuellement immobilis\u00e9s dans l\u2019UE.<\/p>\n","protected":false},"excerpt":{"rendered":"Vous avez rat\u00e9 les derniers \u00e9v\u00e9nements sur la guerre en Ukraine\u00a0? 20 Minutes fait le point pour vous&hellip;\n","protected":false},"author":2,"featured_media":606571,"comment_status":"","ping_status":"","sticky":false,"template":"","format":"standard","meta":{"footnotes":""},"categories":[1590],"tags":[47,11,75,73,1777,674,131,4998,74,12,132,220,555,135,134],"class_list":{"0":"post-606570","1":"post","2":"type-post","3":"status-publish","4":"format-standard","5":"has-post-thumbnail","7":"category-ukraine","8":"tag-actualite","9":"tag-actualites","10":"tag-donald-trump","11":"tag-etats-unis","12":"tag-eu","13":"tag-europe","14":"tag-guerre-en-ukraine","15":"tag-kremlin","16":"tag-monde","17":"tag-news","18":"tag-russie","19":"tag-ukraine","20":"tag-union-europeenne-ue","21":"tag-vladimir-poutine","22":"tag-volodymyr-zelensky"},"share_on_mastodon":{"url":"https:\/\/pubeurope.com\/@fr\/115738257947431619","error":""},"_links":{"self":[{"href":"https:\/\/www.europesays.com\/fr\/wp-json\/wp\/v2\/posts\/606570","targetHints":{"allow":["GET"]}}],"collection":[{"href":"https:\/\/www.europesays.com\/fr\/wp-json\/wp\/v2\/posts"}],"about":[{"href":"https:\/\/www.europesays.com\/fr\/wp-json\/wp\/v2\/types\/post"}],"author":[{"embeddable":true,"href":"https:\/\/www.europesays.com\/fr\/wp-json\/wp\/v2\/users\/2"}],"replies":[{"embeddable":true,"href":"https:\/\/www.europesays.com\/fr\/wp-json\/wp\/v2\/comments?post=606570"}],"version-history":[{"count":0,"href":"https:\/\/www.europesays.com\/fr\/wp-json\/wp\/v2\/posts\/606570\/revisions"}],"wp:featuredmedia":[{"embeddable":true,"href":"https:\/\/www.europesays.com\/fr\/wp-json\/wp\/v2\/media\/606571"}],"wp:attachment":[{"href":"https:\/\/www.europesays.com\/fr\/wp-json\/wp\/v2\/media?parent=606570"}],"wp:term":[{"taxonomy":"category","embeddable":true,"href":"https:\/\/www.europesays.com\/fr\/wp-json\/wp\/v2\/categories?post=606570"},{"taxonomy":"post_tag","embeddable":true,"href":"https:\/\/www.europesays.com\/fr\/wp-json\/wp\/v2\/tags?post=606570"}],"curies":[{"name":"wp","href":"https:\/\/api.w.org\/{rel}","templated":true}]}}