{"id":60658,"date":"2025-04-29T01:45:11","date_gmt":"2025-04-29T01:45:11","guid":{"rendered":"https:\/\/www.europesays.com\/fr\/60658\/"},"modified":"2025-04-29T01:45:11","modified_gmt":"2025-04-29T01:45:11","slug":"les-internes-en-medecine-dans-la-rue-a-nantes-ce-mardi","status":"publish","type":"post","link":"https:\/\/www.europesays.com\/fr\/60658\/","title":{"rendered":"Les internes en m\u00e9decine dans la rue \u00e0 Nantes ce mardi"},"content":{"rendered":"<p>Des internes en m\u00e9decine g\u00e9n\u00e9rale mais aussi dans les sp\u00e9cialit\u00e9s sont en gr\u00e8ve depuis hier. Ce mardi, soutenus par des m\u00e9decins, ils d\u00e9fileront \u00e0 Nantes pour dire non \u00e0 <a href=\"https:\/\/laval.maville.com\/actu\/actudet_-deserts-medicaux-la-proposition-de-loi-de-ces-deputes-appuyee-par-des-maires-_11-6784501_actu.Htm\" target=\"_blank\" rel=\"noopener\">une proposition de loi transpartisane, d\u00e9pos\u00e9e \u00e0 l\u2019initiative du d\u00e9put\u00e9 mayennais Guillaume Garot (PS), qui vise \u00e0 lutter contre les d\u00e9serts m\u00e9dicaux<\/a>. R\u00e9my Saunier, \u00e9tudiant \u00e0 Nantes, pr\u00e9sident du Syndicat des internes de m\u00e9decine g\u00e9n\u00e9rale de l\u2019Ouest (Simgo), explique les raisons de la col\u00e8re.<\/p>\n<p>R\u00e9gulation \u00e0 l\u2019installation, \u00ab\u00a0une fausse bonne id\u00e9e\u00a0\u00bb<\/p>\n<p>Le manque de m\u00e9decins touche quasiment l\u2019ensemble du territoire, rappelle R\u00e9my Saunier. R\u00e9partir la p\u00e9nurie revient \u00e0 ses yeux \u00e0 \u00e9taler le peu de confiture qui reste dans un pot sur une tranche de pain g\u00e9ante. <strong>\u00ab\u00a0Entre\u00a02013 et\u00a02023, le nombre de m\u00e9decins a diminu\u00e9 de 11\u00a0%\u00a0\u00bb<\/strong>, rappelle-t-il. Cela est d\u00fb \u00e0 une politique de numerus clausus (limitation du nombre de m\u00e9decins form\u00e9s) trop restrictive, datant de vingt ou trente ans.<\/p>\n<p>Quand on fait remarquer que l\u2019installation d\u2019autres professions de sant\u00e9 (pharmaciens, infirmiers, kin\u00e9sith\u00e9rapeutes) est d\u00e9j\u00e0 tr\u00e8s r\u00e9gul\u00e9e, l\u2019interne en m\u00e9decine r\u00e9pond que ces professions sont dans une dynamique diff\u00e9rente, sans p\u00e9nurie.<\/p>\n<p>Former au plus proche de la population<\/p>\n<p>Aujourd\u2019hui, le nombre d\u2019\u00e9tudiants admis en facult\u00e9 de m\u00e9decine augmente. Mais cette politique ne portera ses fruits au mieux que dans dix ans, le temps des \u00e9tudes. R\u00e9my Saunier fait aussi remarquer que pour former plus, il est\u00a0n\u00e9cessaire d\u2019avoir plus de professeurs de m\u00e9decine dans les CHU.<\/p>\n<p>Partant de l\u2019id\u00e9e que les m\u00e9decins s\u2019installent volontiers dans le d\u00e9partement o\u00f9 ils ont fait leurs \u00e9tudes ou d\u2019o\u00f9 ils sont originaires, le Simgo ne se dit pas oppos\u00e9 \u00e0 des antennes des facult\u00e9s de m\u00e9decine dans les d\u00e9partements et pas uniquement \u00e0 la porte des centres hospitaliers universitaires. Mais, encore faut-il, l\u00e0 aussi, des moyens humains suffisants pour enseigner aux \u00e9tudiants et les encadrer.<\/p>\n<p>\u00a0<\/p>\n","protected":false},"excerpt":{"rendered":"Des internes en m\u00e9decine g\u00e9n\u00e9rale mais aussi dans les sp\u00e9cialit\u00e9s sont en gr\u00e8ve depuis hier. Ce mardi, soutenus&hellip;\n","protected":false},"author":2,"featured_media":60659,"comment_status":"","ping_status":"","sticky":false,"template":"","format":"standard","meta":{"footnotes":""},"categories":[2818],"tags":[1111,11,1777,674,1011,27,15780,9778,224,766,12,2636,25,3640],"class_list":{"0":"post-60658","1":"post","2":"type-post","3":"status-publish","4":"format-standard","5":"has-post-thumbnail","7":"category-nantes","8":"tag-actu","9":"tag-actualites","10":"tag-eu","11":"tag-europe","12":"tag-fr","13":"tag-france","14":"tag-internes","15":"tag-mardi","16":"tag-medecine","17":"tag-nantes","18":"tag-news","19":"tag-pays-de-la-loire","20":"tag-republique-francaise","21":"tag-rue"},"share_on_mastodon":{"url":"https:\/\/pubeurope.com\/@fr\/114418727244400130","error":""},"_links":{"self":[{"href":"https:\/\/www.europesays.com\/fr\/wp-json\/wp\/v2\/posts\/60658","targetHints":{"allow":["GET"]}}],"collection":[{"href":"https:\/\/www.europesays.com\/fr\/wp-json\/wp\/v2\/posts"}],"about":[{"href":"https:\/\/www.europesays.com\/fr\/wp-json\/wp\/v2\/types\/post"}],"author":[{"embeddable":true,"href":"https:\/\/www.europesays.com\/fr\/wp-json\/wp\/v2\/users\/2"}],"replies":[{"embeddable":true,"href":"https:\/\/www.europesays.com\/fr\/wp-json\/wp\/v2\/comments?post=60658"}],"version-history":[{"count":0,"href":"https:\/\/www.europesays.com\/fr\/wp-json\/wp\/v2\/posts\/60658\/revisions"}],"wp:featuredmedia":[{"embeddable":true,"href":"https:\/\/www.europesays.com\/fr\/wp-json\/wp\/v2\/media\/60659"}],"wp:attachment":[{"href":"https:\/\/www.europesays.com\/fr\/wp-json\/wp\/v2\/media?parent=60658"}],"wp:term":[{"taxonomy":"category","embeddable":true,"href":"https:\/\/www.europesays.com\/fr\/wp-json\/wp\/v2\/categories?post=60658"},{"taxonomy":"post_tag","embeddable":true,"href":"https:\/\/www.europesays.com\/fr\/wp-json\/wp\/v2\/tags?post=60658"}],"curies":[{"name":"wp","href":"https:\/\/api.w.org\/{rel}","templated":true}]}}