{"id":606585,"date":"2025-12-18T02:50:20","date_gmt":"2025-12-18T02:50:20","guid":{"rendered":"https:\/\/www.europesays.com\/fr\/606585\/"},"modified":"2025-12-18T02:50:20","modified_gmt":"2025-12-18T02:50:20","slug":"nombreuses-blessures-pour-le-stade-aurillacois-qui-se-deplace-a-agen","status":"publish","type":"post","link":"https:\/\/www.europesays.com\/fr\/606585\/","title":{"rendered":"nombreuses blessures pour le Stade Aurillacois qui se d\u00e9place \u00e0 Agen"},"content":{"rendered":"<p>                    Par<br \/>\n        <strong><br \/>\n            <a href=\"https:\/\/actu.fr\/auteur\/nicolas-gastal\" title=\"Consulter tous les articles de Nicolas Gastal\" target=\"_blank\" rel=\"noopener\">Nicolas Gastal<\/a><br \/>\n                    <\/strong><\/p>\n<p>        Publi\u00e9 le<\/p>\n<p>            17 d\u00e9c. 2025 \u00e0 10h45        <\/p>\n<p>Encore un petit effort avant de prendre quelques jours de repos\u2026 En effet, le <b>Stade Aurillacois <\/b>se rend sur la pelouse d\u2019Armandie ce <b>vendredi 19\u00a0d\u00e9cembre 2025<\/b> \u00e0 19h30 pour le dernier match de l\u2019ann\u00e9e civile. Actuellement 6\u00e8me au classement, Aurillac est talonn\u00e9 par son adversaire du soir.<\/p>\n<p class=\" wall-content\">\u00ab\u2009L\u2019objectif est de rester dans le Top\u00a06. <b>Agen<\/b>, c\u2019est\u00a0une \u00e9quipe en forme, ils jouent bien, on y va pour bien finir l\u2019ann\u00e9e. On reste ambitieux dans ce championnat\u2009\u00bb souligne le demi d\u2019ouverture <b>Tedo Abzhandadaze<\/b>.<\/p>\n<p>Encha\u00eener une 4\u00e8me victoire de suite<\/p>\n<p class=\" wall-content\">Depuis 2021, le Stade n\u2019a pas encha\u00een\u00e9 4 victoires de suite. L\u2019occasion de faire de \u00ab\u2009vaincre le signe indien\u2009\u00bb.<\/p>\n<p class=\" wall-content\">\u00ab\u2009On n\u2019a pas la m\u00e9moire courte avec nos d\u00e9faites \u00e0 Nevers et Valence, il faudra \u00eatre \u00e0 120\u2009% \u00e0 Agen, sous peine de se faire rappeler \u00e0 l\u2019ordre\u2009\u00bb stipulait ce matin l\u2019entra\u00eeneur des lignes arri\u00e8res, <b>J\u00e9r\u00e9my Wanin.<\/b><\/p>\n<p class=\" wall-content\">Pour ce match, le staff devrait composer avec de nombreuses blessures, notamment\u2009: Yabaki, Nonkontwana (absent quelques mois), Huurman (alerte aux ischios), De Jong, Coertzen (coup \u00e0 la cheville). \u00ab\u2009On a des absents, mais on aura une \u00e9quipe comp\u00e9titive. Il y aura un m\u00e9lange entre la continuit\u00e9 et des joueurs qui vont amener de la fra\u00eecheur. On devra \u00eatre performants dans la conqu\u00eate et en d\u00e9fense. Mais, ce qui est s\u00fbr, c\u2019est que c\u2019est une belle r\u00e9compense d\u2019\u00eatre l\u00e0 aujourd\u2019hui\u2009\u00bb.<\/p>\n<p class=\" wall-content\">Personnalisez votre actualit\u00e9 en ajoutant vos villes et m\u00e9dias en favori avec <a href=\"https:\/\/moncompte.actu.fr\" title=\"D\u00e9couvez Mon Actu\" rel=\"nofollow noopener\" data-trk=\"{&quot;cta&quot;:{&quot;action&quot;:&quot;https:\\\/\\\/moncompte.actu.fr&quot;,&quot;category&quot;:&quot;mon compte&quot;,&quot;from&quot;:&quot;article footer&quot;,&quot;name&quot;:&quot;Mon actu&quot;,&quot;type&quot;:&quot;cta&quot;}}\" target=\"_blank\">Mon Actu<\/a>.<\/p>\n","protected":false},"excerpt":{"rendered":"Par Nicolas Gastal Publi\u00e9 le 17 d\u00e9c. 2025 \u00e0 10h45 Encore un petit effort avant de prendre quelques&hellip;\n","protected":false},"author":2,"featured_media":606586,"comment_status":"","ping_status":"","sticky":false,"template":"","format":"standard","meta":{"footnotes":""},"categories":[1416],"tags":[1011,27,479,1468,60,23101],"class_list":{"0":"post-606585","1":"post","2":"type-post","3":"status-publish","4":"format-standard","5":"has-post-thumbnail","7":"category-rugby","8":"tag-fr","9":"tag-france","10":"tag-rugby","11":"tag-rugby-football","12":"tag-sports","13":"tag-stade-aurillacois"},"share_on_mastodon":{"url":"https:\/\/pubeurope.com\/@fr\/115738301121536454","error":""},"_links":{"self":[{"href":"https:\/\/www.europesays.com\/fr\/wp-json\/wp\/v2\/posts\/606585","targetHints":{"allow":["GET"]}}],"collection":[{"href":"https:\/\/www.europesays.com\/fr\/wp-json\/wp\/v2\/posts"}],"about":[{"href":"https:\/\/www.europesays.com\/fr\/wp-json\/wp\/v2\/types\/post"}],"author":[{"embeddable":true,"href":"https:\/\/www.europesays.com\/fr\/wp-json\/wp\/v2\/users\/2"}],"replies":[{"embeddable":true,"href":"https:\/\/www.europesays.com\/fr\/wp-json\/wp\/v2\/comments?post=606585"}],"version-history":[{"count":0,"href":"https:\/\/www.europesays.com\/fr\/wp-json\/wp\/v2\/posts\/606585\/revisions"}],"wp:featuredmedia":[{"embeddable":true,"href":"https:\/\/www.europesays.com\/fr\/wp-json\/wp\/v2\/media\/606586"}],"wp:attachment":[{"href":"https:\/\/www.europesays.com\/fr\/wp-json\/wp\/v2\/media?parent=606585"}],"wp:term":[{"taxonomy":"category","embeddable":true,"href":"https:\/\/www.europesays.com\/fr\/wp-json\/wp\/v2\/categories?post=606585"},{"taxonomy":"post_tag","embeddable":true,"href":"https:\/\/www.europesays.com\/fr\/wp-json\/wp\/v2\/tags?post=606585"}],"curies":[{"name":"wp","href":"https:\/\/api.w.org\/{rel}","templated":true}]}}