{"id":606595,"date":"2025-12-18T02:58:17","date_gmt":"2025-12-18T02:58:17","guid":{"rendered":"https:\/\/www.europesays.com\/fr\/606595\/"},"modified":"2025-12-18T02:58:17","modified_gmt":"2025-12-18T02:58:17","slug":"des-photos-pour-sensibiliser-a-la-beaute-et-a-la-fragilite-de-la-faune-sauvage","status":"publish","type":"post","link":"https:\/\/www.europesays.com\/fr\/606595\/","title":{"rendered":"des photos pour sensibiliser \u00e0 la beaut\u00e9 et \u00e0 la fragilit\u00e9 de la faune sauvage"},"content":{"rendered":"<p>                    Par<br \/>\n        <strong><br \/>\n            <a href=\"https:\/\/actu.fr\/auteur\/julien-vancaeyseele\" title=\"Consulter tous les articles de Julien Van Caeyseele\" target=\"_blank\" rel=\"noopener\">Julien Van Caeyseele<\/a><br \/>\n                    <\/strong><\/p>\n<p>        Publi\u00e9 le<\/p>\n<p>            17 d\u00e9c. 2025 \u00e0 16h00        <\/p>\n<p>Apr\u00e8s le succ\u00e8s de la premi\u00e8re \u00e9dition, l\u2019association renouvelle l\u2019initiative\u2026 Le photographe animalier<a href=\"https:\/\/actu.fr\/ile-de-france\/fontainebleau_77186\/foret-de-fontainebleau-yannick-dagneau-la-photo-pour-sensibiliser-sur-la-fragilite-du-massif_59987533.html\" target=\"_blank\" rel=\"noopener\"> Yannick Dagneau<\/a>, par ailleurs pr\u00e9sident de <a href=\"https:\/\/actu.fr\/ile-de-france\/perthes_77359\/il-tire-le-signal-dalarme-pour-la-faune-sauvage-en-foret-de-fontainebleau_60775707.html\" target=\"_blank\" rel=\"noopener\">l\u2019association Pour une for\u00eat vivante<\/a>, organise une exposition photographique sur la faune sauvage en for\u00eat de Fontainebleau, samedi 20 et dimanche 21 d\u00e9cembre (10h\/18h30), \u00e0 la salle Raymonde-Fache <a href=\"https:\/\/actu.fr\/ile-de-france\/perthes_77359\" target=\"_blank\" rel=\"noopener\">de Perthes<\/a> (<b>Seine-et-Marne<\/b>).<\/p>\n<p>Une exposition de photos pour sensibiliser \u00e0 la beaut\u00e9 de la faune en for\u00eat de Fontainebleau<\/p>\n<p class=\" wall-content\">Une dizaine de photographes animaliers, membres de l\u2019association pr\u00e9senteront pr\u00e8s de 200 photos. \u00ab L\u2019objectif de cette exposition est le m\u00eame que celui que nous poursuivons avec l\u2019association, d\u00e9taille Yannick Dagneau. Gr\u00e2ce \u00e0 des photos, je pense qu\u2019on peut sensibiliser le public sur la beaut\u00e9 de la faune sauvage qui nous entoure, mais aussi rappeler sa fragilit\u00e9 et mettre en valeur la for\u00eat de Fontainebleau, cet \u00e9crin d\u2019exception qu\u2019il est imp\u00e9ratif de pr\u00e9server. \u00bb<\/p>\n<p>    <img   decoding=\"async\" loading=\"lazy\" class=\"size-large\" src=\"https:\/\/www.europesays.com\/fr\/wp-content\/uploads\/2025\/12\/ddf70a23da396a1080a23da3985080v-960x640.jpg\" alt=\"chevreuil\" width=\"960\" height=\"640\"\/><br \/>\n    Un jeune chevreuil aux abords de la for\u00eat de Fontainebleau \u00a9Yannick Dagneau<\/p>\n<p class=\" wall-content\">L\u2019association plaide par ailleurs sur une<a href=\"https:\/\/actu.fr\/ile-de-france\/fontainebleau_77186\/foret-de-fontainebleau-emotion-apres-la-mort-de-grands-cerfs-tues-lors-dune-partie-de-chasse_60626293.html\" target=\"_blank\" rel=\"noopener\"> r\u00e9duction de la pression cyn\u00e9g\u00e9tique<\/a>, \u00ab notamment en for\u00eat domaniale et dans les campagnes environnantes. \u00bb Des oiseaux, des reptiles, des mammif\u00e8res : toute la vari\u00e9t\u00e9 et la diversit\u00e9 de la faune du massif forestier seront pr\u00e9sent\u00e9es sur les clich\u00e9s. Toutes les photos sont mises en vente.<\/p>\n<p class=\" wall-content\">Cette exposition est aussi l\u2019occasion de servir de vitrines pour les actions de l\u2019association qui <a href=\"https:\/\/actu.fr\/ile-de-france\/perthes_77359\/foret-de-fontainebleau-la-jeune-association-qui-veut-mieux-proteger-la-faune-cartonne-deja_61323397.html\" target=\"_blank\" rel=\"noopener\">compte plus de 300 membres<\/a>. Les photographes seront pr\u00e9sents lors de l\u2019exposition et pourront pr\u00e9senter la face cach\u00e9e de leurs clich\u00e9s, mais aussi inciter le public \u00e0 rejoindre l\u2019association.<\/p>\n<p>Renseignements : <a href=\"https:\/\/actu.fr\/cdn-cgi\/l\/email-protection\" class=\"__cf_email__\" data-cfemail=\"fb8b948e898e959e9d94899e8f8d928d9a958f9ec9bb9c969a9297d5989496\" target=\"_blank\" rel=\"noopener\">[email\u00a0protected]<\/a> ou pour_une_foret_vivante (Instagram) et<a href=\"https:\/\/www.facebook.com\/pouruneforetvivante\" target=\"_blank\" rel=\"noopener\"> Pour une for\u00eat vivante (Facebook)<\/a><\/p>\n<p class=\" wall-content\">Personnalisez votre actualit\u00e9 en ajoutant vos villes et m\u00e9dias en favori avec <a href=\"https:\/\/moncompte.actu.fr\" title=\"D\u00e9couvez Mon Actu\" rel=\"nofollow noopener\" data-trk=\"{&quot;cta&quot;:{&quot;action&quot;:&quot;https:\\\/\\\/moncompte.actu.fr&quot;,&quot;category&quot;:&quot;mon compte&quot;,&quot;from&quot;:&quot;article footer&quot;,&quot;name&quot;:&quot;Mon actu&quot;,&quot;type&quot;:&quot;cta&quot;}}\" target=\"_blank\">Mon Actu<\/a>.<\/p>\n","protected":false},"excerpt":{"rendered":"Par Julien Van Caeyseele Publi\u00e9 le 17 d\u00e9c. 2025 \u00e0 16h00 Apr\u00e8s le succ\u00e8s de la premi\u00e8re \u00e9dition,&hellip;\n","protected":false},"author":2,"featured_media":606596,"comment_status":"","ping_status":"","sticky":false,"template":"","format":"standard","meta":{"footnotes":""},"categories":[1358],"tags":[1867,1348,1384,1385,1386,58,59,71803,1011,27,1756,104],"class_list":{"0":"post-606595","1":"post","2":"type-post","3":"status-publish","4":"format-standard","5":"has-post-thumbnail","7":"category-arts-et-design","8":"tag-animaux","9":"tag-arts","10":"tag-arts-and-design","11":"tag-arts-et-design","12":"tag-design","13":"tag-divertissement","14":"tag-entertainment","15":"tag-foret-de-fontainebleau","16":"tag-fr","17":"tag-france","18":"tag-photographie","19":"tag-societe"},"share_on_mastodon":{"url":"https:\/\/pubeurope.com\/@fr\/115738332691017343","error":""},"_links":{"self":[{"href":"https:\/\/www.europesays.com\/fr\/wp-json\/wp\/v2\/posts\/606595","targetHints":{"allow":["GET"]}}],"collection":[{"href":"https:\/\/www.europesays.com\/fr\/wp-json\/wp\/v2\/posts"}],"about":[{"href":"https:\/\/www.europesays.com\/fr\/wp-json\/wp\/v2\/types\/post"}],"author":[{"embeddable":true,"href":"https:\/\/www.europesays.com\/fr\/wp-json\/wp\/v2\/users\/2"}],"replies":[{"embeddable":true,"href":"https:\/\/www.europesays.com\/fr\/wp-json\/wp\/v2\/comments?post=606595"}],"version-history":[{"count":0,"href":"https:\/\/www.europesays.com\/fr\/wp-json\/wp\/v2\/posts\/606595\/revisions"}],"wp:featuredmedia":[{"embeddable":true,"href":"https:\/\/www.europesays.com\/fr\/wp-json\/wp\/v2\/media\/606596"}],"wp:attachment":[{"href":"https:\/\/www.europesays.com\/fr\/wp-json\/wp\/v2\/media?parent=606595"}],"wp:term":[{"taxonomy":"category","embeddable":true,"href":"https:\/\/www.europesays.com\/fr\/wp-json\/wp\/v2\/categories?post=606595"},{"taxonomy":"post_tag","embeddable":true,"href":"https:\/\/www.europesays.com\/fr\/wp-json\/wp\/v2\/tags?post=606595"}],"curies":[{"name":"wp","href":"https:\/\/api.w.org\/{rel}","templated":true}]}}