{"id":606606,"date":"2025-12-18T03:06:20","date_gmt":"2025-12-18T03:06:20","guid":{"rendered":"https:\/\/www.europesays.com\/fr\/606606\/"},"modified":"2025-12-18T03:06:20","modified_gmt":"2025-12-18T03:06:20","slug":"le-classement-et-les-notes-de-la-9e-semaine","status":"publish","type":"post","link":"https:\/\/www.europesays.com\/fr\/606606\/","title":{"rendered":"Le classement et les notes de la 9e semaine"},"content":{"rendered":"<p>La quotidienne de la <a href=\"https:\/\/www.20minutes.fr\/dossier\/star_academy\" class=\"c-link c-link--is-underlined\" target=\"_blank\" rel=\"noopener\">Star Academy 2025<\/a> mercredi soir a permis de conna\u00eetre le classement de la semaine. Le directeur Michael Goldman a d\u00e9voil\u00e9 les notes aux \u00e9l\u00e8ves, qui seront d\u00e9terminantes dans la composition des face-\u00e0-face. Pour rappel, les \u00e9l\u00e8ves les mieux not\u00e9s pourront choisir leur rival sur le prime de samedi soir, en direct sur TF1.<\/p>\n<p>Les 4 gagnants seront ensuite immunis\u00e9s, tout comme Anouk, premi\u00e8re du classement. En revanche, les 4 perdants seront soumis aux votes du public. Les trois candidats ayant obtenu le plus de votes pourront retourner au ch\u00e2teau de Dammarie-les-Lys. Voici donc le classement de la 9e semaine, au terme des \u00e9valuations a capella.<\/p>\n<p>Anouk immunis\u00e9e, tous les autres en danger<\/p>\n<p>Sans instru, certains \u00e9l\u00e8ves ont \u00e9t\u00e9 perturb\u00e9s, mais les \u00e9valuations se sont bien d\u00e9roul\u00e9es dans leur ensemble. Ambre a choisi d\u2019interpr\u00e9ter Lose Control, de Teddy Swims. Michael Goldman a appr\u00e9ci\u00e9\u00a0: \u00ab\u00a0Elle est l\u00e0 pour \u00e9clater tout le monde\u00a0! Elle est trop forte\u00a0\u00bb. Sarah a repris At Last d\u2019Etta James, tout comme Melissa. Victor a laiss\u00e9 parler sa technique sur Set Fire To The Rain. \u00ab\u00a0C\u2019\u00e9tait presque trop long. Mais c\u2019est absolument splendide, c\u2019est de la dentelle\u00a0\u00bb selon le directeur. Bastiaan a opt\u00e9 pour la douceur sur le m\u00eame titre. L\u00e9a a quant \u00e0 elle manqu\u00e9 de douceur sur la chanson de la star britannique, d\u2019apr\u00e8s les professeurs.<\/p>\n<p>Anouk a fait la diff\u00e9rence sur Corps d\u2019Yseult. Pour les professeurs, c\u2019\u00e9tait \u00ab\u00a0une claque\u00a0\u00bb (Papy), \u00ab\u00a0extraordinaire\u00a0\u00bb (Jonathan Jenvrin). Avec Belle demoiselle de Christophe Ma\u00e9, Th\u00e9o P. n\u2019a pas ma\u00eetris\u00e9 son outil et ses vibes selon Michael Goldman. Enfin, Jeanne manquait de conviction sur Tous les m\u00eames, de <a href=\"https:\/\/www.20minutes.fr\/dossier\/stromae\" class=\"c-link c-link--is-underlined\" target=\"_blank\" rel=\"noopener\">Stromae<\/a>. Victor, L\u00e9a, Ambre, Sarah, Th\u00e9o P, Melissa, Bastiaan et Jeanne sont donc les nomm\u00e9s. Les face-\u00e0-face sont les suivants\u00a0:<\/p>\n<ul>\n<li>Victor vs Th\u00e9o P.<\/li>\n<li>Bastiaan vs L\u00e9a<\/li>\n<li>Ambre vs Jeanne<\/li>\n<li>M\u00e9lissa vs Sarah<\/li>\n<\/ul>\n<p class=\"mb-m@xs text-l@xs\">En cliquant sur\u00ab J\u2019accepte \u00bb, vous acceptez le d\u00e9p\u00f4t de cookies par des services externes et aurez ainsi acc\u00e8s aux contenus de nos partenaires.<\/p>\n<p class=\"mb-xl@xs text-s@xs\">Plus d\u2019informations sur la page<a href=\"https:\/\/www.20minutes.fr\/gestion-cookies\" class=\"mx-xxs@xs color-ultramarine\" target=\"_blank\" rel=\"noopener\">Politique de gestion des cookies<\/a><\/p>\n<p>J\u2019accepteLes notes des \u00e9l\u00e8ves et le classement de la 9e semaine de la Star Academy 2025*<\/p>\n<ol>\n<li>Anouk (16,8)<\/li>\n<li>Victor (16,5)<\/li>\n<li>Bastiaan (16,1)<\/li>\n<li>Ambre (16)<\/li>\n<li>M\u00e9lissa (15,8)<\/li>\n<li>Sarah (15,3)<\/li>\n<li>L\u00e9a (14,9)<\/li>\n<li>Jeanne (note non d\u00e9voil\u00e9e)<\/li>\n<li>Th\u00e9o (12,1)<\/li>\n<\/ol>\n<p><a href=\"https:\/\/www.20minutes.fr\/arts-stars\/television\/4191848-20251217-sondage-star-academy-2025-sauveriez-parmi-nommes-semaine\" class=\"c-link c-btn c-btn--primary\" target=\"_blank\" rel=\"noopener\">Votez pour votre \u00e9l\u00e8ve pr\u00e9f\u00e9r\u00e9 dans notre sondage<\/a><\/p>\n<p>*Les notes seront confirm\u00e9es sur le prime de samedi, sur <a href=\"https:\/\/www.20minutes.fr\/dossier\/tf1\" class=\"c-link c-link--is-underlined\" target=\"_blank\" rel=\"noopener\">TF1<\/a>.<\/p>\n","protected":false},"excerpt":{"rendered":"La quotidienne de la Star Academy 2025 mercredi soir a permis de conna\u00eetre le classement de la semaine.&hellip;\n","protected":false},"author":2,"featured_media":606607,"comment_status":"","ping_status":"","sticky":false,"template":"","format":"standard","meta":{"footnotes":""},"categories":[8],"tags":[58,59,1011,27,10827,5095,252,199],"class_list":{"0":"post-606606","1":"post","2":"type-post","3":"status-publish","4":"format-standard","5":"has-post-thumbnail","7":"category-divertissement","8":"tag-divertissement","9":"tag-entertainment","10":"tag-fr","11":"tag-france","12":"tag-nikos-aliagas","13":"tag-star-academy","14":"tag-television","15":"tag-tf1"},"share_on_mastodon":{"url":"https:\/\/pubeurope.com\/@fr\/115738364191601532","error":""},"_links":{"self":[{"href":"https:\/\/www.europesays.com\/fr\/wp-json\/wp\/v2\/posts\/606606","targetHints":{"allow":["GET"]}}],"collection":[{"href":"https:\/\/www.europesays.com\/fr\/wp-json\/wp\/v2\/posts"}],"about":[{"href":"https:\/\/www.europesays.com\/fr\/wp-json\/wp\/v2\/types\/post"}],"author":[{"embeddable":true,"href":"https:\/\/www.europesays.com\/fr\/wp-json\/wp\/v2\/users\/2"}],"replies":[{"embeddable":true,"href":"https:\/\/www.europesays.com\/fr\/wp-json\/wp\/v2\/comments?post=606606"}],"version-history":[{"count":0,"href":"https:\/\/www.europesays.com\/fr\/wp-json\/wp\/v2\/posts\/606606\/revisions"}],"wp:featuredmedia":[{"embeddable":true,"href":"https:\/\/www.europesays.com\/fr\/wp-json\/wp\/v2\/media\/606607"}],"wp:attachment":[{"href":"https:\/\/www.europesays.com\/fr\/wp-json\/wp\/v2\/media?parent=606606"}],"wp:term":[{"taxonomy":"category","embeddable":true,"href":"https:\/\/www.europesays.com\/fr\/wp-json\/wp\/v2\/categories?post=606606"},{"taxonomy":"post_tag","embeddable":true,"href":"https:\/\/www.europesays.com\/fr\/wp-json\/wp\/v2\/tags?post=606606"}],"curies":[{"name":"wp","href":"https:\/\/api.w.org\/{rel}","templated":true}]}}