{"id":606612,"date":"2025-12-18T03:09:17","date_gmt":"2025-12-18T03:09:17","guid":{"rendered":"https:\/\/www.europesays.com\/fr\/606612\/"},"modified":"2025-12-18T03:09:17","modified_gmt":"2025-12-18T03:09:17","slug":"les-glaciers-du-monde-entier-et-la-banquise-de-larctique-menaces-par-le-rechauffement-climatique","status":"publish","type":"post","link":"https:\/\/www.europesays.com\/fr\/606612\/","title":{"rendered":"les glaciers du monde entier et la banquise de l&rsquo;Arctique menac\u00e9s par le r\u00e9chauffement climatique"},"content":{"rendered":"\n<p class=\"c-chapo \">\n  Plus de 3\u00a0000 glaciers dispara\u00eetront entre 2040 et 2060 si la plan\u00e8te se r\u00e9chauffe de 2,7 degr\u00e9s \u00e0 la fin du si\u00e8cle.\n<\/p>\n<p>      lire plus tard<\/p>\n<p id=\"dialog__title\" class=\"dialog__title\">Pour sauvegarder cet article, connectez-vous ou cr\u00e9ez un compte franceinfo<\/p>\n<p class=\"dialog__description\">Sans paiement. Sans abonnement.<\/p>\n<p>        Fermer la fen\u00eatre d\u2019activation des notifications France Info<\/p>\n<p>      cr\u00e9er votre compte<\/p>\n<p>      se connecter<\/p>\n<p>      :<\/p>\n<p>        Fermer la fen\u00eatre de pr\u00e9sentation<\/p>\n<p>    <img loading=\"lazy\" decoding=\"async\" class=\"signature__image lazyload\" width=\"100\" height=\"100\" data- alt=\"\" src=\"https:\/\/www.europesays.com\/fr\/wp-content\/uploads\/2025\/05\/64a7df4c5fe71_placeholder-36b69ec8.png\"\/><\/p>\n<p>    Publi\u00e9 le 17\/12\/2025 18:00<\/p>\n<p>        Temps de lecture : 3min<\/p>\n<p>    <img decoding=\"async\"  alt=\"Une photo a\u00e9rienne prise le 13 septembre 2022 montre le col de Tsanfleuron (Suisse), d\u00e9barrass\u00e9\u00a0de la glace qui l'a recouverte pendant au moins 2 000 ans. (FABRICE COFFRINI \/ AFP)\" width=\"432\" height=\"243\" src=\"https:\/\/www.europesays.com\/fr\/wp-content\/uploads\/2025\/12\/phpFDFjLy.jpg\" fetchpriority=\"high\"\/><\/p>\n<p>      Une photo a\u00e9rienne prise le 13 septembre 2022 montre le col de Tsanfleuron (Suisse), d\u00e9barrass\u00e9\u00a0de la glace qui l&rsquo;a recouverte pendant au moins 2 000 ans. (FABRICE COFFRINI \/ AFP)<\/p>\n<p><a href=\"https:\/\/www.franceinfo.fr\/environnement\/crise-climatique\/rechauffement-climatique-l-annee-2025-en-passe-de-devenir-l-une-des-trois-annees-les-plus-chaudes-jamais-enregistrees_7667743.html\" target=\"_self\" rel=\"noopener noreferrer nofollow\" data-tooltip-url=\"https:\/\/www.franceinfo.fr\/environnement\/crise-climatique\/rechauffement-climatique-l-annee-2025-en-passe-de-devenir-l-une-des-trois-annees-les-plus-chaudes-jamais-enregistrees_7667743.html\">La temp\u00e9rature grimpe<\/a> et les glaces fondent, de la banquise du p\u00f4le Nord jusqu&rsquo;aux montagnes du monde entier. Deux \u00e9tudes alertent sur les temp\u00e9ratures record en Arctique et sur un pic d&rsquo;extinction \u00e0 venir des glaciers.<\/p>\n<p>D&rsquo;abord, une \u00e9tude publi\u00e9e dans la revue Nature. Elle pr\u00e9dit la disparition de milliers de glaciers dans les prochaines d\u00e9cennies. L&rsquo;auteur principal de cette \u00e9tude, glaciologue en Suisse, l&rsquo;avoue lui-m\u00eame, il est surpris \u00ab\u00a0de l&rsquo;ampleur du nombre de glaciers qui vont dispara\u00eetre\u00a0\u00bb. Les scientifiques ont analys\u00e9 les contours de plus de 210\u00a0000 glaciers \u00e0 travers le monde puis les ont soumis \u00e0 plusieurs mod\u00e8les climatiques\u00a0: r\u00e9chauffement de plan\u00e8te de 1,5 degr\u00e9 jusqu&rsquo;\u00e0 4 degr\u00e9s. Selon l&rsquo;ampleur de ce coup de chaud \u00e0 venir, et qui a d\u00e9j\u00e0 commenc\u00e9, 2\u00a0000 \u00e0 4\u00a0000 glaciers dispara\u00eetront chaque ann\u00e9e par an aux alentours de 2050.<\/p>\n<p>Si nous regardons le sc\u00e9nario actuel, celui vers lequel nous nous dirigeons, celui d&rsquo;une plan\u00e8te 2,7 degr\u00e9s plus chaude \u00e0 la fin du si\u00e8cle, 3\u00a0000 glaciers dispara\u00eetront chaque ann\u00e9e entre 2040 et 2060. En 2100, seul un glacier sur cinq aura surv\u00e9cu. Parmi les premi\u00e8res r\u00e9gions touch\u00e9es\u00a0: les Alpes. Ce \u00ab\u00a0pic d&rsquo;extinction\u00a0\u00bb pourrait d\u00e9buter d\u00e8s 2035, c&rsquo;est dans 10 ans. Les glaciers alpins sont pour la plupart assez petits et donc plus fragiles.<\/p>\n<p>Parmi les cons\u00e9quences, la plus \u00e9vidente est la mont\u00e9e du niveau des oc\u00e9ans. Toute cette glace qui fond se retrouve dans nos mers. La fonte fragilise aussi nos montagnes. La glace est comme de la colle qui maintient les roches. Il y a donc un risque accru d&rsquo;\u00e9boulement, de glissement de terrain\u2026 Les fondations de certaines de nos constructions, en altitude, sont directement dans ces glaciers, ce qui repr\u00e9sente de nombreux dangers si la glace se fragilise.<\/p>\n<p><a href=\"https:\/\/www.franceinfo.fr\/environnement\/crise-climatique\/l-arctique-a-vecu-l-annee-la-plus-chaude-jamais-enregistree_7685185.html\" target=\"_self\" rel=\"noopener noreferrer nofollow\" data-tooltip-url=\"https:\/\/www.franceinfo.fr\/environnement\/crise-climatique\/l-arctique-a-vecu-l-annee-la-plus-chaude-jamais-enregistree_7685185.html\">Une autre \u00e9tude porte sur l&rsquo;Arctique qui souffre<\/a>. On ne parle pas de glaciers, c\u2019est-\u00e0-dire de glace sur la terre mais de banquise, la glace sur l&rsquo;eau. D&rsquo;octobre 2024 \u00e0 septembre 202, l&rsquo;Arctique &#8211;\u00a0au niveau du p\u00f4le Nord\u00a0&#8211; a connu des temp\u00e9ratures record\u00a0: 1,6 degr\u00e9 de plus que la moyenne, ce sont les chiffres de l&rsquo;Agence am\u00e9ricaine d&rsquo;observation oc\u00e9anique et atmosph\u00e9rique.<\/p>\n<p>Chaque ann\u00e9e, cette banquise atteint son maximum au mois de mars et, cette fois, le pic d&rsquo;\u00e9tendue a \u00e9t\u00e9 le plus faible jamais mesur\u00e9 en 40 ans de surveillance par satellite. Constat \u00ab\u00a0alarmant\u00a0\u00bb, tendance \u00ab\u00a0sans pr\u00e9c\u00e9dent \u00e0 l&rsquo;\u00e9poque r\u00e9cente et peut-\u00eatre depuis des milliers d&rsquo;ann\u00e9es\u00a0\u00bb, explique l&rsquo;un des co-auteur de l&rsquo;\u00e9tude, chercheur \u00e0 l&rsquo;Universit\u00e9 d&rsquo;Alaska.<\/p>\n<p>Cette fonte de la banquise menace \u00e9videmment les \u00e9cosyst\u00e8mes\u00a0: ours polaires, phoques, morses\u2026 Elle acc\u00e9l\u00e8re aussi le r\u00e9chauffement climatique. La glace, blanche, refl\u00e8te et renvoie l&rsquo;\u00e9nergie solaire et comme il y a de moins en moins de banquise, le ph\u00e9nom\u00e8ne faiblit. La fonte lib\u00e8re aussi de l&rsquo;eau douce dans l&rsquo;oc\u00e9an au risque, selon certaines \u00e9tudes, de perturber voire de faire s&rsquo;effondrer l&rsquo;Amoc dans les prochaines d\u00e9cennies, un courant oc\u00e9anique qui r\u00e9gule le climat et adoucit les hivers en Europe.<\/p>\n","protected":false},"excerpt":{"rendered":"Plus de 3\u00a0000 glaciers dispara\u00eetront entre 2040 et 2060 si la plan\u00e8te se r\u00e9chauffe de 2,7 degr\u00e9s \u00e0&hellip;\n","protected":false},"author":2,"featured_media":606613,"comment_status":"","ping_status":"","sticky":false,"template":"","format":"standard","meta":{"footnotes":""},"categories":[5],"tags":[11,1011,27,14,12,28],"class_list":{"0":"post-606612","1":"post","2":"type-post","3":"status-publish","4":"format-standard","5":"has-post-thumbnail","7":"category-international","8":"tag-actualites","9":"tag-fr","10":"tag-france","11":"tag-international","12":"tag-news","13":"tag-world"},"share_on_mastodon":{"url":"https:\/\/pubeurope.com\/@fr\/115738376073203773","error":""},"_links":{"self":[{"href":"https:\/\/www.europesays.com\/fr\/wp-json\/wp\/v2\/posts\/606612","targetHints":{"allow":["GET"]}}],"collection":[{"href":"https:\/\/www.europesays.com\/fr\/wp-json\/wp\/v2\/posts"}],"about":[{"href":"https:\/\/www.europesays.com\/fr\/wp-json\/wp\/v2\/types\/post"}],"author":[{"embeddable":true,"href":"https:\/\/www.europesays.com\/fr\/wp-json\/wp\/v2\/users\/2"}],"replies":[{"embeddable":true,"href":"https:\/\/www.europesays.com\/fr\/wp-json\/wp\/v2\/comments?post=606612"}],"version-history":[{"count":0,"href":"https:\/\/www.europesays.com\/fr\/wp-json\/wp\/v2\/posts\/606612\/revisions"}],"wp:featuredmedia":[{"embeddable":true,"href":"https:\/\/www.europesays.com\/fr\/wp-json\/wp\/v2\/media\/606613"}],"wp:attachment":[{"href":"https:\/\/www.europesays.com\/fr\/wp-json\/wp\/v2\/media?parent=606612"}],"wp:term":[{"taxonomy":"category","embeddable":true,"href":"https:\/\/www.europesays.com\/fr\/wp-json\/wp\/v2\/categories?post=606612"},{"taxonomy":"post_tag","embeddable":true,"href":"https:\/\/www.europesays.com\/fr\/wp-json\/wp\/v2\/tags?post=606612"}],"curies":[{"name":"wp","href":"https:\/\/api.w.org\/{rel}","templated":true}]}}