{"id":606616,"date":"2025-12-18T03:11:14","date_gmt":"2025-12-18T03:11:14","guid":{"rendered":"https:\/\/www.europesays.com\/fr\/606616\/"},"modified":"2025-12-18T03:11:14","modified_gmt":"2025-12-18T03:11:14","slug":"pro-d2-dax-thomas-medina-prend-provisoirement-la-presidence-du-club","status":"publish","type":"post","link":"https:\/\/www.europesays.com\/fr\/606616\/","title":{"rendered":"Pro D2 \u2013 Dax\u00a0: Thomas Medina prend provisoirement la pr\u00e9sidence du club"},"content":{"rendered":"<p>\n                Apr\u00e8s la d\u00e9mission de Benjamin Gufflet en fin de journ\u00e9e, comme pressenti ces derniers jours, l\u2019homme d\u2019affaires Thomas Medina a provisoirement \u00e9t\u00e9 nomm\u00e9 pr\u00e9sident du conseil d\u2019administration de l\u2019US Dax, au cours d\u2019une assembl\u00e9e g\u00e9n\u00e9rale qui s\u2019est tenue ce mercredi soir.\n            <\/p>\n<p>L\u2019US Dax a un nouveau patron. <a href=\"https:\/\/www.rugbyrama.fr\/2025\/12\/17\/pro-d2-dax-info-midol-benjamin-gufflet-va-quitter-la-presidence-13117097.php\" target=\"_self\" rel=\"noopener\"><strong>Apr\u00e8s la d\u00e9mission de Benjamin Gufflet<\/strong><\/a>, survenue plus t\u00f4t dans la journ\u00e9e, une assembl\u00e9e g\u00e9n\u00e9rale a eu lieu, \u00e0 18h30, au stade Maurice Boyau. Au cours de celle-ci, les actionnaires du club landais ont act\u00e9 la d\u00e9mission de <a href=\"https:\/\/www.rugbyrama.fr\/2025\/12\/15\/pro-d2-une-sanction-extremement-lourde-et-assez-incomprehensible-reagit-benjamin-gufflet-le-president-de-dax-13112365.php\" target=\"_self\" rel=\"noopener\"><strong>Benjamin Gufflet<\/strong><\/a>, avant de constituer un nouveau conseil d\u2019administration provisoire, avec huit membres.<\/p>\n<p><a href=\"https:\/\/www.rugbyrama.fr\/2025\/12\/16\/pro-d2-dax-recit-dune-journee-mouvementee-en-coulisses-vers-des-changements-a-la-tete-du-club-13114273.php\" target=\"_self\" rel=\"noopener\"><strong>Comme pressenti ces derniers jours<\/strong><\/a>, Thomas Medina, un entrepreneur landais, a \u00e9t\u00e9 \u00e9lu \u00e0 la t\u00eate de celui-ci. \u201cJ\u2019ai d\u00fb prendre la pr\u00e9sidence par int\u00e9rim\u201d, nous a-t-il confirm\u00e9 en d\u00e9but de soir\u00e9e. Medina (44 ans) est soutenu par plusieurs gros actionnaires historiques. \u201cIls ont voulu que j\u2019y aille. C\u2019est \u00e0 leur demande. J\u2019ai accept\u00e9 le challenge. Si eux pensent que je suis l\u2019homme de la situation, je vais l\u2019\u00eatre.\u201d<\/p>\n<p>Medina\u00a0: \u201cSi on arrive vraiment \u00e0 faire l\u2019union sacr\u00e9e, \u00e7a pourrait continuer avec moi\u201d<\/p>\n<p>Dans les jours \u00e0 venir, ce dernier va, avec ses \u00e9quipes, envoyer une nouvelle convocation pour une assembl\u00e9e g\u00e9n\u00e9rale extraordinaire (AGE), qui devrait se tenir dans deux semaines, d\u00e9but janvier\u00a02026, et au cours de laquelle un conseil d\u2019administration d\u00e9finitif sera \u00e9lu. Medina, qui va assurer l\u2019int\u00e9rim pendant la quinzaine, voudra-t-il conserver sa place \u00e0 la t\u00eate du club\u00a0? \u201cC\u2019est encore trop t\u00f4t pour le dire, assurait-il mercredi soir. On n\u2019a pas la photographie exacte des comptes du club, il y a, quand m\u00eame, pas mal de boulot \u00e0 fournir, mais si tout va bien et qu\u2019on arrive \u00e0, vraiment, faire l\u2019union sacr\u00e9e telle qu\u2019on l\u2019a dit entre nous, \u00e7a pourrait effectivement continuer avec moi.\u201d<\/p>\n<p>Dans la tourmente ces derni\u00e8res semaines, l\u2019US Dax et sa nouvelle gouvernance (provisoire) vont devoir, maintenant, plancher sur l\u2019appel \u00e0 formuler pour essayer de <a href=\"https:\/\/www.rugbyrama.fr\/2025\/12\/17\/pro-d2-vincent-etcheto-dax-il-y-a-de-la-colere-de-la-deception-mais-pas-de-jugement-13114750.php\" target=\"_self\" rel=\"noopener\"><strong>r\u00e9cup\u00e9rer des points au classement<\/strong><\/a>. Pour rappel, lundi, le club landais en a perdu\u00a0neuf, <a href=\"https:\/\/www.rugbyrama.fr\/2025\/12\/15\/pro-d2-dax-perd-tres-gros-beziers-et-biarritz-perdent-des-points-13110142.php\" target=\"_self\" rel=\"noopener\"><strong>sur d\u00e9cision de la commission de discipline et de r\u00e9gulation du rugby<\/strong><\/a>. L\u2019USD a d\u2019ores et d\u00e9j\u00e0 annonc\u00e9 faire appel. \u201cOn va avoir besoin de faire un gros audit pour pouvoir mettre en place des actions conform\u00e9ment \u00e0 ce qui est attendu, soulignait Medina. Le but, c\u2019est que l\u2019on retrouve de la s\u00e9r\u00e9nit\u00e9, que l\u2019on essaye de r\u00e9cup\u00e9rer des points et que l\u2019on soit, \u00e0 nouveau, dans ce que l\u2019on a de plus calme et de plus sinc\u00e8re, au club, depuis des ann\u00e9es.\u201d<\/p>\n<p>Sur le plan financier, combien faudra-t-il pour finir la saison\u00a0?<\/p>\n<p>Pour ce faire, l\u2019USD devra, aussi, rassurer l\u2019Autorit\u00e9 de R\u00e9gulation du Rugby (A2R). Apr\u00e8s avoir perdu quatorze points en six mois, Dax n\u2019a plus beaucoup de marge de man\u0153uvre. Lors de l\u2019assembl\u00e9e g\u00e9n\u00e9rale de ce mercredi soir, les comptes pr\u00e9sent\u00e9s aux actionnaires n\u2019ont pas \u00e9t\u00e9 approuv\u00e9s.<\/p>\n<p>Un peu plus t\u00f4t dans la journ\u00e9e, le fonds d\u2019investissement Source Private Assets, qui a propos\u00e9 un projet de reprise rejet\u00e9 par les actionnaires, a indiqu\u00e9 qu\u2019il faudrait \u201c\u00e0 br\u00e8ve \u00e9ch\u00e9ance\u201d disposer \u201cd\u2019a minima, 1\u00a0million d\u2019euros\u201d pour sauver le club. \u201cDes chiffres circulent, mais honn\u00eatement, je ne sais pas du tout, a assur\u00e9 Medina ce soir. Ce qu\u2019il me tarde, c\u2019est de me mettre au boulot, d\u2019avoir l\u2019exactitude de ce qui va nous tomber sur le nez et d\u2019attaquer, mais honn\u00eatement, \u00e7a ne me fait pas peur.\u201d<\/p>\n","protected":false},"excerpt":{"rendered":"Apr\u00e8s la d\u00e9mission de Benjamin Gufflet en fin de journ\u00e9e, comme pressenti ces derniers jours, l\u2019homme d\u2019affaires Thomas&hellip;\n","protected":false},"author":2,"featured_media":606617,"comment_status":"","ping_status":"","sticky":false,"template":"","format":"standard","meta":{"footnotes":""},"categories":[2],"tags":[11,1011,27,12,2308,68796],"class_list":{"0":"post-606616","1":"post","2":"type-post","3":"status-publish","4":"format-standard","5":"has-post-thumbnail","7":"category-actualites","8":"tag-actualites","9":"tag-fr","10":"tag-france","11":"tag-news","12":"tag-pro-d2","13":"tag-rugby-u00e0-xv"},"share_on_mastodon":{"url":"https:\/\/pubeurope.com\/@fr\/115738383746906714","error":""},"_links":{"self":[{"href":"https:\/\/www.europesays.com\/fr\/wp-json\/wp\/v2\/posts\/606616","targetHints":{"allow":["GET"]}}],"collection":[{"href":"https:\/\/www.europesays.com\/fr\/wp-json\/wp\/v2\/posts"}],"about":[{"href":"https:\/\/www.europesays.com\/fr\/wp-json\/wp\/v2\/types\/post"}],"author":[{"embeddable":true,"href":"https:\/\/www.europesays.com\/fr\/wp-json\/wp\/v2\/users\/2"}],"replies":[{"embeddable":true,"href":"https:\/\/www.europesays.com\/fr\/wp-json\/wp\/v2\/comments?post=606616"}],"version-history":[{"count":0,"href":"https:\/\/www.europesays.com\/fr\/wp-json\/wp\/v2\/posts\/606616\/revisions"}],"wp:featuredmedia":[{"embeddable":true,"href":"https:\/\/www.europesays.com\/fr\/wp-json\/wp\/v2\/media\/606617"}],"wp:attachment":[{"href":"https:\/\/www.europesays.com\/fr\/wp-json\/wp\/v2\/media?parent=606616"}],"wp:term":[{"taxonomy":"category","embeddable":true,"href":"https:\/\/www.europesays.com\/fr\/wp-json\/wp\/v2\/categories?post=606616"},{"taxonomy":"post_tag","embeddable":true,"href":"https:\/\/www.europesays.com\/fr\/wp-json\/wp\/v2\/tags?post=606616"}],"curies":[{"name":"wp","href":"https:\/\/api.w.org\/{rel}","templated":true}]}}