{"id":606618,"date":"2025-12-18T03:12:49","date_gmt":"2025-12-18T03:12:49","guid":{"rendered":"https:\/\/www.europesays.com\/fr\/606618\/"},"modified":"2025-12-18T03:12:49","modified_gmt":"2025-12-18T03:12:49","slug":"saint-etienne-gourmandises-et-musique-lors-de-la-2e-edition-des-farfadets","status":"publish","type":"post","link":"https:\/\/www.europesays.com\/fr\/606618\/","title":{"rendered":"Saint-\u00c9tienne. Gourmandises et musique lors de la 2e \u00e9dition des Farfadets"},"content":{"rendered":"<p>Samedi 13\u00a0d\u00e9cembre avait lieu la 2e \u00e9dition des Farfadets avec les partenaires de la Maison des quartiers du Soleil\u00a0: pochettes-surprises, id\u00e9e de cadeaux, cr\u00e9ations uniques, p\u00e2tisseries avec le DEAT (dispositif exp\u00e9rimental d\u2019accompagnement transitoire) \u00e9taient propos\u00e9s et bien s\u00fbr vin chaud, barbes \u00e0 papa et pop-corns et \u00e0 15\u00a0heures un spectacle enchanteur avec la compagnie Voici Voil\u00e0.<\/p>\n<p class=\"note\">Maison de quartier\u00a0: 24 rue Beaunier, 42\u00a0000\u00a0Saint-\u00c9tienne. T\u00e9l\u00e9phone\u00a0: 04.77.25.94.70.<\/p>\n","protected":false},"excerpt":{"rendered":"Samedi 13\u00a0d\u00e9cembre avait lieu la 2e \u00e9dition des Farfadets avec les partenaires de la Maison des quartiers du&hellip;\n","protected":false},"author":2,"featured_media":606619,"comment_status":"","ping_status":"","sticky":false,"template":"","format":"standard","meta":{"footnotes":""},"categories":[9653],"tags":[1111,11,2430,1687,7539,1777,674,1011,27,12,25,4001,7538],"class_list":{"0":"post-606618","1":"post","2":"type-post","3":"status-publish","4":"format-standard","5":"has-post-thumbnail","7":"category-saint-etienne","8":"tag-actu","9":"tag-actualites","10":"tag-auvergne-rhone-alpes","11":"tag-culture-loisirs","12":"tag-edition-loire-sud","13":"tag-eu","14":"tag-europe","15":"tag-fr","16":"tag-france","17":"tag-news","18":"tag-republique-francaise","19":"tag-saint-etienne","20":"tag-saint-etienne-ville"},"share_on_mastodon":{"url":"https:\/\/pubeurope.com\/@fr\/115738391509503175","error":""},"_links":{"self":[{"href":"https:\/\/www.europesays.com\/fr\/wp-json\/wp\/v2\/posts\/606618","targetHints":{"allow":["GET"]}}],"collection":[{"href":"https:\/\/www.europesays.com\/fr\/wp-json\/wp\/v2\/posts"}],"about":[{"href":"https:\/\/www.europesays.com\/fr\/wp-json\/wp\/v2\/types\/post"}],"author":[{"embeddable":true,"href":"https:\/\/www.europesays.com\/fr\/wp-json\/wp\/v2\/users\/2"}],"replies":[{"embeddable":true,"href":"https:\/\/www.europesays.com\/fr\/wp-json\/wp\/v2\/comments?post=606618"}],"version-history":[{"count":0,"href":"https:\/\/www.europesays.com\/fr\/wp-json\/wp\/v2\/posts\/606618\/revisions"}],"wp:featuredmedia":[{"embeddable":true,"href":"https:\/\/www.europesays.com\/fr\/wp-json\/wp\/v2\/media\/606619"}],"wp:attachment":[{"href":"https:\/\/www.europesays.com\/fr\/wp-json\/wp\/v2\/media?parent=606618"}],"wp:term":[{"taxonomy":"category","embeddable":true,"href":"https:\/\/www.europesays.com\/fr\/wp-json\/wp\/v2\/categories?post=606618"},{"taxonomy":"post_tag","embeddable":true,"href":"https:\/\/www.europesays.com\/fr\/wp-json\/wp\/v2\/tags?post=606618"}],"curies":[{"name":"wp","href":"https:\/\/api.w.org\/{rel}","templated":true}]}}