{"id":606626,"date":"2025-12-18T03:22:00","date_gmt":"2025-12-18T03:22:00","guid":{"rendered":"https:\/\/www.europesays.com\/fr\/606626\/"},"modified":"2025-12-18T03:22:00","modified_gmt":"2025-12-18T03:22:00","slug":"info-bfm-toulon-var-rct-le-lanceur-du-pilou-pilou-en-garde-a-vue-pour-viol-sur-conjointe-ou-ex-conjointe","status":"publish","type":"post","link":"https:\/\/www.europesays.com\/fr\/606626\/","title":{"rendered":"INFO BFM TOULON VAR. RCT: le lanceur du pilou-pilou en garde \u00e0 vue pour viol sur conjointe ou ex-conjointe"},"content":{"rendered":"<p class=\"mb-4 text-lg md:leading-8 break-words\"><a href=\"https:\/\/fr.news.yahoo.com\/sport\/toulon-fin-suspense-conna%C3%AEt-nouveau-140639262.html\" data-ylk=\"slk:C\u00e9dric Abellon;elm:context_link;itc:0;sec:content-canvas;outcm:mb_qualified_link;_E:mb_qualified_link;ct:story;\" class=\"link  yahoo-link\" rel=\"nofollow noopener\" target=\"_blank\">C\u00e9dric Abellon<\/a>, le lanceur du Pilou-Pilou du RCT \u00e0 Mayol, est en garde \u00e0 vue pour viol sur conjointe ou ex-conjointe. Selon <a href=\"https:\/\/www.bfmtv.com\/var\/\" rel=\"nofollow noopener\" target=\"_blank\" data-ylk=\"slk:les informations de BFM Toulon Var;elm:context_link;itc:0;sec:content-canvas\" class=\"link \">les informations de BFM Toulon Var<\/a>, il a \u00e9t\u00e9 interpell\u00e9 ce lundi matin \u00e0 son domicile. Il est en garde \u00e0 vue depuis ce lundi matin 10h au commissariat central de Toulon.<\/p>\n<p class=\"mb-4 text-lg md:leading-8 break-words\">\u00c0 l&rsquo;issue de ses 48h de garde \u00e0 vue, il devrait \u00eatre d\u00e9f\u00e9r\u00e9 ce mercredi matin au tribunal de Toulon. C\u00e9dric Abellon est une figure bien connue dans le Var et \u00e0 Toulon. C&rsquo;est lui qui avant chaque match du RCT \u00e0 Mayol lance le traditionnel Pilou-Pilou. Il a offici\u00e9 \u00e0 ce poste entre 2008 et 2019 avant de revenir en janvier dernier.<\/p>\n<p>Un personnage central \u00e0 Mayol<\/p>\n<p class=\"mb-4 text-lg md:leading-8 break-words\">C\u00e9dric Abellon (32 ans) avait succ\u00e9d\u00e9 \u00e0 Christophe Charaut en d\u00e9but d&rsquo;ann\u00e9e 2025. \u00ab\u00a0Le RCT m\u2019a contact\u00e9 pour savoir si je voulais revenir. On s\u2019est vus, et il n\u2019y avait pas de soucis. J\u2019avais moi-m\u00eame envie de le refaire depuis quelques ann\u00e9es. En fait, je crois que l\u2019ann\u00e9e apr\u00e8s avoir arr\u00eat\u00e9, j\u2019avais d\u00e9j\u00e0 envie de revenir\u00a0\u00bb, indiquait-il dans les colonnes de Var-Matin.<\/p>\n<p class=\"mb-4 text-lg md:leading-8 break-words\">Son retour \u00e9tait pl\u00e9biscit\u00e9 par les supporters toulonnais, si on en croit <a href=\"https:\/\/www.varmatin.com\/rugby\/rct-votre-favori-pour-lancer-le-pilou-pilou-au-stade-mayol--965862\" rel=\"nofollow noopener\" target=\"_blank\" data-ylk=\"slk:les sondages faits par Var-Matin;elm:context_link;itc:0;sec:content-canvas\" class=\"link \">les sondages faits par Var-Matin<\/a>. Lanceur du Pilou-Pilou au RCT depuis 2019, Charaut avait quitt\u00e9 son poste le 21 d\u00e9cembre 2024 \u00e0 l&rsquo;issue du match contre Pau (victoire 56-25). L&rsquo;int\u00e9ress\u00e9, qui a obtenu trois concessions de plage au Mourillon, regrettait des accusations de favoritisme \u00e0 son encontre gr\u00e2ce \u00e0 ses liens avec la mairie de Toulon.<\/p>\n<p class=\"mb-4 text-lg md:leading-8 break-words\"><a href=\"https:\/\/rmcsport.bfmtv.com\/rugby\/top-14\/toulon-le-lanceur-du-pilou-pilou-en-garde-a-vue-pour-viol-sur-conjointe-ou-ex-conjointe_AV-202512160683.html#xtor=AL-68\" rel=\"nofollow noopener\" target=\"_blank\" data-ylk=\"slk:Article original publi\u00e9 sur RMC Sport;elm:context_link;itc:0;sec:content-canvas\" class=\"link \">Article original publi\u00e9 sur RMC Sport<\/a><\/p>\n","protected":false},"excerpt":{"rendered":"C\u00e9dric Abellon, le lanceur du Pilou-Pilou du RCT \u00e0 Mayol, est en garde \u00e0 vue pour viol sur&hellip;\n","protected":false},"author":2,"featured_media":606627,"comment_status":"","ping_status":"","sticky":false,"template":"","format":"standard","meta":{"footnotes":""},"categories":[9619],"tags":[1111,11,13767,71804,14297,1777,674,1011,27,71572,12,882,3461,25,2310,71805],"class_list":{"0":"post-606626","1":"post","2":"type-post","3":"status-publish","4":"format-standard","5":"has-post-thumbnail","7":"category-toulon","8":"tag-actu","9":"tag-actualites","10":"tag-cedric","11":"tag-christophe-charaut","12":"tag-commissariat-central","13":"tag-eu","14":"tag-europe","15":"tag-fr","16":"tag-france","17":"tag-mayol","18":"tag-news","19":"tag-provence-alpes-cote-dazur","20":"tag-rct","21":"tag-republique-francaise","22":"tag-toulon","23":"tag-tribunal-de-toulon"},"share_on_mastodon":{"url":"https:\/\/pubeurope.com\/@fr\/115738427037876881","error":""},"_links":{"self":[{"href":"https:\/\/www.europesays.com\/fr\/wp-json\/wp\/v2\/posts\/606626","targetHints":{"allow":["GET"]}}],"collection":[{"href":"https:\/\/www.europesays.com\/fr\/wp-json\/wp\/v2\/posts"}],"about":[{"href":"https:\/\/www.europesays.com\/fr\/wp-json\/wp\/v2\/types\/post"}],"author":[{"embeddable":true,"href":"https:\/\/www.europesays.com\/fr\/wp-json\/wp\/v2\/users\/2"}],"replies":[{"embeddable":true,"href":"https:\/\/www.europesays.com\/fr\/wp-json\/wp\/v2\/comments?post=606626"}],"version-history":[{"count":0,"href":"https:\/\/www.europesays.com\/fr\/wp-json\/wp\/v2\/posts\/606626\/revisions"}],"wp:featuredmedia":[{"embeddable":true,"href":"https:\/\/www.europesays.com\/fr\/wp-json\/wp\/v2\/media\/606627"}],"wp:attachment":[{"href":"https:\/\/www.europesays.com\/fr\/wp-json\/wp\/v2\/media?parent=606626"}],"wp:term":[{"taxonomy":"category","embeddable":true,"href":"https:\/\/www.europesays.com\/fr\/wp-json\/wp\/v2\/categories?post=606626"},{"taxonomy":"post_tag","embeddable":true,"href":"https:\/\/www.europesays.com\/fr\/wp-json\/wp\/v2\/tags?post=606626"}],"curies":[{"name":"wp","href":"https:\/\/api.w.org\/{rel}","templated":true}]}}