{"id":606642,"date":"2025-12-18T03:35:32","date_gmt":"2025-12-18T03:35:32","guid":{"rendered":"https:\/\/www.europesays.com\/fr\/606642\/"},"modified":"2025-12-18T03:35:32","modified_gmt":"2025-12-18T03:35:32","slug":"breidablik-avant-strasbourg-un-vrai-defi-une-finale-pour-nous-et-nous-navons-rien-a-perdre-alsasports","status":"publish","type":"post","link":"https:\/\/www.europesays.com\/fr\/606642\/","title":{"rendered":"Breidablik avant Strasbourg : \u00ab Un vrai d\u00e9fi, une finale pour nous\u2026 et nous n\u2019avons rien \u00e0 perdre \u00bb \u2014 Alsa&rsquo;Sports"},"content":{"rendered":"<p>\u00c0 la veille du d\u00e9placement \u00e0 Strasbourg pour la derni\u00e8re journ\u00e9e de la phase de groupes de la Ligue Conf\u00e9rence, l\u2019entra\u00eeneur de Breidablik, \u00d3lafur Ingi Sk\u00falason, s\u2019est exprim\u00e9 sur le d\u00e9fi colossal qui attend son \u00e9quipe ce jeudi \u00e0 la Meinau. Pour le club islandais, la situation est simple :\u00a0<strong>il faudrait un petit miracle pour esp\u00e9rer se qualifier<\/strong>, ce qui transforme cette rencontre en v\u00e9ritable finale.<\/p>\n<p>Sk\u00falason l\u2019a reconnu d\u2019embl\u00e9e : son staff n\u2019a \u00ab peut-\u00eatre pas creus\u00e9 tr\u00e8s profond\u00e9ment \u00bb dans l\u2019analyse tactique, mais Breidablik conna\u00eet parfaitement la valeur de Strasbourg.<\/p>\n<blockquote class=\"wp-block-quote is-layout-flow wp-block-quote-is-layout-flow\">\n<p>\u00ab Bien s\u00fbr, nous les avons bien \u00e9tudi\u00e9s. Nous savons qu\u2019ils ont construit une \u00e9quipe solide, tr\u00e8s jeune, qui joue un football fantastique et qui performe tr\u00e8s bien depuis plusieurs ann\u00e9es en Ligue 1. \u00bb<\/p>\n<\/blockquote>\n<p>Pour lui, il n\u2019y a aucun doute quant \u00e0 l\u2019ampleur du d\u00e9fi :<\/p>\n<blockquote class=\"wp-block-quote is-layout-flow wp-block-quote-is-layout-flow\">\n<p>\u00ab C\u2019est un vrai test pour nous, un vrai d\u00e9fi. \u00bb<\/p>\n<\/blockquote>\n<p>Mais malgr\u00e9 l\u2019\u00e9cart de niveau et la difficult\u00e9 du contexte, Sk\u00falason veut croire en la possibilit\u00e9 d\u2019un exploit. Conscient que Breidablik n\u2019a plus rien \u00e0 perdre, il adopte un discours r\u00e9solument lib\u00e9r\u00e9 :<\/p>\n<blockquote class=\"wp-block-quote is-layout-flow wp-block-quote-is-layout-flow\">\n<p>\u00ab Comme H\u00f6skuldur l\u2019a dit pr\u00e9c\u00e9demment, nous sommes ici sans pression. Nous n\u2019avons rien \u00e0 perdre et nous allons jouer ce match \u00e0 fond. \u00bb<\/p>\n<\/blockquote>\n<p>Le coach islandais rappelle que, m\u00eame si les chances sont minces,\u00a0<strong>Breidablik joue ici son dernier espoir de continuer l\u2019aventure europ\u00e9enne<\/strong>.<br \/>Cette rencontre ressemble donc \u00e0 une finale pour son \u00e9quipe, qui esp\u00e8re profiter de cet instant pour tout donner, sans retenue.<\/p>\n","protected":false},"excerpt":{"rendered":"\u00c0 la veille du d\u00e9placement \u00e0 Strasbourg pour la derni\u00e8re journ\u00e9e de la phase de groupes de la&hellip;\n","protected":false},"author":2,"featured_media":606643,"comment_status":"","ping_status":"","sticky":false,"template":"","format":"standard","meta":{"footnotes":""},"categories":[2820],"tags":[1111,11,1777,674,1011,27,775,12,25,640],"class_list":{"0":"post-606642","1":"post","2":"type-post","3":"status-publish","4":"format-standard","5":"has-post-thumbnail","7":"category-strasbourg","8":"tag-actu","9":"tag-actualites","10":"tag-eu","11":"tag-europe","12":"tag-fr","13":"tag-france","14":"tag-grand-est","15":"tag-news","16":"tag-republique-francaise","17":"tag-strasbourg"},"share_on_mastodon":{"url":"https:\/\/pubeurope.com\/@fr\/115738478128292588","error":""},"_links":{"self":[{"href":"https:\/\/www.europesays.com\/fr\/wp-json\/wp\/v2\/posts\/606642","targetHints":{"allow":["GET"]}}],"collection":[{"href":"https:\/\/www.europesays.com\/fr\/wp-json\/wp\/v2\/posts"}],"about":[{"href":"https:\/\/www.europesays.com\/fr\/wp-json\/wp\/v2\/types\/post"}],"author":[{"embeddable":true,"href":"https:\/\/www.europesays.com\/fr\/wp-json\/wp\/v2\/users\/2"}],"replies":[{"embeddable":true,"href":"https:\/\/www.europesays.com\/fr\/wp-json\/wp\/v2\/comments?post=606642"}],"version-history":[{"count":0,"href":"https:\/\/www.europesays.com\/fr\/wp-json\/wp\/v2\/posts\/606642\/revisions"}],"wp:featuredmedia":[{"embeddable":true,"href":"https:\/\/www.europesays.com\/fr\/wp-json\/wp\/v2\/media\/606643"}],"wp:attachment":[{"href":"https:\/\/www.europesays.com\/fr\/wp-json\/wp\/v2\/media?parent=606642"}],"wp:term":[{"taxonomy":"category","embeddable":true,"href":"https:\/\/www.europesays.com\/fr\/wp-json\/wp\/v2\/categories?post=606642"},{"taxonomy":"post_tag","embeddable":true,"href":"https:\/\/www.europesays.com\/fr\/wp-json\/wp\/v2\/tags?post=606642"}],"curies":[{"name":"wp","href":"https:\/\/api.w.org\/{rel}","templated":true}]}}