{"id":606648,"date":"2025-12-18T03:38:27","date_gmt":"2025-12-18T03:38:27","guid":{"rendered":"https:\/\/www.europesays.com\/fr\/606648\/"},"modified":"2025-12-18T03:38:27","modified_gmt":"2025-12-18T03:38:27","slug":"mobilisation-pour-la-journee-internationale-des-migrants","status":"publish","type":"post","link":"https:\/\/www.europesays.com\/fr\/606648\/","title":{"rendered":"Mobilisation pour la Journ\u00e9e internationale des migrants"},"content":{"rendered":"<p>Le Collectif sans papiers 44 (CSP 44) organise une journ\u00e9e de gr\u00e8ve et de manifestations pour la journ\u00e9e internationale des migrants, avec le soutien des syndicats de travailleurs, des associations, de syndicats d\u2019avocats et de magistrats et de divers collectifs. De semblables initiatives auront lieu dans l\u2019ensemble de la France sous l\u2019\u00e9gide de la Marche des solidarit\u00e9s.<\/p>\n<p>Manifestation \u00e0 17\u00a0h\u00a030<\/p>\n<p>\u00c0 Nantes, le programme est le suivant\u00a0: 10\u00a0h, rassemblement au miroir d\u2019eau, suivi du traditionnel match de foot sur le terrain du Bouffay\u00a0; 12\u00a0h, cantine de rue\u00a0; 17\u00a0h\u00a030, manifestation\u00a0; 19\u00a0h, repas, concert \u00e0 la salle du Claj (club loisirs action jeunesse) de Chantenay, 20 rue Dupleix.<\/p>\n<p>Les participants demandent \u00a0l\u2019abrogation imm\u00e9diate de la loi Darmanin et des circulaires Retailleau, l\u2019\u00e9galit\u00e9 des droits de toutes et tous, \u00e0 l\u2019\u00e9cole, au logement, \u00e0 la sant\u00e9, \u00e0 la culture, au travail, la r\u00e9gularisation des sans-papiers, la fermeture des centres de r\u00e9tention administrative (CRA), la justice sociale et la solidarit\u00e9, contre le racisme et le fascisme\u00a0\u00bb.<\/p>\n<p>\u00a0<\/p>\n","protected":false},"excerpt":{"rendered":"Le Collectif sans papiers 44 (CSP 44) organise une journ\u00e9e de gr\u00e8ve et de manifestations pour la journ\u00e9e&hellip;\n","protected":false},"author":2,"featured_media":606649,"comment_status":"","ping_status":"","sticky":false,"template":"","format":"standard","meta":{"footnotes":""},"categories":[2818],"tags":[1111,11,1777,674,1011,27,26529,3465,1251,10234,766,12,2636,25],"class_list":{"0":"post-606648","1":"post","2":"type-post","3":"status-publish","4":"format-standard","5":"has-post-thumbnail","7":"category-nantes","8":"tag-actu","9":"tag-actualites","10":"tag-eu","11":"tag-europe","12":"tag-fr","13":"tag-france","14":"tag-internationale","15":"tag-journee","16":"tag-migrants","17":"tag-mobilisation","18":"tag-nantes","19":"tag-news","20":"tag-pays-de-la-loire","21":"tag-republique-francaise"},"share_on_mastodon":{"url":"https:\/\/pubeurope.com\/@fr\/115738489962793455","error":""},"_links":{"self":[{"href":"https:\/\/www.europesays.com\/fr\/wp-json\/wp\/v2\/posts\/606648","targetHints":{"allow":["GET"]}}],"collection":[{"href":"https:\/\/www.europesays.com\/fr\/wp-json\/wp\/v2\/posts"}],"about":[{"href":"https:\/\/www.europesays.com\/fr\/wp-json\/wp\/v2\/types\/post"}],"author":[{"embeddable":true,"href":"https:\/\/www.europesays.com\/fr\/wp-json\/wp\/v2\/users\/2"}],"replies":[{"embeddable":true,"href":"https:\/\/www.europesays.com\/fr\/wp-json\/wp\/v2\/comments?post=606648"}],"version-history":[{"count":0,"href":"https:\/\/www.europesays.com\/fr\/wp-json\/wp\/v2\/posts\/606648\/revisions"}],"wp:featuredmedia":[{"embeddable":true,"href":"https:\/\/www.europesays.com\/fr\/wp-json\/wp\/v2\/media\/606649"}],"wp:attachment":[{"href":"https:\/\/www.europesays.com\/fr\/wp-json\/wp\/v2\/media?parent=606648"}],"wp:term":[{"taxonomy":"category","embeddable":true,"href":"https:\/\/www.europesays.com\/fr\/wp-json\/wp\/v2\/categories?post=606648"},{"taxonomy":"post_tag","embeddable":true,"href":"https:\/\/www.europesays.com\/fr\/wp-json\/wp\/v2\/tags?post=606648"}],"curies":[{"name":"wp","href":"https:\/\/api.w.org\/{rel}","templated":true}]}}