{"id":606654,"date":"2025-12-18T03:41:26","date_gmt":"2025-12-18T03:41:26","guid":{"rendered":"https:\/\/www.europesays.com\/fr\/606654\/"},"modified":"2025-12-18T03:41:26","modified_gmt":"2025-12-18T03:41:26","slug":"le-puy-bordeaux-sur-quelle-chaine-et-comment-regarder-le-match-des-girondins-en-coupe-de-france","status":"publish","type":"post","link":"https:\/\/www.europesays.com\/fr\/606654\/","title":{"rendered":"Le Puy-Bordeaux : sur quelle cha\u00eene et comment regarder le match des Girondins en Coupe de France ?"},"content":{"rendered":"<p><img decoding=\"async\" src=\"https:\/\/www.europesays.com\/fr\/wp-content\/uploads\/2025\/08\/671_4f675f2a275942bc173ef80e3b72ea2d.jpg\" alt=\"Le Puy-Bordeaux : sur quelle cha\u00eene et comment regarder le match des Girondins en Coupe de France ?\" class=\"img-responsive mt-3\"\/><\/p>\n<p class=\"text-center mb-3\" style=\"font-size: 14px\">\u00a9 Iconsport<\/p>\n<p>      <strong>Le match sur beIN SPORTS Max, avant-match et D\u00e9brief \u00e0 Chaud sur WebGirondins<\/strong><\/p>\n<p style=\"text-align: justify;\">\u00a0<\/p>\n<p style=\"text-align: justify;\">Pour cette derni\u00e8re rencontre de l&rsquo;ann\u00e9e 2025 qui se joue \u00e0 l&rsquo;ext\u00e9rieur devant les supporters, la seule fa\u00e7on de voir le match si vous n&rsquo;\u00eates pas au stade est de le regarder sur beIN SPORTS. Le cha\u00eene payante diffuse en int\u00e9gralit\u00e9 la rencontre sur le canal Max. Le match est aussi retransmis dans le Multiplex de 17h30.<\/p>\n<p style=\"text-align: justify;\">De plus, nous vous proposons un avant-match en direct \u00e0 16h50 sur WebGirondins, puis un live texte d\u00e8s 17h25, et le D\u00e9brief \u00e0 Chaud du match d\u00e8s 19h30 en live sur <a href=\"https:\/\/www.youtube.com\/channel\/UCkyRgJ6uhixmPRaSKiEI9aw?view_as=subscriber\" target=\"_blank\" rel=\"noopener nofollow\">notre cha\u00eene YouTube<\/a> avec les r\u00e9actions en direct d\u00e8s le coup de sifflet final.<\/p>\n<p style=\"text-align: justify;\">\u00c0 lire &gt;&gt; <strong><a href=\"https:\/\/www.webgirondins.com\/actualite-girondins-ex-girondins-jacques-ekomie-brise-le-silence-sur-les-critiques-subies-a-bordeaux-131500\" target=\"_blank\" rel=\"noopener nofollow\">Ex-Girondins : Jacques \u00c9komi\u00e9 brise le silence sur les critiques subies \u00e0 Bordeaux<\/a><\/strong><\/p>\n<p><strong><br \/><\/strong>Notre podcast court sur l&rsquo;actu des Girondins :<\/p>\n<p>\u00a0<\/p>\n<p>\u00a0<\/p>\n<p>R\u00e9\u00e9dition article du 15 d\u00e9cembre 2025.<\/p>\n<p>\u00a0<\/p>\n","protected":false},"excerpt":{"rendered":"\u00a9 Iconsport Le match sur beIN SPORTS Max, avant-match et D\u00e9brief \u00e0 Chaud sur WebGirondins \u00a0 Pour cette&hellip;\n","protected":false},"author":2,"featured_media":333091,"comment_status":"","ping_status":"","sticky":false,"template":"","format":"standard","meta":{"footnotes":""},"categories":[2817],"tags":[1111,11,1997,3839,20,615,49832,6664,1777,674,2823,2396,2257,1011,27,1987,10433,71806,955,12,2219,3837,10432,25,2858,71807],"class_list":{"0":"post-606654","1":"post","2":"type-post","3":"status-publish","4":"format-standard","5":"has-post-thumbnail","7":"category-bordeaux","8":"tag-actu","9":"tag-actualites","10":"tag-bordeaux","11":"tag-chaine","12":"tag-comment","13":"tag-coupe","14":"tag-decembre","15":"tag-dimanche","16":"tag-eu","17":"tag-europe","18":"tag-face","19":"tag-finale","20":"tag-foot","21":"tag-fr","22":"tag-france","23":"tag-girondins","24":"tag-jouent","25":"tag-massot","26":"tag-match","27":"tag-news","28":"tag-nouvelle-aquitaine","29":"tag-quelle","30":"tag-regarder","31":"tag-republique-francaise","32":"tag-stade","33":"tag-velay"},"share_on_mastodon":{"url":"https:\/\/pubeurope.com\/@fr\/115738502582373352","error":""},"_links":{"self":[{"href":"https:\/\/www.europesays.com\/fr\/wp-json\/wp\/v2\/posts\/606654","targetHints":{"allow":["GET"]}}],"collection":[{"href":"https:\/\/www.europesays.com\/fr\/wp-json\/wp\/v2\/posts"}],"about":[{"href":"https:\/\/www.europesays.com\/fr\/wp-json\/wp\/v2\/types\/post"}],"author":[{"embeddable":true,"href":"https:\/\/www.europesays.com\/fr\/wp-json\/wp\/v2\/users\/2"}],"replies":[{"embeddable":true,"href":"https:\/\/www.europesays.com\/fr\/wp-json\/wp\/v2\/comments?post=606654"}],"version-history":[{"count":0,"href":"https:\/\/www.europesays.com\/fr\/wp-json\/wp\/v2\/posts\/606654\/revisions"}],"wp:featuredmedia":[{"embeddable":true,"href":"https:\/\/www.europesays.com\/fr\/wp-json\/wp\/v2\/media\/333091"}],"wp:attachment":[{"href":"https:\/\/www.europesays.com\/fr\/wp-json\/wp\/v2\/media?parent=606654"}],"wp:term":[{"taxonomy":"category","embeddable":true,"href":"https:\/\/www.europesays.com\/fr\/wp-json\/wp\/v2\/categories?post=606654"},{"taxonomy":"post_tag","embeddable":true,"href":"https:\/\/www.europesays.com\/fr\/wp-json\/wp\/v2\/tags?post=606654"}],"curies":[{"name":"wp","href":"https:\/\/api.w.org\/{rel}","templated":true}]}}