{"id":606655,"date":"2025-12-18T03:42:13","date_gmt":"2025-12-18T03:42:13","guid":{"rendered":"https:\/\/www.europesays.com\/fr\/606655\/"},"modified":"2025-12-18T03:42:13","modified_gmt":"2025-12-18T03:42:13","slug":"le-medef-31-veut-influencer-davantage-la-prochaine-mairie","status":"publish","type":"post","link":"https:\/\/www.europesays.com\/fr\/606655\/","title":{"rendered":"le Medef 31 veut influencer davantage la prochaine mairie"},"content":{"rendered":"<p>Ils veulent que leurs voix se fassent fortement entendre dans la campagne \u00e9lectorale toulousaine. Les  chefs d\u2019entreprises, membres du Medef 31 ont, <a href=\"https:\/\/www.touleco.fr\/Municipales-a-Toulouse-le-Medef-31-veut-etre-acteur-de-la,47431\" class=\"spip_in\" target=\"_blank\" rel=\"noopener\">comme annonc\u00e9 en juillet<\/a>, d\u00e9voil\u00e9 en cette fin d\u2019ann\u00e9e leurs recommandations \u00e9conomiques\u00a0[<a href=\"#nb1\" class=\"spip_note\" rel=\"appendix\" title=\"Ses propositions sont le fruit d\u2019environ huit mois de travail d\u2019une\u00a0(\u2026)\" id=\"nh1\">1<\/a>] aux candidats aux \u00e9lections municipales qui auront lieu dans trois mois.<\/p>\n<p>Parmi les diff\u00e9rentes mesures class\u00e9es en quatre th\u00e9matiques (dynamique \u00e9conomique, fiscalit\u00e9 et gouvernance \u00e9conomique, urbanisme et am\u00e9nagement, attractivit\u00e9 et rayonnement), plusieurs requ\u00eates sont particuli\u00e8rement mises en avant par l\u2019organisation patronale. C\u2019est le cas tout d\u2019abord de \u00ab\u00a0la mise en place d\u2019un conseil strat\u00e9gique \u00e9conomie-fiscalit\u00e9\u00a0\u00bb qui pourrait r\u00e9unir \u00e9lus, entreprises, syndicats patronaux et salari\u00e9s pour d\u00e9battre de la politique \u00e9conomique mise en place dans la collectivit\u00e9. \u00ab\u00a0Nous estimons que c\u2019est l\u00e9gitime de nous associer aux grandes d\u00e9cisions \u00e9conomiques, car nous participons de mani\u00e8re tr\u00e8s importante \u00e0 la fiscalit\u00e9 locale\u00a0\u00bb, estime St\u00e9phane Carcenac, le tr\u00e9sorier du Medef Haute-Garonne.<\/p>\n<p>Mobilit\u00e9 et Small Business Act renforc\u00e9<\/p>\n<p>Dans le m\u00eame ordre d\u2019id\u00e9e, l\u2019organisation aimerait int\u00e9grer la gouvernance d\u00e9cisionnaire des autorit\u00e9s organisatrices des mobilit\u00e9s, soit Tiss\u00e9o, dans la m\u00e9tropole toulousaine. \u00ab\u00a0Il faudrait de meilleures dessertes entre les zones d\u2019habitat et d\u2019emploi. En \u00e9change de notre versement mobilit\u00e9, nous aimerions avoir davantage notre mot \u00e0 dire. Nous voulons dire aux collectivit\u00e9s que nous pouvons collaborer ensemble. Nous leur proposons un jeu de go, pas de jouer \u00e0 un jeu d\u2019\u00e9checs\u00a0\u00bb, assure dans une m\u00e9taphore ludique C\u00e9line Bon, pr\u00e9sidente de <a href=\"https:\/\/www.touleco.fr\/+-Prevaly-+\" class=\"spip_in\" target=\"_blank\" rel=\"noopener\">Pr\u00e9valy<\/a> et membre du bureau du Medef 31.<\/p>\n<p>Autre proposition importante, \u00ab\u00a0faciliter l\u2019acc\u00e8s au <a href=\"https:\/\/www.touleco.fr\/Marches-publics-Le-Small-business-act-a-la-toulousaine-favorise,23931\" class=\"spip_in\" target=\"_blank\" rel=\"noopener\">Small Business Act<\/a> \u00e0 l\u2019ensemble des secteurs d\u2019activit\u00e9s\u00a0\u00bb. Cette charte des march\u00e9s publics, lanc\u00e9e en 2014 dans le but de faciliter l\u2019acc\u00e8s des petites et moyennes entreprises locales \u00e0 la commande publique, pourrait \u00ab\u00a0\u00eatre renforc\u00e9e\u00a0\u00bb selon le Medef. \u00ab\u00a0Cela marche dans le b\u00e2timent ou pour l\u2019artisanat. Il faudrait trouver les moyens pour que \u00e7a fonctionne mieux dans le commerce par exemple\u00a0\u00bb, consid\u00e8re Thomas Fantini, le vice-pr\u00e9sident tourisme, \u00e9v\u00e9nementiel et alimentation de l\u2019organisation.<\/p>\n<p> <a href=\"https:\/\/www.touleco.fr\/IMG\/jpg\/f\/0\/7\/medef_6.jpg\" class=\"spip_doc_lien mediabox\" type=\"image\/jpeg\" target=\"_blank\" rel=\"noopener\"><br \/>\n\t\t<img loading=\"lazy\" decoding=\"async\" src=\"https:\/\/www.europesays.com\/fr\/wp-content\/uploads\/2025\/12\/4e15de8e2fe098c167ed11efc2cc71.webp\" width=\"650\" height=\"489\" alt=\"\"\/><\/a><\/p>\n<p>\u00c0 noter \u00e9galement le soutien au \u00ab\u00a0d\u00e9ploiement d\u2019une marque Toulouse Universit\u00e9 pour attirer les meilleurs \u00e9tudiants et alternants et leur donner envie de rester travailler \u00e0 Toulouse\u00a0\u00bb. \u00ab\u00a0R\u00e9unir acteurs publics et priv\u00e9s autour de cet objectif, ce n\u2019est pas facile. Mais il faut arr\u00eater de bosser en silos. Si on veut peser davantage internationalement, il va falloir r\u00e9fl\u00e9chir ensemble et diff\u00e9remment\u00a0\u00bb, affirme St\u00e9phane Carcenac, le dirigeant de Carmine Toulouse.<\/p>\n<p>\u00ab\u00a0Un pacte de gouvernance avec la future \u00e9quipe \u00e9lue \u00e0 Toulouse\u00a0\u00bb<\/p>\n<p>Bien que qualifiant sa d\u00e9marche de \u00ab\u00a0non politique\u00a0\u00bb, le Medef de Haute-Garonne a toutefois exprim\u00e9 des pr\u00e9f\u00e9rences parmi les partis candidats aux \u00e9lections \u00e0 Toulouse. \u00ab\u00a0M\u00eame si nous n\u2019\u00e9tions pas d\u2019accord sur tout, nous avons r\u00e9ussi \u00e0 cr\u00e9er un vrai dialogue avec l\u2019\u00e9quipe sortante. Et nous n\u2019avons pas peur d\u2019une alternance, si elle est mod\u00e9r\u00e9e. Par contre, nous estimons que la France Insoumise ne doit pas faire partie d\u2019une majorit\u00e9 municipale. C\u2019est un parti qui va l\u2019encontre de nos mod\u00e8les \u00e9conomiques\u00a0\u00bb, d\u00e9clare Pierre-Olivier Nau, le pr\u00e9sident du Medef de Haute-Garonne.<\/p>\n<p>Le syndicat patronal a toutefois envoy\u00e9 une invitation \u00e0 l\u2019ensemble des candidats pour dialoguer autour de leurs programmes et souhaite organiser une grande soir\u00e9e d\u00e9bat avec les listes qualifi\u00e9es au second tour. \u00ab\u00a0Nous cherchons \u00e0 construire un pacte de gouvernance avec la future \u00e9quipe \u00e9lue\u00a0\u00bb, r\u00e9sume St\u00e9phane Carcenac. En attendant, les Toulousains vont se rendre aux urnes les 15 et 22\u00a0mars. Et dans l\u2019isoloir, l\u2019influence sur le r\u00e9sultat est \u00e9galitaire. Qu\u2019on soit patron ou pas, un homme ou une femme \u00e9gale une voix. <br class=\"autobr\"\/><br \/>\nMatthas Hardoy<\/p>\n<p>Sur les photos\u00a0: <br class=\"autobr\"\/><br \/>\nEn haut\u00a0: Pierre-Olivier Nau, le pr\u00e9sident du Medef 31. Photo Archives R\u00e9my Gabalda &#8211; Toul\u00c9co. <br class=\"autobr\"\/><br \/>\nEn bas\u00a0: St\u00e9phane Carcenac, le tr\u00e9sorier du Medef Haute-Garonne, Thomas Fantini, son vice-pr\u00e9sident tourisme, \u00e9v\u00e9nementiel et alimentation, Pierre-Olivier Nau, le pr\u00e9sident du Medef 31, et C\u00e9line Bon, pr\u00e9sidente de Pr\u00e9valy et membre du bureau du Medef 31 lors de la conf\u00e9rence de presse du mercredi 17\u00a0d\u00e9cembre 2025. Cr\u00e9dit\u00a0: M.H. &#8211; Toul\u00c9co.<\/p>\n<p>Notes<\/p>\n<p>[<a href=\"#nh1\" class=\"spip_note\" title=\"Notes 1\" rev=\"appendix\">1<\/a>]\u00a0Ses propositions sont le fruit d\u2019environ huit mois de travail d\u2019une commission d\u2019une trentaine de personnes sous la houlette de Thomas Fantini. La commission a envoy\u00e9 un questionnaire \u00e0 l\u2019ensemble de ses adh\u00e9rents et a re\u00e7u des repr\u00e9sentants de ses diff\u00e9rentes f\u00e9d\u00e9rations de m\u00e9tiers.<\/p>\n","protected":false},"excerpt":{"rendered":"Ils veulent que leurs voix se fassent fortement entendre dans la campagne \u00e9lectorale toulousaine. Les chefs d\u2019entreprises, membres&hellip;\n","protected":false},"author":2,"featured_media":606656,"comment_status":"","ping_status":"","sticky":false,"template":"","format":"standard","meta":{"footnotes":""},"categories":[2816],"tags":[1111,11,1777,674,1011,27,12858,66434,12,2680,316,25,2312,1090],"class_list":{"0":"post-606655","1":"post","2":"type-post","3":"status-publish","4":"format-standard","5":"has-post-thumbnail","7":"category-toulouse","8":"tag-actu","9":"tag-actualites","10":"tag-eu","11":"tag-europe","12":"tag-fr","13":"tag-france","14":"tag-mairie-de-toulouse","15":"tag-medef-31","16":"tag-news","17":"tag-occitanie","18":"tag-politique","19":"tag-republique-francaise","20":"tag-toulouse","21":"tag-toulouse-metropole"},"share_on_mastodon":{"url":"https:\/\/pubeurope.com\/@fr\/115738506453079039","error":""},"_links":{"self":[{"href":"https:\/\/www.europesays.com\/fr\/wp-json\/wp\/v2\/posts\/606655","targetHints":{"allow":["GET"]}}],"collection":[{"href":"https:\/\/www.europesays.com\/fr\/wp-json\/wp\/v2\/posts"}],"about":[{"href":"https:\/\/www.europesays.com\/fr\/wp-json\/wp\/v2\/types\/post"}],"author":[{"embeddable":true,"href":"https:\/\/www.europesays.com\/fr\/wp-json\/wp\/v2\/users\/2"}],"replies":[{"embeddable":true,"href":"https:\/\/www.europesays.com\/fr\/wp-json\/wp\/v2\/comments?post=606655"}],"version-history":[{"count":0,"href":"https:\/\/www.europesays.com\/fr\/wp-json\/wp\/v2\/posts\/606655\/revisions"}],"wp:featuredmedia":[{"embeddable":true,"href":"https:\/\/www.europesays.com\/fr\/wp-json\/wp\/v2\/media\/606656"}],"wp:attachment":[{"href":"https:\/\/www.europesays.com\/fr\/wp-json\/wp\/v2\/media?parent=606655"}],"wp:term":[{"taxonomy":"category","embeddable":true,"href":"https:\/\/www.europesays.com\/fr\/wp-json\/wp\/v2\/categories?post=606655"},{"taxonomy":"post_tag","embeddable":true,"href":"https:\/\/www.europesays.com\/fr\/wp-json\/wp\/v2\/tags?post=606655"}],"curies":[{"name":"wp","href":"https:\/\/api.w.org\/{rel}","templated":true}]}}