{"id":606659,"date":"2025-12-18T03:44:19","date_gmt":"2025-12-18T03:44:19","guid":{"rendered":"https:\/\/www.europesays.com\/fr\/606659\/"},"modified":"2025-12-18T03:44:19","modified_gmt":"2025-12-18T03:44:19","slug":"appel-a-un-renouveau-soutien-de-gerald-darmanin-les-reactions-suite-a-la-demission-de-damien-castelain","status":"publish","type":"post","link":"https:\/\/www.europesays.com\/fr\/606659\/","title":{"rendered":"Appel \u00e0 un \u00ab renouveau \u00bb, soutien de G\u00e9rald Darmanin\u2026 Les r\u00e9actions suite \u00e0 la d\u00e9mission de Damien Castelain"},"content":{"rendered":"<p>                    Par<br \/>\n        <strong><br \/>\n            <a href=\"https:\/\/actu.fr\/auteur\/margot-nicodeme\" title=\"Consulter tous les articles de Margot Nicod\u00e8me\" target=\"_blank\" rel=\"noopener\">Margot Nicod\u00e8me<\/a><br \/>\n                    <\/strong><\/p>\n<p>        Publi\u00e9 le<\/p>\n<p>            17 d\u00e9c. 2025 \u00e0 10h43        <\/p>\n<p>Damien Castelain a <b>perdu la pr\u00e9sidence de la M\u00e9tropole europ\u00e9enne de Lille <\/b>(Nord), apr\u00e8s 11\u00a0ann\u00e9es en poste. Mardi 16\u00a0d\u00e9cembre, la Cour d\u2019appel de Douai l\u2019a reconnu <a href=\"https:\/\/actu.fr\/hauts-de-france\/lille_59350\/damien-castelain-condamne-en-appel-le-president-de-la-metropole-europeenne-de-lille-va-quitter-ses-fonctions_63584248.html\" target=\"_blank\" rel=\"noopener\">coupable d\u2019abus de confiance, de recel et de d\u00e9tournement de fonds publics<\/a>, le condamnant \u00e0<b> <\/b>18\u00a0mois de prison avec sursis, 20\u2009000\u00a0euros d\u2019amende et <b>deux ans d\u2019in\u00e9ligibilit\u00e9 avec ex\u00e9cution provisoire<\/b>. Les r\u00e9actions politiques ne se sont pas fait attendre, de la part d\u2019<b>\u00e9lus si\u00e9geant au conseil m\u00e9tropolitain<\/b>, jusqu\u2019au<b> garde des Sceaux<\/b>.<\/p>\n<p>\u00ab\u2009Qu\u2019il soit assur\u00e9 de mon soutien\u2009\u00bb, une \u00ab\u2009lourde page\u2009\u00bb \u00e0 tourner\u2026 Les r\u00e9actions \u00e0 la d\u00e9mission de Damien Castelain<\/p>\n<p class=\" wall-content\">G\u00e9rald Darmanin a <a href=\"https:\/\/x.com\/GDarmanin\/status\/2000944189593268547\">ainsi exprim\u00e9, sur X<\/a>, une \u00ab<b>\u2009pens\u00e9e plus qu\u2019amicale pour Damien Castelain<\/b>\u2009\u00bb, qu\u2019il d\u00e9crit comme \u00ab\u2009un grand pr\u00e9sident\u2009\u00bb et un \u00ab\u2009maire passionn\u00e9 de P\u00e9ronne-en-M\u00e9lantois\u2009\u00bb. \u00c0 noter que Damien Castelain est aussi d\u00e9mis de son mandat de maire. Le ministre de la Justice poursuit\u2009: \u00ab\u2009Qu\u2019il soit assur\u00e9 de mon soutien dans ce moment difficile pour lui, sa famille, ses coll\u00e8gues \u00e9lus de MPC [M\u00e9tropole Passions Communes] ses collaborateurs et pour les agents de la MEL\u2009\u00bb.<\/p>\n<p class=\" wall-content\">Le s\u00e9nateur nordiste UDI Olivier Henno dit sa \u00ab\u2009tristesse\u2009\u00bb pour l\u2019ancien pr\u00e9sident DVD, auquel il associe un \u00ab\u2009bon travail\u2009\u00bb ex\u00e9cut\u00e9 \u00e0 la MEL.<\/p>\n<p class=\" wall-content\">\n<p class=\" wall-content\">Parmi les \u00e9lus m\u00e9tropolitains, les \u00c9cologistes ont \u00e9t\u00e9 les premiers, par voie de communiqu\u00e9, \u00e0 commenter ce s\u00e9isme politique. Ils ont appel\u00e9 \u00e0 un \u00ab<b>\u2009renouveau dans la mani\u00e8re d\u2019exercer un mandat<\/b> d\u2019\u00e9lu.es\u2009\u00bb, sur la base d\u2019une \u00ab\u2009transparence totale\u2009\u00bb. \u00ab\u2009Un mandat politique doit \u00eatre pleinement consacr\u00e9 \u00e0 l\u2019int\u00e9r\u00eat g\u00e9n\u00e9ral et ne pas servir \u00e0 enrichir un h\u00e9ritage personnel\u2009\u00bb, \u00e9crit St\u00e9phane Baly.<\/p>\n<p class=\" wall-content\">Le groupe de gauche G\u00e9n\u00e9ration. s parle de \u00ab\u2009faits qui entachent gravement l\u2019image de la M\u00e9tropole mais aussi de la politique\u2009\u00bb et d\u2019un \u00ab\u2009feuilleton qui a trop dur\u00e9\u2009\u00bb. Ils \u00e9voquent un \u00ab\u2009pr\u00e9sident Castelain [qui] a voulu garder son poste \u00e0 tout prix\u2009\u00bb, et invitent \u00e0 \u00ab<b>\u2009tourner cette lourde page <\/b>pour la MEL et ses habitant\u00b7e\u00b7s\u2009\u00bb.<\/p>\n<p class=\" wall-content\">Les \u00e9lus de M\u00e9tropole Durable et Solidaire, de leur c\u00f4t\u00e9, indiquent ne pas vouloir commenter la d\u00e9cision de justice, et se projettent plut\u00f4t\u2009: \u00ab\u2009Lorsque la question de l\u2019\u00e9lection d\u2019un nouveau pr\u00e9sident de la m\u00e9tropole et de son ex\u00e9cutif sera pos\u00e9e, notre groupe prendra ses responsabilit\u00e9s\u2009\u00bb.<\/p>\n<p class=\" wall-content\">https:\/\/x.com\/METROPOLEDS\/status\/2000996585493193203\/photo\/1<\/p>\n<p>Votre r\u00e9gion, votre actu !<\/p>\n<p>Recevez chaque jour les infos qui comptent pour vous.<\/p>\n<p>\t<a href=\"https:\/\/actu.fr\/newsletter\" class=\"ac-btn ac-btn--corner ac-btn--medium ac-btn--blue800\" target=\"_blank\" rel=\"noopener\">S&rsquo;incrire<\/a><br \/>\nUne \u00e9lection pour d\u00e9signer un nouvel ex\u00e9cutif en janvier\u00a02026<\/p>\n<p class=\" wall-content\">Quelle suite, justement\u2009? Damien Castelain \u00e9tant d\u00e9mis de tous ses mandats \u00e9lectifs au sein de la MEL, c\u2019est le premier vice-pr\u00e9sident, Eric Skyronka (maire de Sailly-lez-Lannoy) qui prend les r\u00eanes de l\u2019institution. Le conseil m\u00e9tropolitain pr\u00e9vu ce vendredi 19\u00a0d\u00e9cembre est maintenu avec un ordre du jour inchang\u00e9.<\/p>\n<p class=\" wall-content\">Une nouvelle \u00e9lection du pr\u00e9sident de la M\u00e9tropole europ\u00e9enne de Lille se tiendra au mois de janvier\u00a02026, afin de d\u00e9signer le futur ex\u00e9cutif.<\/p>\n<p class=\" wall-content\">Personnalisez votre actualit\u00e9 en ajoutant vos villes et m\u00e9dias en favori avec <a href=\"https:\/\/moncompte.actu.fr\" title=\"D\u00e9couvez Mon Actu\" rel=\"nofollow noopener\" data-trk=\"{&quot;cta&quot;:{&quot;action&quot;:&quot;https:\\\/\\\/moncompte.actu.fr&quot;,&quot;category&quot;:&quot;mon compte&quot;,&quot;from&quot;:&quot;article footer&quot;,&quot;name&quot;:&quot;Mon actu&quot;,&quot;type&quot;:&quot;cta&quot;}}\" target=\"_blank\">Mon Actu<\/a>.<\/p>\n","protected":false},"excerpt":{"rendered":"Par Margot Nicod\u00e8me Publi\u00e9 le 17 d\u00e9c. 2025 \u00e0 10h43 Damien Castelain a perdu la pr\u00e9sidence de la&hellip;\n","protected":false},"author":2,"featured_media":606660,"comment_status":"","ping_status":"","sticky":false,"template":"","format":"standard","meta":{"footnotes":""},"categories":[2815],"tags":[1111,11,1777,674,1011,27,811,303,1307,4863,12,316,25],"class_list":{"0":"post-606659","1":"post","2":"type-post","3":"status-publish","4":"format-standard","5":"has-post-thumbnail","7":"category-lille","8":"tag-actu","9":"tag-actualites","10":"tag-eu","11":"tag-europe","12":"tag-fr","13":"tag-france","14":"tag-hauts-de-france","15":"tag-justice","16":"tag-lille","17":"tag-metropole-europeenne-de-lille","18":"tag-news","19":"tag-politique","20":"tag-republique-francaise"},"share_on_mastodon":{"url":"https:\/\/pubeurope.com\/@fr\/115738513475431355","error":""},"_links":{"self":[{"href":"https:\/\/www.europesays.com\/fr\/wp-json\/wp\/v2\/posts\/606659","targetHints":{"allow":["GET"]}}],"collection":[{"href":"https:\/\/www.europesays.com\/fr\/wp-json\/wp\/v2\/posts"}],"about":[{"href":"https:\/\/www.europesays.com\/fr\/wp-json\/wp\/v2\/types\/post"}],"author":[{"embeddable":true,"href":"https:\/\/www.europesays.com\/fr\/wp-json\/wp\/v2\/users\/2"}],"replies":[{"embeddable":true,"href":"https:\/\/www.europesays.com\/fr\/wp-json\/wp\/v2\/comments?post=606659"}],"version-history":[{"count":0,"href":"https:\/\/www.europesays.com\/fr\/wp-json\/wp\/v2\/posts\/606659\/revisions"}],"wp:featuredmedia":[{"embeddable":true,"href":"https:\/\/www.europesays.com\/fr\/wp-json\/wp\/v2\/media\/606660"}],"wp:attachment":[{"href":"https:\/\/www.europesays.com\/fr\/wp-json\/wp\/v2\/media?parent=606659"}],"wp:term":[{"taxonomy":"category","embeddable":true,"href":"https:\/\/www.europesays.com\/fr\/wp-json\/wp\/v2\/categories?post=606659"},{"taxonomy":"post_tag","embeddable":true,"href":"https:\/\/www.europesays.com\/fr\/wp-json\/wp\/v2\/tags?post=606659"}],"curies":[{"name":"wp","href":"https:\/\/api.w.org\/{rel}","templated":true}]}}