{"id":606662,"date":"2025-12-18T03:46:20","date_gmt":"2025-12-18T03:46:20","guid":{"rendered":"https:\/\/www.europesays.com\/fr\/606662\/"},"modified":"2025-12-18T03:46:20","modified_gmt":"2025-12-18T03:46:20","slug":"en-un-mois-plus-de-300-coureuses-ont-adhere","status":"publish","type":"post","link":"https:\/\/www.europesays.com\/fr\/606662\/","title":{"rendered":"en un mois, plus de 300 coureuses ont adh\u00e9r\u00e9\u00a0!"},"content":{"rendered":"<p>                    Par<br \/>\n        <strong><br \/>\n            <a href=\"https:\/\/actu.fr\/auteur\/margot-nicodeme\" title=\"Consulter tous les articles de Margot Nicod\u00e8me\" target=\"_blank\" rel=\"noopener\">Margot Nicod\u00e8me<\/a><br \/>\n                    <\/strong><\/p>\n<p>        Publi\u00e9 le<\/p>\n<p>            17 d\u00e9c. 2025 \u00e0 10h56        <\/p>\n<p>Lo\u00efse, humblement, d\u00e9voile qu\u2019apr\u00e8s<b> la vague de messages qu\u2019elle a re\u00e7us<\/b>, elle \u00ab\u2009ne savai [t] pas vraiment quoi faire\u2009\u00bb. Un engouement inattendu suite \u00e0 l\u2019invitation lanc\u00e9e par <b>la jeune Lilloise sur le r\u00e9seau social TikTok<\/b>\u2009:<b> courir entre femmes<\/b> dans le <a href=\"https:\/\/actu.fr\/tag\/citadelle-de-lille\" target=\"_blank\" rel=\"noopener\">parc de la Citadelle<\/a>. Une initiative qu\u2019elle a partag\u00e9e \u00e0 sa communaut\u00e9 le 5\u00a0novembre 2025, et qui a <a href=\"https:\/\/www.tiktok.com\/@loise_trnck_\/video\/7569350085637573910\" target=\"_blank\" rel=\"noopener\">g\u00e9n\u00e9r\u00e9 plus de 1\u2009100 likes<\/a>. \u00ab\u2009Les filles de <a href=\"https:\/\/actu.fr\/hauts-de-france\/lille_59350\" target=\"_blank\" rel=\"noopener\">Lille<\/a>, est-ce que \u00e7a vous dit qu\u2019on coure ensemble\u2009? Est-ce qu\u2019on ne ferait pas un club, mais un petit club, o\u00f9 l\u2019on n\u2019est pas 40\u2009?\u2009\u00bb, interroge Lo\u00efse. Les \u00e9v\u00e9nements ont pris une tournure plut\u00f4t ironique, alors qu\u2019un mois et demi plus tard,<b> plus de 300 jeunes femmes ont adh\u00e9r\u00e9 \u00e0 l\u2019id\u00e9e<\/b>.<\/p>\n<blockquote class=\"tiktok-embed\" cite=\"https:\/\/www.tiktok.com\/@loise_trnck_\/video\/7583979620395912470\" data-video-id=\"7583979620395912470\" data-embed-from=\"oembed\" style=\"max-width:605px; min-width:325px;\"><p>\n<a target=\"_blank\" title=\"@loise_trnck_\" href=\"https:\/\/www.tiktok.com\/@loise_trnck_?refer=embed\" rel=\"noopener\">@loise_trnck_<\/a> <\/p>\n<p>SHE RUNS LILLE sur insta <a title=\"running\" target=\"_blank\" href=\"https:\/\/www.tiktok.com\/tag\/running?refer=embed\" rel=\"noopener\">#running<\/a> <a title=\"courir\" target=\"_blank\" href=\"https:\/\/www.tiktok.com\/tag\/courir?refer=embed\" rel=\"noopener\">#courir<\/a> <a title=\"run\" target=\"_blank\" href=\"https:\/\/www.tiktok.com\/tag\/run?refer=embed\" rel=\"noopener\">#run<\/a> <a title=\"club\" target=\"_blank\" href=\"https:\/\/www.tiktok.com\/tag\/club?refer=embed\" rel=\"noopener\">#club<\/a> <a title=\"lille\" target=\"_blank\" href=\"https:\/\/www.tiktok.com\/tag\/lille?refer=embed\" rel=\"noopener\">#lille<\/a> <\/p>\n<p> <a target=\"_blank\" title=\"\u266c son original - Lo\u00efse \ud83e\udea9\" href=\"https:\/\/www.tiktok.com\/music\/son-original-7583979630253329174?refer=embed\" rel=\"noopener\">\u266c son original \u2013 Lo\u00efse \ud83e\udea9<\/a> <\/p>\n<\/blockquote>\n<p>\u00ab\u2009Courir seule dans le parc, dans le noir\u2009\u00bb, c\u2019est non\u2009: Lo\u00efse a cr\u00e9\u00e9 un club de running 100\u2009% f\u00e9minin<\/p>\n<p class=\" wall-content\">Lo\u00efse, 23\u00a0ans, se r\u00e9jouit de ce succ\u00e8s. Elle est consciente d\u2019avoir r\u00e9pondu \u00e0 une demande. \u00ab\u2009J\u2019ai eu beaucoup de retours positifs, des femmes m\u2019ont remerci\u00e9e car elles attendaient \u00e7a sur Lille. Certaines \u00e9taient hyper contentes, <b>\u00e7a les a remotiv\u00e9es\u2009<\/b>!\u2009\u00bb Le \u00ab\u2009petit\u2009\u00bb club de running n\u2019a cess\u00e9 de grandir au fil des semaines, dans un contexte, en plus, particuli\u00e8rement anxiog\u00e8ne\u2009: le 23\u00a0novembre, <a href=\"https:\/\/actu.fr\/hauts-de-france\/lille_59350\/lille-quelques-jours-apres-le-viol-dune-coureuse-de-31-ans-dans-un-parc-public-un-homme-de-25-ans-ecroue_63541384.html\" target=\"_blank\" rel=\"noopener\">une joggeuse subissait un viol au Jardin des plantes<\/a>. Lo\u00efse elle-m\u00eame admet n\u2019avoir pas \u00e9t\u00e9 rassur\u00e9e de \u00ab\u2009courir seule dans le parc, dans le noir\u2009\u00bb, apr\u00e8s son emm\u00e9nagement dans le Vieux-Lille en octobre.<\/p>\n<blockquote class=\"tiktok-embed\" cite=\"https:\/\/www.tiktok.com\/@loise_trnck_\/video\/7572317297612721430\" data-video-id=\"7572317297612721430\" data-embed-from=\"oembed\" style=\"max-width:605px; min-width:325px;\"><p>\n<a target=\"_blank\" title=\"@loise_trnck_\" href=\"https:\/\/www.tiktok.com\/@loise_trnck_?refer=embed\" rel=\"noopener\">@loise_trnck_<\/a> <\/p>\n<p>Rejoins le club ! Rdv sur l\u2019autre r\u00e9seau <a title=\"club\" target=\"_blank\" href=\"https:\/\/www.tiktok.com\/tag\/club?refer=embed\" rel=\"noopener\">#club<\/a> <a title=\"runningclub\" target=\"_blank\" href=\"https:\/\/www.tiktok.com\/tag\/runningclub?refer=embed\" rel=\"noopener\">#runningclub<\/a> <a title=\"girls\" target=\"_blank\" href=\"https:\/\/www.tiktok.com\/tag\/girls?refer=embed\" rel=\"noopener\">#girls<\/a> <a title=\"lille\" target=\"_blank\" href=\"https:\/\/www.tiktok.com\/tag\/lille?refer=embed\" rel=\"noopener\">#lille<\/a> <\/p>\n<p> <a target=\"_blank\" title=\"\u266c I Run (feat. Kaitlin Aragon) - HAVEN. &amp; Kaitlin Aragon\" href=\"https:\/\/www.tiktok.com\/music\/I-Run-feat-Kaitlin-Aragon-7560386038545189654?refer=embed\" rel=\"noopener\">\u266c I Run (feat. Kaitlin Aragon) \u2013 HAVEN. &amp; Kaitlin Aragon<\/a> <\/p>\n<\/blockquote>\n<p class=\" wall-content\">\u00ab\u2009Ma probl\u00e9matique, c\u2019est qu\u2019avec mes horaires de travail, je devais forc\u00e9ment aller forc\u00e9ment courir le soir.\u2009\u00bb Pour autant, Lo\u00efse ne veut pas casser sa routine bien \u00e9tablie depuis ao\u00fbt, avec deux \u00e0 trois courses par semaine. Alors elle rejoint un premier club de running dans la Citadelle, \u00ab\u2009mais il y avait beaucoup d\u2019hommes et de personnes plus \u00e2g\u00e9es. Donc avec une copine, on a fini par aller courir \u00e0 deux\u2009\u00bb. Les deux amies voient tout de suite<b> l\u2019int\u00e9r\u00eat d\u2019ouvrir \u00e0 d\u2019autres femmes ces s\u00e9ances de sport collectives<\/b>.<\/p>\n<p class=\" wall-content\">L\u2019appel est lanc\u00e9 sur TikTok donc, et la r\u00e9ponse est imm\u00e9diate. En \u00e0 peine trois jours, quelque 100 femmes ont rejoint le groupe Whatsapp cr\u00e9\u00e9 pour l\u2019occasion. La premi\u00e8re sortie est fix\u00e9e un soir \u00e0 19\u2009h\u200930, \u00ab\u2009mais il faisait tr\u00e8s moche, on s\u2019est retrouv\u00e9es \u00e0 quatre\u2009\u00bb. Ensemble, les joggeuses lilloises ont toutefois pu parler de l\u2019organisation \u00e0 venir. D\u00e9sormais, <b>le planning des sorties de 5\u00a0km<\/b> \u2013 au moins deux par semaine \u2013 est indiqu\u00e9 \u00e0 l\u2019avance dans le groupe de conversation.<\/p>\n<p>Jusqu\u2019\u00e0 une vingtaine de coureuses rassembl\u00e9es sur une course<\/p>\n<p class=\" wall-content\">Les rassemblements ont pris de l\u2019ampleur, jusqu\u2019\u00e0 atteindre <b>la vingtaine de coureuses<\/b> sur une sortie. Avec d\u00e9sormais plus de 300 participantes sur Whatsapp, nul doute que le groupe ne cessera de s\u2019\u00e9toffer les soirs d\u2019hiver. Et Lo\u00efse compte bien faire perdurer l\u2019enthousiasme g\u00e9n\u00e9ral jusqu\u2019\u00e0 la belle saison, \u00e0 l\u2019heure o\u00f9 les fins de journ\u00e9es seront \u00e0 nouveau lumineuses.<\/p>\n<p>Votre r\u00e9gion, votre actu !<\/p>\n<p>Recevez chaque jour les infos qui comptent pour vous.<\/p>\n<p>\t<a href=\"https:\/\/actu.fr\/newsletter\" class=\"ac-btn ac-btn--corner ac-btn--medium ac-btn--blue800\" target=\"_blank\" rel=\"noopener\">S&rsquo;incrire<\/a><\/p>\n<p class=\" wall-content\">La jeune femme tient \u00e0 pr\u00e9ciser que<b> l\u2019activit\u00e9 est ouverte \u00e0 toutes<\/b>, <b>peu importe le niveau<\/b>. \u00ab\u2009Il y a eu des sorties o\u00f9 l\u2019on \u00e9tait toutes au m\u00eame niveau, et d\u2019autres o\u00f9 le groupe se divisait quelque peu.\u2009\u00bb Mais sur une sortie de 5\u00a0km, la probabilit\u00e9 de se perdre les unes les autres est tr\u00e8s limit\u00e9e.<\/p>\n<p class=\" wall-content\">Au-del\u00e0 de l\u2019aspect s\u00e9curitaire, le club de running 100\u2009% f\u00e9minin de Lo\u00efse permet de \u00ab\u2009se faire des copines\u2009\u00bb et de \u00ab\u2009passer un bon moment\u2009\u00bb. \u00ab\u2009Il y a eu une fois o\u00f9 l\u2019on est all\u00e9es boire un verre apr\u00e8s. Mais avec le retour du froid, on a plut\u00f4t envie de rentrer chez soi\u2009\u00bb, sourit-elle. Il y a fort \u00e0 parier que ce moment convivial post-effort devrait reprendre tout son sens \u00e0 l\u2019arriv\u00e9e du printemps.<\/p>\n<p class=\" wall-content\">Personnalisez votre actualit\u00e9 en ajoutant vos villes et m\u00e9dias en favori avec <a href=\"https:\/\/moncompte.actu.fr\" title=\"D\u00e9couvez Mon Actu\" rel=\"nofollow noopener\" data-trk=\"{&quot;cta&quot;:{&quot;action&quot;:&quot;https:\\\/\\\/moncompte.actu.fr&quot;,&quot;category&quot;:&quot;mon compte&quot;,&quot;from&quot;:&quot;article footer&quot;,&quot;name&quot;:&quot;Mon actu&quot;,&quot;type&quot;:&quot;cta&quot;}}\" target=\"_blank\">Mon Actu<\/a>.<\/p>\n<p>                    <script async src=\"\/\/www.tiktok.com\/embed.js\"><\/script><\/p>\n","protected":false},"excerpt":{"rendered":"Par Margot Nicod\u00e8me Publi\u00e9 le 17 d\u00e9c. 2025 \u00e0 10h56 Lo\u00efse, humblement, d\u00e9voile qu\u2019apr\u00e8s la vague de messages&hellip;\n","protected":false},"author":2,"featured_media":606663,"comment_status":"","ping_status":"","sticky":false,"template":"","format":"standard","meta":{"footnotes":""},"categories":[2815],"tags":[1111,11,19408,1777,674,1011,27,811,1307,12,25,104,517],"class_list":{"0":"post-606662","1":"post","2":"type-post","3":"status-publish","4":"format-standard","5":"has-post-thumbnail","7":"category-lille","8":"tag-actu","9":"tag-actualites","10":"tag-citadelle-de-lille","11":"tag-eu","12":"tag-europe","13":"tag-fr","14":"tag-france","15":"tag-hauts-de-france","16":"tag-lille","17":"tag-news","18":"tag-republique-francaise","19":"tag-societe","20":"tag-sport"},"share_on_mastodon":{"url":"https:\/\/pubeurope.com\/@fr\/115738521333102981","error":""},"_links":{"self":[{"href":"https:\/\/www.europesays.com\/fr\/wp-json\/wp\/v2\/posts\/606662","targetHints":{"allow":["GET"]}}],"collection":[{"href":"https:\/\/www.europesays.com\/fr\/wp-json\/wp\/v2\/posts"}],"about":[{"href":"https:\/\/www.europesays.com\/fr\/wp-json\/wp\/v2\/types\/post"}],"author":[{"embeddable":true,"href":"https:\/\/www.europesays.com\/fr\/wp-json\/wp\/v2\/users\/2"}],"replies":[{"embeddable":true,"href":"https:\/\/www.europesays.com\/fr\/wp-json\/wp\/v2\/comments?post=606662"}],"version-history":[{"count":0,"href":"https:\/\/www.europesays.com\/fr\/wp-json\/wp\/v2\/posts\/606662\/revisions"}],"wp:featuredmedia":[{"embeddable":true,"href":"https:\/\/www.europesays.com\/fr\/wp-json\/wp\/v2\/media\/606663"}],"wp:attachment":[{"href":"https:\/\/www.europesays.com\/fr\/wp-json\/wp\/v2\/media?parent=606662"}],"wp:term":[{"taxonomy":"category","embeddable":true,"href":"https:\/\/www.europesays.com\/fr\/wp-json\/wp\/v2\/categories?post=606662"},{"taxonomy":"post_tag","embeddable":true,"href":"https:\/\/www.europesays.com\/fr\/wp-json\/wp\/v2\/tags?post=606662"}],"curies":[{"name":"wp","href":"https:\/\/api.w.org\/{rel}","templated":true}]}}